{"id":338890,"date":"2026-09-01T15:57:07","date_gmt":"2026-09-01T15:57:07","guid":{"rendered":"https:\/\/www.europesays.com\/fi\/338890\/"},"modified":"2026-09-01T15:57:07","modified_gmt":"2026-09-01T15:57:07","slug":"mika-tommola-aviokriisissa-uusi-kaanne","status":"publish","type":"post","link":"https:\/\/www.europesays.com\/fi\/338890\/","title":{"rendered":"Mika Tommola: Aviokriisiss\u00e4 uusi k\u00e4\u00e4nne"},"content":{"rendered":"<p>\n            Mika Tommola Mannerheimin Lastensuojelu Liiton Muotin\u00e4yt\u00f6ksess\u00e4 Bank 2019-05-16<br \/>\n            Pasi Murto\n        <\/p>\n<p class=\"subtitle \">MTV Uutisten kevennysmiehen\u00e4 tunnetun toimittajan avioliitto on ollut myrskyis\u00e4.<\/p>\n<p class=\"article-content article-content-width !bg-background\"> , 65, ja h\u00e4nen vaimonsa eiv\u00e4t olekaan eroamassa.<\/p>\n<p class=\"font-weight-bold m-font-weight-bold article-content article-content-width !bg-background\">Video: N\u00e4m\u00e4 julkkisparit erosivat vuona 2025:<\/p>\n<p class=\"article-content article-content-width !bg-background\">Seiskan uutisoi viime vuonna Mikan vaimon hakeneen avioeroa per\u00e4ti viidett\u00e4 kertaa. H\u00e4n j\u00e4tti eropaperit hein\u00e4kuussa 2025.<\/p>\n<p class=\"article-content article-content-width !bg-background\">Nyt Helsingin k\u00e4r\u00e4j\u00e4oikeus on tehnyt asiassa sillens\u00e4j\u00e4tt\u00e4misp\u00e4\u00e4t\u00f6ksen, sill\u00e4 avioeron toisen vaiheen hakemusta ei ole j\u00e4tetty m\u00e4\u00e4r\u00e4p\u00e4iv\u00e4\u00e4n 17.8.2026 menness\u00e4.<\/p>\n<p class=\"article-content article-content-width !bg-background\">N\u00e4in ollen Mika ja h\u00e4nen vaimonsa ei ole tuomittu avioeroon.<\/p>\n<p class=\"article-content article-content-width !bg-background\">Seiska ei tavoittanut Mikaa kommentoimaan asiaa.<\/p>\n<p>        <a itemprop=\"url\" href=\"https:\/\/www.seiska.fi\/kotimaa\/avioerosaagassa-rypeva-mika-tommola-pois-ruudusta\/2013694\" rel=\"nofollow noopener\" target=\"_blank\"><\/p>\n<p>\nMika Tommola\n<\/p>\n<p class=\"section-date\">\n        <strong class=\"article-section\" data-section=\"kotimaa\"><br \/>\n            kotimaa<br \/>\n        <\/strong><br \/>\n        6.12.2025 15:00\n    <\/p>\n<p>Avioerosaagassa rypev\u00e4 Mika Tommola pois ruudusta!\n    <\/p>\n<p itemprop=\"description\" class=\"subtitle \">\n    Mika Tommola kertoo ty\u00f6el\u00e4m\u00e4ns\u00e4 muutoksesta sometilill\u00e4\u00e4n.\n<\/p>\n<p>        <\/a><\/p>\n<p class=\"article-content article-content-width !bg-background\">Mikan vaimo on aikaisemminkin avioeroa Mikasta vuonna 2023,\u00a02022, 2012 sek\u00e4 2008.<\/p>\n<p class=\"article-content article-content-width !bg-background\">Avioerohakemuksissa toistuu sama kaava; vaimo hakee eroa, mutta toista vaiheen hakemusta ei toimiteta, eli asia j\u00e4tet\u00e4\u00e4n sillens\u00e4 ja ero peruuntuu.<\/p>\n<p class=\"article-content article-content-width !bg-background\">MTV Uutisten kevennysmiehen\u00e4 tunnettu toimittaja ilmoitti viime joulukuussa j\u00e4\u00e4v\u00e4ns\u00e4 el\u00e4kkeelle.<\/p>\n<p>                <img decoding=\"async\" src=\"https:\/\/www.europesays.com\/fi\/wp-content\/uploads\/2026\/09\/1444901.webp\" width=\"576\" height=\"274\" alt=\"Arkistokuva Mika Tommolasta vuodelta 2024. Seiska paljasti Mikan rikosep\u00e4ilyn ja tavoitti miehen kommentoimaan asiaa.\" loading=\"lazy\" \/>            <\/p>\n<p>\n            Arkistokuva Mika Tommolasta vuodelta 2024. Seiska paljasti Mikan rikosep\u00e4ilyn ja tavoitti miehen kommentoimaan asiaa.<br \/>\n            Panu H\u00f6rkk\u00f6\n        <\/p>\n<p>Myrskyis\u00e4 avioliitto<\/p>\n<p class=\"article-content article-content-width !bg-background\">Seiska on aiemmin kertonut, ett\u00e4 Mikan ja h\u00e4nen vaimonsa erokohuun on aiemmin liittynyt my\u00f6s avioliiton ulkopuolinen suhde.<\/p>\n<p class=\"article-content article-content-width !bg-background\">Mikalla on ollut itse\u00e4\u00e4n nuorempi salarakas, josta Seiskan tiedon mukaan vaimokin on ollut tietoinen.<\/p>\n<p>        <a itemprop=\"url\" href=\"https:\/\/www.seiska.fi\/vain-seiskassa\/paparazzikuvat-seiska-loysi-erosaagassa-rypevan-mika-tommolan-talta-kohuttu-tv-tahti-nayttaa-nykyaan\/1918876\" rel=\"nofollow noopener\" target=\"_blank\"><\/p>\n<p>\nPaparazzikuvat!\n<\/p>\n<p class=\"section-date\">\n        <strong class=\"article-section\" data-section=\"vain seiskassa\"><br \/>\n            vain seiskassa<br \/>\n        <\/strong><br \/>\n        4.9.2025 07:00\n    <\/p>\n<p>Paparazzikuvat! Seiska l\u00f6ysi erosaagassa rypev\u00e4n Mika Tommolan \u2013 t\u00e4lt\u00e4 kohuttu tv-t\u00e4hti n\u00e4ytt\u00e4\u00e4 nyky\u00e4\u00e4n\n    <\/p>\n<p itemprop=\"description\" class=\"subtitle \">\n    Mika k\u00e4veli huomaamattaan toisen julkun ohi, mutta ei tunnistanut t\u00e4t\u00e4.\n<\/p>\n<p>        <\/a><\/p>\n<p class=\"article-content article-content-width !bg-background\">Salarakas ei ole Mikan ensimm\u00e4inen. Kun Mika ja vaimo ensimm\u00e4ist\u00e4 kertaa pohtivat eroaan vuonna 2012, oli Mikalla tuolloinkin toinen nainen.<\/p>\n<p>Pahoinpitelykohu<\/p>\n<p class=\"article-content article-content-width !bg-background\">Mika ja h\u00e4nen vaimonsa tuomittiin vuonna 2024 rikoksista Helsingin k\u00e4r\u00e4j\u00e4oikeudessa.<\/p>\n<p class=\"article-content article-content-width !bg-background\">Rikokset tapahtuivat marraskuussa 2022 ja syyskuussa 2023.<\/p>\n<p class=\"article-content article-content-width !bg-background\">Sek\u00e4 Mika ett\u00e4 h\u00e4nen vaimonsa my\u00f6nsiv\u00e4t syyllisyytens\u00e4. Oikeus k\u00e4sitteli asian kirjallisessa menettelyss\u00e4 eli ilman oikeudenk\u00e4ynti\u00e4.<\/p>\n<p>        <a itemprop=\"url\" href=\"https:\/\/www.seiska.fi\/rikos\/nain-mika-tommola-pahoinpiteli-vaimoaan-avokammenella-kasvoihin-kaatoi-kirjahyllyn\/1486527\" rel=\"nofollow noopener\" target=\"_blank\"><\/p>\n<p class=\"section-date\">\n        <strong class=\"article-section\" data-section=\"rikos\"><br \/>\n            rikos<br \/>\n        <\/strong><br \/>\n        11.10.2024 19:00\n    <\/p>\n<p>N\u00e4in Mika Tommola pahoinpiteli vaimoaan: Avok\u00e4mmenell\u00e4 kasvoihin, kaatoi kirjahyllyn\u2026\n    <\/p>\n<p itemprop=\"description\" class=\"subtitle \">\n    Tuore pahoinpitelytuomio antaa kokonaan toisen kuvan leppoisana pidetyst\u00e4 Maikkarin loppukevennysmiehest\u00e4.\n<\/p>\n<p>        <\/a><\/p>\n<p class=\"article-content article-content-width !bg-background\">Mika tuomittiin kahdesta pahoinpitelyst\u00e4, ja uhrina oli h\u00e4nen vaimonsa. Mies sai rikoksista 60 p\u00e4iv\u00e4sakkoa.<\/p>\n<p class=\"article-content article-content-width !bg-background\">My\u00f6s vaimo tuomittiin kahdesta pahoinpitelyst\u00e4. Rikokset olivat kohdistuneet Mikaan. Vaimo sai rikoksista 40 p\u00e4iv\u00e4sakkoa.<\/p>\n<p class=\"article-content article-content-width !bg-background\">Tuomio on lainvoimainen.<\/p>\n","protected":false},"excerpt":{"rendered":"Mika Tommola Mannerheimin Lastensuojelu Liiton Muotin\u00e4yt\u00f6ksess\u00e4 Bank 2019-05-16 Pasi Murto MTV Uutisten kevennysmiehen\u00e4 tunnetun toimittajan avioliitto on ollut&hellip;\n","protected":false},"author":2,"featured_media":338891,"comment_status":"","ping_status":"","sticky":false,"template":"","format":"standard","meta":{"footnotes":"","_share_on_mastodon":"0"},"categories":[130],"tags":[2759,6138,1075,137,41859,33,31,30,6139,651,32,7587,109],"class_list":["post-338890","post","type-post","status-publish","format-standard","has-post-thumbnail","category-viihde","tag-avioero","tag-avioerohakemus","tag-avioliitto","tag-entertainment","tag-ero-peruttu","tag-fi","tag-finland","tag-finnish","tag-mika-tommola","tag-suhteet","tag-suomi","tag-toimittaja","tag-viihde"],"share_on_mastodon":{"url":"https:\/\/pubeurope.com\/@fi\/117196610021212416","error":""},"_links":{"self":[{"href":"https:\/\/www.europesays.com\/fi\/wp-json\/wp\/v2\/posts\/338890","targetHints":{"allow":["GET"]}}],"collection":[{"href":"https:\/\/www.europesays.com\/fi\/wp-json\/wp\/v2\/posts"}],"about":[{"href":"https:\/\/www.europesays.com\/fi\/wp-json\/wp\/v2\/types\/post"}],"author":[{"embeddable":true,"href":"https:\/\/www.europesays.com\/fi\/wp-json\/wp\/v2\/users\/2"}],"replies":[{"embeddable":true,"href":"https:\/\/www.europesays.com\/fi\/wp-json\/wp\/v2\/comments?post=338890"}],"version-history":[{"count":0,"href":"https:\/\/www.europesays.com\/fi\/wp-json\/wp\/v2\/posts\/338890\/revisions"}],"wp:featuredmedia":[{"embeddable":true,"href":"https:\/\/www.europesays.com\/fi\/wp-json\/wp\/v2\/media\/338891"}],"wp:attachment":[{"href":"https:\/\/www.europesays.com\/fi\/wp-json\/wp\/v2\/media?parent=338890"}],"wp:term":[{"taxonomy":"category","embeddable":true,"href":"https:\/\/www.europesays.com\/fi\/wp-json\/wp\/v2\/categories?post=338890"},{"taxonomy":"post_tag","embeddable":true,"href":"https:\/\/www.europesays.com\/fi\/wp-json\/wp\/v2\/tags?post=338890"}],"curies":[{"name":"wp","href":"https:\/\/api.w.org\/{rel}","templated":true}]}}