{"id":338898,"date":"2026-09-01T16:03:18","date_gmt":"2026-09-01T16:03:18","guid":{"rendered":"https:\/\/www.europesays.com\/fi\/338898\/"},"modified":"2026-09-01T16:03:18","modified_gmt":"2026-09-01T16:03:18","slug":"jokereiden-paavalmentaja-tomek-valtonen-tekee-itsestaan-erikoisen-paljastuksen","status":"publish","type":"post","link":"https:\/\/www.europesays.com\/fi\/338898\/","title":{"rendered":"Jokereiden p\u00e4\u00e4valmentaja Tomek Valtonen tekee itsest\u00e4\u00e4n erikoisen paljastuksen"},"content":{"rendered":"<p>            Tomi Natri \/ All Over Press\n        <\/p>\n<p class=\"subtitle \">\u2013 Kyll\u00e4 se pit\u00e4\u00e4 paikkansa, Tomasz &#8221;Tomek&#8221; Valtonen vahvistaa Seiskalle.<\/p>\n<p class=\"article-content article-content-width !bg-background\">SM-liigan superkaudesta tuskin puhuttaisiin superkautena, ellei Helsingin Jokerit olisi leikiss\u00e4 mukana.<\/p>\n<p class=\"font-weight-bold m-font-weight-bold article-content article-content-width !bg-background\">Videolla Jokereiden Tomek Valtonen:<\/p>\n<p class=\"article-content article-content-width !bg-background\">Panokset ovat tapissa, kun Jokerit palaa SM-liigaan 12 vuoden tauon j\u00e4lkeen.<\/p>\n<p class=\"article-content article-content-width !bg-background\">Pelin henki on harvinaisen tyly: runkosarjan kolme viimeist\u00e4 joukkuetta putoaa ensi kaudeksi B-liigaan.<\/p>\n<p class=\"article-content article-content-width !bg-background\">Vuosikausien KHL-harharetkelt\u00e4\u00e4n palanneen ja Mestiksest\u00e4 ponnistaneen Jokerien pit\u00e4isi olla kuivilla, ainakin budjetin puolesta.<\/p>\n<p>        <a itemprop=\"url\" href=\"https:\/\/www.seiska.fi\/urheilu\/olli-jokinen-lateli-melkoista-tekstia-helsingin-arvohotellissa-hammastyttiin\/2247311\" rel=\"nofollow noopener\" target=\"_blank\"><\/p>\n<p>\nLateli melkoista teksti\u00e4\n<\/p>\n<p class=\"section-date\">\n        <strong class=\"article-section\" data-section=\"urheilu\"><br \/>\n            urheilu<br \/>\n        <\/strong><br \/>\n        30.8. 18:00\n    <\/p>\n<p>Olli Jokinen lateli melkoista teksti\u00e4 \u2013 Helsingin arvohotellissa h\u00e4mm\u00e4styttiin\n    <\/p>\n<p itemprop=\"description\" class=\"subtitle \">\n    HIFK:n p\u00e4\u00e4valmentaja pelaa kovilla panoksilla.\n<\/p>\n<p>        <\/a><\/p>\n<p>                <img decoding=\"async\" src=\"https:\/\/www.europesays.com\/fi\/wp-content\/uploads\/2026\/09\/2249458.webp\" width=\"576\" height=\"639\" alt=\"Tomek Valtonen on Jokereiden p\u00e4\u00e4valmentaja.\" loading=\"lazy\" \/>            <\/p>\n<p>\n            Tomek Valtonen on Jokereiden p\u00e4\u00e4valmentaja.<br \/>\n            Eetu Ampuja\n        <\/p>\n<p>Hirmuinen miljoonamiehist\u00f6<\/p>\n<p class=\"article-content article-content-width !bg-background\">Jokerit palaa SM-liigaan karmit kaulassa. Se potkaisee saluunanovet heti sis\u00e4\u00e4n.<\/p>\n<p class=\"article-content article-content-width !bg-background\">Narripakka rellest\u00e4\u00e4 liigan kolmanneksi kovimmalla pelaajabudjetilla. Nimimiehiin on hassattu l\u00e4hes 4 miljoonaa euroa.<\/p>\n<p class=\"article-content article-content-width !bg-background\">\u2013 Mielest\u00e4ni meill\u00e4 on hyv\u00e4 ja tasapainoinen joukkue, joka on hyvin roolitettu, p\u00e4\u00e4valmentaja , 46, myh\u00e4ilee Seiskalle.<\/p>\n<p class=\"article-content article-content-width !bg-background\">\u2013 Kyll\u00e4 me ollaan tosi tyytyv\u00e4isi\u00e4.<\/p>\n<p>        <a itemprop=\"url\" href=\"https:\/\/www.seiska.fi\/urheilu\/sami-kapasta-53-ei-ole-tunnistaa-mieleton-muodonmuutos\/2244999\" rel=\"nofollow noopener\" target=\"_blank\"><\/p>\n<p>\nSami Kapasta, 53, ei ole tunnistaa\n<\/p>\n<p class=\"section-date\">\n        <strong class=\"article-section\" data-section=\"urheilu\"><br \/>\n            urheilu<br \/>\n        <\/strong><br \/>\n        30.8. 08:00\n    <\/p>\n<p>Sami Kapasta, 53, ei ole tunnistaa \u2013 mielet\u00f6n muodonmuutos!\n    <\/p>\n<p itemprop=\"description\" class=\"subtitle \">\n    Lahden Pelicansin p\u00e4\u00e4valmentaja luottaa uuteen, r\u00e4yh\u00e4kk\u00e4\u00e4n tyyliin.\n<\/p>\n<p>        <\/a><\/p>\n<p>                <img decoding=\"async\" src=\"https:\/\/www.europesays.com\/fi\/wp-content\/uploads\/2026\/09\/2249462.webp\" width=\"576\" height=\"639\" alt=\"Patrick Curry lukeutuu Liigan kovimpiin hankintoihin. H\u00e4net Jokerit kaappasi KalPasta.\" loading=\"lazy\" \/>            <\/p>\n<p>\n            Patrick Curry lukeutuu Liigan kovimpiin hankintoihin. H\u00e4net Jokerit kaappasi KalPasta.<\/p>\n<p>Housut kinttuun SaiPalta<\/p>\n<p class=\"article-content article-content-width !bg-background\">Liigajoukkuettaan kovalla k\u00e4dell\u00e4 ja isolla rahalla rakentanut Jokerit ei ole antanut tippaakaan armoa kilpailijoilleen.<\/p>\n<p class=\"article-content article-content-width !bg-background\">Se imuroi esimerkiksi SaiPasta kokonaisen kent\u00e4llisen lappeenrantalaisten parhaita pelimiehi\u00e4.<\/p>\n<p>\n            T\u00e4llaista t\u00e4m\u00e4 l\u00e4tk\u00e4bisnes valitettavasti on.\n            <\/p>\n<p class=\"article-content article-content-width !bg-background\">Helsinkiin houkutellut ,  ja  paukuttivat viime kaudella yhteens\u00e4 hurjat 164 tehopistett\u00e4.<\/p>\n<p class=\"article-content article-content-width !bg-background\">\u2013 Niin. T\u00e4llaista t\u00e4m\u00e4 l\u00e4tk\u00e4bisnes valitettavasti on, Tomek tuumii Seiskalle leve\u00e4sti hymyillen.<\/p>\n<p>        <a itemprop=\"url\" href=\"https:\/\/www.seiska.fi\/urheilu\/raimo-helmiselta-kasittamaton-paljastus-kesanvietostaan\/2247061\" rel=\"nofollow noopener\" target=\"_blank\"><\/p>\n<p>\nMit\u00e4 ihmett\u00e4, Raipe?\n<\/p>\n<p class=\"section-date\">\n        <strong class=\"article-section\" data-section=\"urheilu\"><br \/>\n            urheilu<br \/>\n        <\/strong><br \/>\n        30.8. 13:00\n    <\/p>\n<p>Raimo Helmiselt\u00e4 k\u00e4sitt\u00e4m\u00e4t\u00f6n paljastus kes\u00e4nvietostaan\n    <\/p>\n<p itemprop=\"description\" class=\"subtitle \">\n    Raipe vetelehti koko kes\u00e4n, mutta ehti silti voittaa maailmanmestaruuden.\n<\/p>\n<p>        <\/a><\/p>\n<p>                <img decoding=\"async\" src=\"https:\/\/www.europesays.com\/fi\/wp-content\/uploads\/2026\/09\/2249456.webp\" width=\"576\" height=\"644\" alt=\"Megahankinta Maxime Fortier (kesk.) paukutti kammotehot viime kaudella SaiPassa.\" loading=\"lazy\" \/>            <\/p>\n<p>\n            Megahankinta Maxime Fortier (kesk.) paukutti kammotehot viime kaudella SaiPassa.<br \/>\n            Tero Turunen \/ All Over Press\n        <\/p>\n<p>Rauhoittunut tulisielu?<\/p>\n<p class=\"article-content article-content-width !bg-background\">L\u00e4tk\u00e4piireiss\u00e4 Tomek tunnetaan tulisieluisena tapauksena. H\u00e4n on rauhoittunut pelaajavuosistaan, jolloin k\u00e4vi kovilla kierroksilla.<\/p>\n<p class=\"article-content article-content-width !bg-background\">Mutta ei Tomek edelleenk\u00e4\u00e4n mik\u00e4\u00e4n pyh\u00e4koulupoika ole. Valtonen on ollut urallaan useissa kohuissa mukana.<\/p>\n<p>\n            Keskityn vain omaan ty\u00f6h\u00f6ni.\n            <\/p>\n<p class=\"article-content article-content-width !bg-background\">\u2013 Minulle on tullut enemm\u00e4n ik\u00e4\u00e4 ja el\u00e4m\u00e4nkokemusta. K\u00e4rsiv\u00e4llisyytt\u00e4 ja rauhallisuuttakin, h\u00e4n kuvailee itse\u00e4\u00e4n.<\/p>\n<p class=\"article-content article-content-width !bg-background\">\u2013 Olen oppinut, ett\u00e4 pystyn vaikuttamaan vain tiettyihin asioihin. Muut hoitavat ne muut asiat. Keskityn vain omaan ty\u00f6h\u00f6ni.<\/p>\n<p>        <a itemprop=\"url\" href=\"https:\/\/www.seiska.fi\/urheilu\/miljonaari-kari-jaloselta-66-paljastus-matkusti-pummilla\/2247211\" rel=\"nofollow noopener\" target=\"_blank\"><\/p>\n<p>\nMiljon\u00e4\u00e4ri Kari Jalonen rehellisen\u00e4\n<\/p>\n<p class=\"section-date\">\n        <strong class=\"article-section\" data-section=\"urheilu\"><br \/>\n            urheilu<br \/>\n        <\/strong><br \/>\n        30.8. 16:00\n    <\/p>\n<p>Miljon\u00e4\u00e4ri Kari Jaloselta, 66, paljastus: Matkusti pummilla!\n    <\/p>\n<p itemprop=\"description\" class=\"subtitle \">\n    Miljoonatilin tehnyt valmentajavelho ajaa Mersulla ja sijoittaa varojaan viisaasti.\n<\/p>\n<p>        <\/a><\/p>\n<p>                <img decoding=\"async\" src=\"https:\/\/www.europesays.com\/fi\/wp-content\/uploads\/2026\/09\/2249460.webp\" width=\"576\" height=\"639\" alt=\"Tomek Valtonen vannoo rauhoittuneensa.\" loading=\"lazy\" \/>            <\/p>\n<p>\n            Tomek Valtonen vannoo rauhoittuneensa.<br \/>\n            Eetu Ampuja\n        <\/p>\n<p>Puhuu nelj\u00e4\u00e4 kielt\u00e4<\/p>\n<p class=\"article-content article-content-width !bg-background\">Tomekina tunnettu Valtonen on oikealta nimelt\u00e4\u00e4n . H\u00e4n on syntynyt Puolan Piotrk\u00f3w Trybunalskissa.<\/p>\n<p class=\"article-content article-content-width !bg-background\">Puolalaisen \u00e4idin ja suomalaisen is\u00e4n poika varttui Kiteell\u00e4 ja kasvoi mieheksi Joensuussa. H\u00e4n puhuu sujuvasti puolaa.<\/p>\n<p>\n            En ollut Suomessa juuri ollenkaan.\n            <\/p>\n<p class=\"article-content article-content-width !bg-background\">\u2013 Kyll\u00e4 se pit\u00e4\u00e4 paikkansa. Itse asiassa puhun my\u00f6s slovakiaa suomen, englannin ja puolan lis\u00e4ksi, Tomek paljastaa.<\/p>\n<p class=\"article-content article-content-width !bg-background\">Puolalla ja Slovakialla on erityinen paikka Valtosen syd\u00e4mess\u00e4. H\u00e4n vietti maissa l\u00e4hes koko kes\u00e4ns\u00e4.<\/p>\n<p class=\"article-content article-content-width !bg-background\">\u2013 En ollut Suomessa juuri ollenkaan.<\/p>\n<p class=\"article-content article-content-width !bg-background\">Jokerit aloittaa liigakautensa Vaasan Sportin vieraana.<\/p>\n<p>        <a itemprop=\"url\" href=\"https:\/\/www.seiska.fi\/urheilu\/sami-kapanen-teki-kasperi-pojastaan-erikoisen-havainnon-kaytos-muuttui\/2245238\" rel=\"nofollow noopener\" target=\"_blank\"><\/p>\n<p>\nSami Kapanen paljastaa\n<\/p>\n<p class=\"section-date\">\n        <strong class=\"article-section\" data-section=\"urheilu\"><br \/>\n            urheilu<br \/>\n        <\/strong><br \/>\n        29.8. 09:00\n    <\/p>\n<p>Sami Kapanen teki Kasperi-pojastaan erikoisen havainnon \u2013 k\u00e4yt\u00f6s muuttui\n    <\/p>\n<p itemprop=\"description\" class=\"subtitle \">\n    Lahden Pelicansin p\u00e4\u00e4valmentaja puhuu suunsa puhtaaksi Seiskalle.\n<\/p>\n<p>        <\/a><\/p>\n<p>        Liigan pelaajabudjetit 2026\u201327:<\/p>\n<p><a href=\"https:\/\/www.seiska.fi\/haku?q=HIFK\" rel=\"nofollow noopener\" target=\"_blank\">HIFK<\/a>\u00a04,00 miljoonaa euroa<\/p>\n<p><a href=\"https:\/\/www.seiska.fi\/haku?q=K%C3%A4rp%C3%A4t\" rel=\"nofollow noopener\" target=\"_blank\">K\u00e4rp\u00e4t<\/a>\u00a03,90 miljoonaa<\/p>\n<p><a href=\"https:\/\/www.seiska.fi\/haku?q=Jokerit\" rel=\"nofollow noopener\" target=\"_blank\">Jokerit<\/a>\u00a03,74 miljoonaa<\/p>\n<p><a href=\"https:\/\/www.seiska.fi\/haku?q=Tappara\" rel=\"nofollow noopener\" target=\"_blank\">Tappara<\/a>\u00a03,72\u00a0miljoonaa<\/p>\n<p><a href=\"https:\/\/www.seiska.fi\/haku?q=Lukko\" rel=\"nofollow noopener\" target=\"_blank\">Lukko<\/a>\u00a03,65 miljoonaa<\/p>\n<p><a href=\"https:\/\/www.seiska.fi\/haku?q=Ilves\" rel=\"nofollow noopener\" target=\"_blank\">Ilves<\/a>\u00a03,45 miljoonaa<\/p>\n<p><a href=\"https:\/\/www.seiska.fi\/haku?q=JYP\" rel=\"nofollow noopener\" target=\"_blank\">JYP<\/a>\u00a03,30 miljoonaa<\/p>\n<p><a href=\"https:\/\/www.seiska.fi\/haku?q=TPS\" rel=\"nofollow noopener\" target=\"_blank\">TPS<\/a>\u00a03,00 miljoonaa<\/p>\n<p><a href=\"https:\/\/www.seiska.fi\/haku?q=KalPa\" rel=\"nofollow noopener\" target=\"_blank\">KalPa<\/a>\u00a03,00 miljoonaa<\/p>\n<p><a href=\"https:\/\/www.seiska.fi\/haku?q=Kiekko-Espoo\" rel=\"nofollow noopener\" target=\"_blank\">Kiekko-Espoo<\/a>\u00a03,00 miljoonaa<\/p>\n<p><a href=\"https:\/\/www.seiska.fi\/haku?q=Pelicans\" rel=\"nofollow noopener\" target=\"_blank\">Pelicans<\/a>\u00a02,60 miljoonaa<\/p>\n<p><a href=\"https:\/\/www.seiska.fi\/haku?q=SaiPa\" rel=\"nofollow noopener\" target=\"_blank\">SaiPa<\/a>\u00a02,50 miljoonaa<\/p>\n<p><a href=\"https:\/\/www.seiska.fi\/haku?q=%C3%84ss%C3%A4t\" rel=\"nofollow noopener\" target=\"_blank\">\u00c4ss\u00e4t<\/a>\u00a02,45 miljoonaa<\/p>\n<p><a href=\"https:\/\/www.seiska.fi\/haku?q=Sport\" rel=\"nofollow noopener\" target=\"_blank\">Sport<\/a>\u00a02,42 miljoonaa<\/p>\n<p><a href=\"https:\/\/www.seiska.fi\/haku?q=HPK\" rel=\"nofollow noopener\" target=\"_blank\">HPK<\/a>\u00a02,20 miljoonaa<\/p>\n<p><a href=\"https:\/\/www.seiska.fi\/haku?q=KooKoo\" rel=\"nofollow noopener\" target=\"_blank\">KooKoo<\/a>\u00a02,20 miljoonaa<\/p>\n<p><a href=\"https:\/\/www.seiska.fi\/haku?q=Jukurit\" rel=\"nofollow noopener\" target=\"_blank\">Jukurit<\/a>\u00a01,80 miljoonaa<\/p>\n<p>(Liigajoukkueiden itse ilmoittamat pelaajapalkkioiden bruttosummat. L\u00e4hde: Liiga.fi)<\/p>\n","protected":false},"excerpt":{"rendered":"Tomi Natri \/ All Over Press \u2013 Kyll\u00e4 se pit\u00e4\u00e4 paikkansa, Tomasz &#8221;Tomek&#8221; Valtonen vahvistaa Seiskalle. SM-liigan superkaudesta&hellip;\n","protected":false},"author":2,"featured_media":338899,"comment_status":"","ping_status":"","sticky":false,"template":"","format":"standard","meta":{"footnotes":"","_share_on_mastodon":"0"},"categories":[5],"tags":[22,23,26,27,33,31,30,17,6421,1143,7509,24771,24,25,7681,28,29,15,18,21,3451,5355,9492,2973,32,41716,41860,19,20,160,1700,16],"class_list":["post-338898","post","type-post","status-publish","format-standard","has-post-thumbnail","category-otsikot","tag-breaking-news","tag-breakingnews","tag-featured-news","tag-featurednews","tag-fi","tag-finland","tag-finnish","tag-headlines","tag-helsingin-jokerit","tag-jaakiekko","tag-jokerit","tag-kielitaito","tag-latest-news","tag-latestnews","tag-liiga","tag-main-news","tag-mainnews","tag-news","tag-otsikot","tag-paauutiset","tag-paavalmentaja","tag-paljastus","tag-saipa","tag-sm-liiga","tag-suomi","tag-superkausi","tag-tomek-valtonen","tag-top-stories","tag-topstories","tag-urheilu","tag-urheilulaji","tag-uutiset"],"share_on_mastodon":{"url":"https:\/\/pubeurope.com\/@fi\/117196633988240650","error":""},"_links":{"self":[{"href":"https:\/\/www.europesays.com\/fi\/wp-json\/wp\/v2\/posts\/338898","targetHints":{"allow":["GET"]}}],"collection":[{"href":"https:\/\/www.europesays.com\/fi\/wp-json\/wp\/v2\/posts"}],"about":[{"href":"https:\/\/www.europesays.com\/fi\/wp-json\/wp\/v2\/types\/post"}],"author":[{"embeddable":true,"href":"https:\/\/www.europesays.com\/fi\/wp-json\/wp\/v2\/users\/2"}],"replies":[{"embeddable":true,"href":"https:\/\/www.europesays.com\/fi\/wp-json\/wp\/v2\/comments?post=338898"}],"version-history":[{"count":0,"href":"https:\/\/www.europesays.com\/fi\/wp-json\/wp\/v2\/posts\/338898\/revisions"}],"wp:featuredmedia":[{"embeddable":true,"href":"https:\/\/www.europesays.com\/fi\/wp-json\/wp\/v2\/media\/338899"}],"wp:attachment":[{"href":"https:\/\/www.europesays.com\/fi\/wp-json\/wp\/v2\/media?parent=338898"}],"wp:term":[{"taxonomy":"category","embeddable":true,"href":"https:\/\/www.europesays.com\/fi\/wp-json\/wp\/v2\/categories?post=338898"},{"taxonomy":"post_tag","embeddable":true,"href":"https:\/\/www.europesays.com\/fi\/wp-json\/wp\/v2\/tags?post=338898"}],"curies":[{"name":"wp","href":"https:\/\/api.w.org\/{rel}","templated":true}]}}