{"id":338902,"date":"2026-09-01T16:19:10","date_gmt":"2026-09-01T16:19:10","guid":{"rendered":"https:\/\/www.europesays.com\/fi\/338902\/"},"modified":"2026-09-01T16:19:10","modified_gmt":"2026-09-01T16:19:10","slug":"ttk-kilpailijat-tapasivat-ohjelman-uuden-juontajan","status":"publish","type":"post","link":"https:\/\/www.europesays.com\/fi\/338902\/","title":{"rendered":"TTK-kilpailijat tapasivat ohjelman uuden juontajan"},"content":{"rendered":"<p><strong class=\"typography-bold\">Sunnuntaina 30. elokuuta TTK:n uudeksi juontajaksi paljastunut Veronica Verho vieraili treenisalilla tapaamassa kauden kilpailijoita.\u00a0<\/strong><\/p>\n<p><a class=\"cursor-pointer underline\" data-testid=\"internal-link\" role=\"link\" href=\"https:\/\/www.mtvuutiset.fi\/aihe\/tanssii-tahtien-kanssa\/2839810\" rel=\"nofollow noopener\" target=\"_blank\">Tanssii T\u00e4htien Kanssa<\/a> -ohjelman uusi juontaja <a class=\"cursor-pointer underline\" data-testid=\"internal-link\" role=\"link\" href=\"https:\/\/www.mtvuutiset.fi\/aihe\/veronica-verho\/7250708\" rel=\"nofollow noopener\" target=\"_blank\"><strong class=\"typography-bold\">Veronica Verho<\/strong><\/a> vieraili treenisalilla ja p\u00e4\u00e4si tapamaan kaudella mukana olevat kilpailijat. Samalla kilpailijat saivat vihdoin tavata ohjelman uuden juontaja. Videolla Verho yll\u00e4tt\u00e4\u00e4 kilpailijat kesken treenin.\u00a0<\/p>\n<p><strong class=\"typography-bold\">Lue lis\u00e4\u00e4: <\/strong><a class=\"cursor-pointer underline\" data-testid=\"internal-link\" role=\"link\" href=\"https:\/\/www.mtvuutiset.fi\/artikkeli\/tanssii-tahtien-kanssa-alkaa-tassa-ovat-tahtiparit\/9384726\" rel=\"nofollow noopener\" target=\"_blank\"><strong class=\"typography-bold\">T\u00e4ss\u00e4 ovat Tanssii T\u00e4htien Kanssa -t\u00e4htioppilaat<\/strong><\/a><\/p>\n<p><strong class=\"typography-bold\">Katso videolta, kuinka TTK-kilpailijat ottivat uuden juontajan vastaan!<\/strong><\/p>\n<p>Veronica Verho on TTK:n uusi juontaja. H\u00e4net n\u00e4hd\u00e4\u00e4n ensimm\u00e4isess\u00e4 livel\u00e4hetyksess\u00e4 6. syyskuuta.Aino Haili \/ MTV<\/p>\n<p>Verho osallistui itsekin TTK:n 12. kaudelle t\u00e4htioppilaana, ja h\u00e4n uskoo kokemuksesta olevan hy\u00f6ty\u00e4 my\u00f6s juontajan ty\u00f6ss\u00e4.<\/p>\n<p>\u2013 Pystyn samaistumaan siihen kihelm\u00f6iv\u00e4\u00e4n j\u00e4nnitykseen, ja on ihanaa seurata t\u00e4htioppilaiden kehityskaarta. Ensimm\u00e4isess\u00e4 livess\u00e4 kaikki ovat ensimm\u00e4ist\u00e4 kertaa \u2013 min\u00e4kin, ja p\u00e4\u00e4semme jakamaan yhdess\u00e4 sen mielett\u00f6m\u00e4n kokemuksen, Verho sanoo.\u00a0<\/p>\n<p><strong class=\"typography-bold\">Tanssii T\u00e4htien Kanssa <\/strong><\/p>\n","protected":false},"excerpt":{"rendered":"Sunnuntaina 30. elokuuta TTK:n uudeksi juontajaksi paljastunut Veronica Verho vieraili treenisalilla tapaamassa kauden kilpailijoita.\u00a0 Tanssii T\u00e4htien Kanssa -ohjelman&hellip;\n","protected":false},"author":2,"featured_media":338903,"comment_status":"","ping_status":"","sticky":false,"template":"","format":"standard","meta":{"footnotes":"","_share_on_mastodon":"0"},"categories":[133],"tags":[137,33,31,30,32,206,156,109],"class_list":["post-338902","post","type-post","status-publish","format-standard","has-post-thumbnail","category-televisiot","tag-entertainment","tag-fi","tag-finland","tag-finnish","tag-suomi","tag-televisiot","tag-tv","tag-viihde"],"share_on_mastodon":{"url":"","error":""},"_links":{"self":[{"href":"https:\/\/www.europesays.com\/fi\/wp-json\/wp\/v2\/posts\/338902","targetHints":{"allow":["GET"]}}],"collection":[{"href":"https:\/\/www.europesays.com\/fi\/wp-json\/wp\/v2\/posts"}],"about":[{"href":"https:\/\/www.europesays.com\/fi\/wp-json\/wp\/v2\/types\/post"}],"author":[{"embeddable":true,"href":"https:\/\/www.europesays.com\/fi\/wp-json\/wp\/v2\/users\/2"}],"replies":[{"embeddable":true,"href":"https:\/\/www.europesays.com\/fi\/wp-json\/wp\/v2\/comments?post=338902"}],"version-history":[{"count":0,"href":"https:\/\/www.europesays.com\/fi\/wp-json\/wp\/v2\/posts\/338902\/revisions"}],"wp:featuredmedia":[{"embeddable":true,"href":"https:\/\/www.europesays.com\/fi\/wp-json\/wp\/v2\/media\/338903"}],"wp:attachment":[{"href":"https:\/\/www.europesays.com\/fi\/wp-json\/wp\/v2\/media?parent=338902"}],"wp:term":[{"taxonomy":"category","embeddable":true,"href":"https:\/\/www.europesays.com\/fi\/wp-json\/wp\/v2\/categories?post=338902"},{"taxonomy":"post_tag","embeddable":true,"href":"https:\/\/www.europesays.com\/fi\/wp-json\/wp\/v2\/tags?post=338902"}],"curies":[{"name":"wp","href":"https:\/\/api.w.org\/{rel}","templated":true}]}}