{"id":338910,"date":"2026-09-01T16:28:17","date_gmt":"2026-09-01T16:28:17","guid":{"rendered":"https:\/\/www.europesays.com\/fi\/338910\/"},"modified":"2026-09-01T16:28:17","modified_gmt":"2026-09-01T16:28:17","slug":"mette-marit-rypi-alkuvuoden-skandaaleissa-nyt-han-on-kuningatar-ulkomaat","status":"publish","type":"post","link":"https:\/\/www.europesays.com\/fi\/338910\/","title":{"rendered":"Mette-Marit rypi alkuvuoden skandaaleissa, nyt h\u00e4n on kuningatar | Ulkomaat"},"content":{"rendered":"<p class=\"aw__sc-1qwuw0s-0 aw__sc-ngllmo-0 epAWpq fzYpjk yle__article__paragraph\">Norjalaisesta avioerolapsesta ja yksinhuoltaja\u00e4idist\u00e4 tuli perjantaina kuningatar.<\/p>\n<p class=\"aw__sc-1qwuw0s-0 aw__sc-ngllmo-0 epAWpq fzYpjk yle__article__paragraph\">Norjalaisen VG:n mukaan kuningattarella ei ole juurikaan mahdollisuutta osallistua virallisiin tilaisuuksiin ja h\u00e4n toipuu <a class=\"aw__sc-ngllmo-1 bTDnwX yle__article__link\" href=\"https:\/\/www.vg.no\/nyheter\/i\/L4qvlV\/dronning-mette-marit-deltar-paa-kongens-edsavleggelse-tirsdag\" role=\"link\" rel=\"nofollow noopener\" target=\"_blank\">edelleen<\/a> kes\u00e4kuisesta <a class=\"aw__sc-ngllmo-1 bTDnwX yle__article__link\" href=\"https:\/\/yle.fi\/a\/74-20232064\" role=\"link\" rel=\"nofollow noopener\" target=\"_blank\">keuhkonsiirrosta<\/a>.<\/p>\n<p class=\"aw__sc-1qwuw0s-0 aw__sc-ngllmo-0 epAWpq fzYpjk yle__article__paragraph\">Kuningatar <strong class=\"aw__sc-ngllmo-2 gdRrun yle__article__strong\">Mette-Marit<\/strong> aloittaa teht\u00e4v\u00e4ss\u00e4\u00e4n hankalassa tilanteessa.<\/p>\n<p class=\"aw__sc-1qwuw0s-0 aw__sc-ngllmo-0 epAWpq fzYpjk yle__article__paragraph\">Kuluneen vuoden aikana h\u00e4n on joutunut selittelem\u00e4\u00e4n liian l\u00e4heisi\u00e4 v\u00e4lej\u00e4\u00e4n seksuaalirikoksista tuomittuun <strong class=\"aw__sc-ngllmo-2 gdRrun yle__article__strong\">Jeffrey Epsteiniin<\/strong>, saanut uudet keuhkot ja h\u00e4nen poikansa on tuomittu seksuaalirikoksista.<\/p>\n<p class=\"aw__sc-1qwuw0s-0 aw__sc-ngllmo-0 epAWpq fzYpjk yle__article__paragraph\">Mette-Maritin tie kuningattereksi on ollut pitk\u00e4 ja monin paikoin kuoppainen.<\/p>\n<p class=\"aw__sc-1qwuw0s-0 aw__sc-ngllmo-0 epAWpq fzYpjk yle__article__paragraph\"><strong class=\"aw__sc-ngllmo-2 gdRrun yle__article__strong\">T\u00e4ss\u00e4 jutussa kerromme kuningatar Mette-Maritin erikoisen tarinan.<\/strong><\/p>\n<ul class=\"aw__sc-1yb43iq-0 gFXHv yle__article__list yle__article__list--ul\">\n<li class=\"aw__sc-1yb43iq-1 gVAzbt\">Norjan Mette-Maritista tuli perjantaina kuningatar. H\u00e4n ei osallistu tiistaina kuningas Haakonin virkavalaseremoniaan, koska toipuu keuhkonsiirrosta.<\/li>\n<li class=\"aw__sc-1yb43iq-1 gVAzbt\">Toipuminen kest\u00e4\u00e4 noin vuoden. H\u00e4n ei voi osallistua virallisiin tilaisuuksiin.<\/li>\n<li class=\"aw__sc-1yb43iq-1 gVAzbt\">H\u00e4nen poikansa tuomittiin kes\u00e4kuussa seksuaalirikoksista. Mette-Marit on joutunut selittelem\u00e4\u00e4n v\u00e4lej\u00e4\u00e4n seksuaalirikolliseen Jeffrey Epsteiniin.<\/li>\n<\/ul>\n<p class=\"aw__sc-1qwuw0s-0 aw__sc-ngllmo-0 epAWpq fzYpjk yle__article__paragraph\">Mette-Maritin kotikaupunki Kristiansand sijaitsee l\u00e4hell\u00e4 Norjan etel\u00e4isint\u00e4 k\u00e4rke\u00e4, ja alue on yksi maan uskonnollisimmista.<\/p>\n<p class=\"aw__sc-1qwuw0s-0 aw__sc-ngllmo-0 epAWpq fzYpjk yle__article__paragraph\">H\u00e4nen \u00e4itins\u00e4 oli pankkivirkailija ja is\u00e4 toimittaja. Vanhemmat erosivat, kun Mette-Marit oli kymmenvuotias.<\/p>\n<p>Mette Maritita tuli prinsessa elokuussa 2001. <\/p>\n<p>K\u00e4ytti kannabista, ajoi hiuksensa<\/p>\n<p class=\"aw__sc-1qwuw0s-0 aw__sc-ngllmo-0 epAWpq fzYpjk yle__article__paragraph\">Tilanne muuttui nopeasti, kun Mette-Marit l\u00e4hti 16-vuotiaana vaihto-oppilaaksi Australiaan.<\/p>\n<p class=\"aw__sc-1qwuw0s-0 aw__sc-ngllmo-0 epAWpq fzYpjk yle__article__paragraph\">Kuusi kuukautta my\u00f6hemmin h\u00e4n palasi takaisin Norjaan, kokeili kannabista ja ekstaasia. Lukion viimeisen\u00e4 kuukautena h\u00e4n ajoi hiuksensa.<\/p>\n<p class=\"aw__sc-1qwuw0s-0 aw__sc-ngllmo-0 epAWpq fzYpjk yle__article__paragraph\">\u2013 En en\u00e4\u00e4 voinut el\u00e4\u00e4 odotusten kanssa. Jokin minussa sanoi stop. L\u00e4hdin telttaretkelle Roskildeen. Olin kauhuissani ja vapaa samaan aikaan, <a class=\"aw__sc-ngllmo-1 bTDnwX yle__article__link\" href=\"https:\/\/www.nrk.no\/norge\/xl\/dronning-mette-marit-_-mot-alle-odds-1.17926380\" role=\"link\" rel=\"nofollow noopener\" target=\"_blank\">Mette-Marit kertoi<\/a> Norjan yleisradioyhti\u00f6 NRK:n haastattelussa.<\/p>\n<p class=\"aw__sc-1qwuw0s-0 aw__sc-ngllmo-0 epAWpq fzYpjk yle__article__paragraph\">V\u00e4h\u00e4n yli parikymppisen\u00e4 Mette-Maritilla oli lyhyt suhde huumerikoksista tuomitun miehen kanssa. Romanssista <strong class=\"aw__sc-ngllmo-2 gdRrun yle__article__strong\">Morten Borgin<\/strong> kanssa syntyi poika <strong class=\"aw__sc-ngllmo-2 gdRrun yle__article__strong\">Marius Borg H\u00f8iby<\/strong>.<\/p>\n<p class=\"aw__sc-1qwuw0s-0 aw__sc-ngllmo-0 epAWpq fzYpjk yle__article__paragraph\">Mariuksen is\u00e4 Morten Borg on yritt\u00e4j\u00e4 ja finanssianalyytikko. H\u00e4net tuomittiin <a class=\"aw__sc-ngllmo-1 bTDnwX yle__article__link\" href=\"https:\/\/yle.fi\/a\/74-20207672\" role=\"link\" rel=\"nofollow noopener\" target=\"_blank\">kokaiinin hallussapidosta<\/a> kahden vuoden vankeuteen 1990-luvun alussa.<\/p>\n<p><img decoding=\"async\" alt=\"Mette-Marit ja h\u00e4nen poikansa Marius Borg H\u00f8iby sek\u00e4 Haakon vauva syliss\u00e4\u00e4n.\" src=\"https:\/\/www.europesays.com\/fi\/wp-content\/uploads\/2026\/09\/1788259921.jpeg\" loading=\"lazy\" class=\"aw__sc-dklauk-0 LPzKX\"\/><\/p>\n<p>Avaa kuvien katselu<\/p>\n<p>1997 syntynyt Mette-Maritin esikoispoika Marius Borg H\u00f8iby sai pikkusiskon 7-vuotiaana. Kuva: Lisa Aserud \/ EPA<\/p>\n<p>El\u00e4m\u00e4 muuttui akvaarioksi<\/p>\n<p class=\"aw__sc-1qwuw0s-0 aw__sc-ngllmo-0 epAWpq fzYpjk yle__article__paragraph\">Mette-Marit ja prinssi <strong class=\"aw__sc-ngllmo-2 gdRrun yle__article__strong\">Haakon<\/strong> tapasivat festivaaleilla Kristiansundissa 1999. 23-vuotias Mette-Marit oli yksinhuoltaja ja ty\u00f6skenteli tarjoilijana. Haakon ei asiasta h\u00e4tk\u00e4ht\u00e4nyt. H\u00e4nelle se oli osoitus siit\u00e4, ett\u00e4 Mette-Marit osasi kantaa vastuuta.<\/p>\n<p class=\"aw__sc-1qwuw0s-0 aw__sc-ngllmo-0 epAWpq fzYpjk yle__article__paragraph\">\u2013 H\u00e4n n\u00e4ki minut. H\u00e4n ymm\u00e4rsi minut. H\u00e4n oli utelias. Ja h\u00e4n piti minusta kiinni, h\u00e4n on kuvannut.<\/p>\n<p class=\"aw__sc-1qwuw0s-0 aw__sc-ngllmo-0 epAWpq fzYpjk yle__article__paragraph\">Nuori pari avioitui 2001 Oslon tuomiokirkossa.<\/p>\n<p><img decoding=\"async\" alt=\"Mette-Marit h\u00e4\u00e4puvussa suutelemassa Haakonia.\" src=\"https:\/\/www.europesays.com\/fi\/wp-content\/uploads\/2026\/09\/1788256025.jpeg\" loading=\"lazy\" class=\"aw__sc-dklauk-0 LPzKX\"\/><\/p>\n<p>Avaa kuvien katselu<\/p>\n<p>Mette-Marit ja prinssi Haakon vihittiin Oslossa 25.8.2001. Kuva: Dra-Boris Roesseler \/ EPA<\/p>\n<p class=\"aw__sc-1qwuw0s-0 aw__sc-ngllmo-0 epAWpq fzYpjk yle__article__paragraph\">Kohua her\u00e4tt\u00e4nyt avioliitto ei horjuttanut norjalaisten uskoa monarkiaan. H\u00e4iden j\u00e4lkeen 80 prosenttia norjalaisista uskoi Mette-Maritin <a class=\"aw__sc-ngllmo-1 bTDnwX yle__article__link\" href=\"https:\/\/yle.fi\/a\/3-5109405\" role=\"link\" rel=\"nofollow noopener\" target=\"_blank\">selvi\u00e4v\u00e4n hyvin<\/a> prinsessana.<\/p>\n<p class=\"aw__sc-1qwuw0s-0 aw__sc-ngllmo-0 epAWpq fzYpjk yle__article__paragraph\">Mette-Marit on kuvaillut el\u00e4m\u00e4\u00e4ns\u00e4 akvaarioksi. Kun perhe l\u00e4hti sunnuntak\u00e4velylle, mukana seurasi 40 toimittajaa.<\/p>\n<p class=\"aw__sc-1qwuw0s-0 aw__sc-ngllmo-0 epAWpq fzYpjk yle__article__paragraph\">Parilla on kaksi yhteist\u00e4 lasta: prinssi <strong class=\"aw__sc-ngllmo-2 gdRrun yle__article__strong\">Sverre Magnus<\/strong>, 20, ja prinsessa <strong class=\"aw__sc-ngllmo-2 gdRrun yle__article__strong\">Ingrid Alexandra<\/strong>, 22.<\/p>\n<p><img decoding=\"async\" alt=\"Mustiin pukeutuneet nainen ja mies. Naisen syliss\u00e4 vauva ja pariskunnan v\u00e4liss\u00e4 sohvalla v\u00e4h\u00e4n isompi poika.\" src=\"https:\/\/www.europesays.com\/fi\/wp-content\/uploads\/2026\/09\/1769961070.jpeg\" loading=\"lazy\" class=\"aw__sc-dklauk-0 LPzKX\"\/><\/p>\n<p>Avaa kuvien katselu<\/p>\n<p>Kruununprinsessa Mette-Marit, kruununprinssi Haakon, prinsessa Ingrid Alexandra ja Mette-Maritin poika Marius kuvattiin kotonaan Skaugumin kartanossa Askerissa 1. helmikuuta 2004. Kuva: EPA<\/p>\n<p class=\"aw__sc-1qwuw0s-0 aw__sc-ngllmo-0 epAWpq fzYpjk yle__article__paragraph\">Suurimmaksi murheenkryyniksi on osoittautunut Mette-Maritin poika Marius. Mariuksella ei ole virallista asemaa hovissa.<\/p>\n<p class=\"aw__sc-1qwuw0s-0 aw__sc-ngllmo-0 epAWpq fzYpjk yle__article__paragraph\">Marius tuomittiin Oslon k\u00e4r\u00e4j\u00e4oikeudessa <a class=\"aw__sc-ngllmo-1 bTDnwX yle__article__link\" href=\"https:\/\/yle.fi\/a\/74-20231526\" role=\"link\" rel=\"nofollow noopener\" target=\"_blank\">kes\u00e4kuun puoliv\u00e4liss\u00e4<\/a> nelj\u00e4n vuoden vankeuteen yhteens\u00e4 34 lainrikkomuksesta.<\/p>\n<p class=\"aw__sc-1qwuw0s-0 aw__sc-ngllmo-0 epAWpq fzYpjk yle__article__paragraph\">Tuomio tuli kahdesta raiskauksesta ja l\u00e4hisuhdev\u00e4kivallasta. Tuomio ei ole lainvoimainen, koska H\u00f8iby on valittanut siit\u00e4.<\/p>\n<p><img decoding=\"async\" alt=\"Mette-Marit ja Marius juhla-asuissa.\" src=\"https:\/\/www.europesays.com\/fi\/wp-content\/uploads\/2026\/09\/1769955866.jpeg\" loading=\"lazy\" class=\"aw__sc-dklauk-0 LPzKX\"\/><\/p>\n<p>Avaa kuvien katselu<\/p>\n<p>Kruununprinsessa Mette-Marit ja h\u00e4nen poikansa Marius Borg H\u00f8iby osallistuivat gaalaesitykseen Oslon yliopiston juhlasalissa 17. tammikuuta 2016 Norjan kuningas Harald V:n valtaannousun 25-vuotisjuhlavuoden kunniaksi. Kuva: Vegard Wivestad Grott \/ EPA<\/p>\n<p class=\"aw__sc-1qwuw0s-0 aw__sc-ngllmo-0 epAWpq fzYpjk yle__article__paragraph\">Mette-Maritin maine <a class=\"aw__sc-ngllmo-1 bTDnwX yle__article__link\" href=\"https:\/\/yle.fi\/a\/74-20207914\" role=\"link\" rel=\"nofollow noopener\" target=\"_blank\">sai kovan kolauksen<\/a> alkuvuodesta, kun selvisi, ett\u00e4 h\u00e4n ei ollut puhunut totta v\u00e4leist\u00e4\u00e4n tuomittuun seksuaalirikolliseen<\/p>\n<p class=\"aw__sc-1qwuw0s-0 aw__sc-ngllmo-0 epAWpq fzYpjk yle__article__paragraph\">Mette-Marit on aiemmin v\u00e4itt\u00e4nyt katkaisseensa yhteyden Epsteiniin vuonna 2013, kun h\u00e4n ymm\u00e4rsi, ett\u00e4 Epstein yritti \u201dk\u00e4ytt\u00e4\u00e4 hyv\u00e4kseen\u201d suhteita kuninkaallisiin. Asiakirjat osoittavat kuitenkin yhteydenpidon jatkuneen viel\u00e4 kes\u00e4\u00e4n 2014:\u00e4\u00e4n asti.<\/p>\n<p class=\"aw__sc-1qwuw0s-0 aw__sc-ngllmo-0 epAWpq fzYpjk yle__article__paragraph\">Terveyskin on reistaillut.<\/p>\n<p class=\"aw__sc-1qwuw0s-0 aw__sc-ngllmo-0 epAWpq fzYpjk yle__article__paragraph\">Mette-Marit toipuu yh\u00e4 keuhkojensiirtoleikkauksesta. H\u00e4n <a class=\"aw__sc-ngllmo-1 bTDnwX yle__article__link\" href=\"https:\/\/yle.fi\/a\/74-20236287\" role=\"link\" rel=\"nofollow noopener\" target=\"_blank\">on sairastanut<\/a> keuhkofibroosia, jossa keuhkokudos arpeutuu ja paksuuntuu vaikeuttaen hapen siirtymist\u00e4 keuhkoista verenkieroon.<\/p>\n<p><img decoding=\"async\" alt=\"Mette-Marit katsoo kameraan, h\u00e4nell\u00e4 on happiviikset.\" src=\"https:\/\/www.europesays.com\/fi\/wp-content\/uploads\/2026\/09\/1781681825.jpeg\" loading=\"lazy\" class=\"aw__sc-dklauk-0 LPzKX\"\/><\/p>\n<p>Avaa kuvien katselu<\/p>\n<p>Norjan hovi kertoi kes\u00e4kuun alussa, ett\u00e4 kruununprinsessa Mette-Marit odottaa keuhkonsiirtoa. IImoituksen j\u00e4lkeen Norjan elinluovutusrekisteriss\u00e4 n\u00e4htiin piikki uusien elinluovuttajiksi ilmoittautujien m\u00e4\u00e4r\u00e4ss\u00e4.  Kuva: AOP<\/p>\n<p class=\"aw__sc-1qwuw0s-0 aw__sc-ngllmo-0 epAWpq fzYpjk yle__article__paragraph\">Norjan Rikshospitaletin keuhko-osaston osastop\u00e4\u00e4llikk\u00f6 <strong class=\"aw__sc-ngllmo-2 gdRrun yle__article__strong\">Are Holm<\/strong> kuvasi hein\u00e4kuussa kruununprinsessan terveydentilaa olosuhteisiin n\u00e4hden hyv\u00e4ksi.<\/p>\n<p class=\"aw__sc-1qwuw0s-0 aw__sc-ngllmo-0 epAWpq fzYpjk yle__article__paragraph\">\u2013 Hyv\u00e4ss\u00e4 tapauksessa kest\u00e4\u00e4 usein noin vuoden, ennen kuin tila siirtyy vakaampaan vaiheeseen, Holm totesi tiedotteessa.<\/p>\n<p><img decoding=\"async\" alt=\"Norjan kuningasperheen sukupuu.\" src=\"https:\/\/www.europesays.com\/fi\/wp-content\/uploads\/2026\/09\/1787920846.png\" loading=\"lazy\" class=\"aw__sc-dklauk-0 LPzKX\"\/><\/p>\n<p>Avaa kuvien katselu<\/p>\n<p>Norjan kuningasperheeseen kuuluu my\u00f6s prinsessa M\u00e4rtha Louisen nykyinen puoliso Durek Verret. M\u00e4rtha Louise oli aiemmin naimisissa lastensa is\u00e4n Ari Behnin kanssa. Behn menehtyi vuonna 2019. Kuva: Kuval\u00e4hteet: AOP, AFP\/Lehtikuva, EPA, grafiikka: Maiju Hakalahti \/ Yle<\/p>\n<p class=\"aw__sc-1qwuw0s-0 aw__sc-ngllmo-0 epAWpq fzYpjk yle__article__paragraph\">Korjaus 1.9. kello 16.31: kotipaikkakunta on Kristiansand, ei Kristiansund ja kello 16.14: Marius oli 7-vuotias, ei 9-vuotias, kun h\u00e4n sai pikkusiskon.<\/p>\n","protected":false},"excerpt":{"rendered":"Norjalaisesta avioerolapsesta ja yksinhuoltaja\u00e4idist\u00e4 tuli perjantaina kuningatar. Norjalaisen VG:n mukaan kuningattarella ei ole juurikaan mahdollisuutta osallistua virallisiin tilaisuuksiin&hellip;\n","protected":false},"author":2,"featured_media":338911,"comment_status":"","ping_status":"","sticky":false,"template":"","format":"standard","meta":{"footnotes":"","_share_on_mastodon":"0"},"categories":[14],"tags":[22,23,26,27,33,31,30,41861,17,652,24,25,28,29,10788,15,385,18,21,32,19,20,56,16,59,60,61],"class_list":["post-338910","post","type-post","status-publish","format-standard","has-post-thumbnail","category-ulkomaat","tag-breaking-news","tag-breakingnews","tag-featured-news","tag-featurednews","tag-fi","tag-finland","tag-finnish","tag-haakon-viii","tag-headlines","tag-kuninkaalliset","tag-latest-news","tag-latestnews","tag-main-news","tag-mainnews","tag-mette-marit","tag-news","tag-norja","tag-otsikot","tag-paauutiset","tag-suomi","tag-top-stories","tag-topstories","tag-ulkomaat","tag-uutiset","tag-world","tag-world-news","tag-worldnews"],"share_on_mastodon":{"url":"https:\/\/pubeurope.com\/@fi\/117196731464013010","error":""},"_links":{"self":[{"href":"https:\/\/www.europesays.com\/fi\/wp-json\/wp\/v2\/posts\/338910","targetHints":{"allow":["GET"]}}],"collection":[{"href":"https:\/\/www.europesays.com\/fi\/wp-json\/wp\/v2\/posts"}],"about":[{"href":"https:\/\/www.europesays.com\/fi\/wp-json\/wp\/v2\/types\/post"}],"author":[{"embeddable":true,"href":"https:\/\/www.europesays.com\/fi\/wp-json\/wp\/v2\/users\/2"}],"replies":[{"embeddable":true,"href":"https:\/\/www.europesays.com\/fi\/wp-json\/wp\/v2\/comments?post=338910"}],"version-history":[{"count":0,"href":"https:\/\/www.europesays.com\/fi\/wp-json\/wp\/v2\/posts\/338910\/revisions"}],"wp:featuredmedia":[{"embeddable":true,"href":"https:\/\/www.europesays.com\/fi\/wp-json\/wp\/v2\/media\/338911"}],"wp:attachment":[{"href":"https:\/\/www.europesays.com\/fi\/wp-json\/wp\/v2\/media?parent=338910"}],"wp:term":[{"taxonomy":"category","embeddable":true,"href":"https:\/\/www.europesays.com\/fi\/wp-json\/wp\/v2\/categories?post=338910"},{"taxonomy":"post_tag","embeddable":true,"href":"https:\/\/www.europesays.com\/fi\/wp-json\/wp\/v2\/tags?post=338910"}],"curies":[{"name":"wp","href":"https:\/\/api.w.org\/{rel}","templated":true}]}}