{"id":338912,"date":"2026-09-01T16:29:13","date_gmt":"2026-09-01T16:29:13","guid":{"rendered":"https:\/\/www.europesays.com\/fi\/338912\/"},"modified":"2026-09-01T16:29:13","modified_gmt":"2026-09-01T16:29:13","slug":"timo-vornanen-raivostui-taytta-paskaa","status":"publish","type":"post","link":"https:\/\/www.europesays.com\/fi\/338912\/","title":{"rendered":"Timo Vornanen raivostui \u2013 \u201dT\u00e4ytt\u00e4 paskaa\u201d"},"content":{"rendered":"<p>Kansanedustaja Timo Vornanen on t\u00e4n\u00e4\u00e4n l\u00e4hett\u00e4nyt s\u00e4hk\u00f6postia muille kansanedustajille. H\u00e4n kommentoi Iltalehdelle, miksi h\u00e4n on meilins\u00e4 l\u00e4hett\u00e4nyt.<\/p>\n<p><img decoding=\"async\" class=\"image image-show image-preview\" src=\"https:\/\/www.europesays.com\/fi\/wp-content\/uploads\/2026\/09\/625e02da84508f93d6d8d5180c762ce9dcd082e1e0592cd1b721a0881080f578.jpg\" alt=\"\"\/><img decoding=\"async\" class=\"image image-show\" src=\"https:\/\/www.europesays.com\/fi\/wp-content\/uploads\/2026\/09\/1788280153_10_625e02da84508f93d6d8d5180c762ce9dcd082e1e0592cd1b721a0881080f578.jpg\" alt=\"\"\/><\/p>\n<p>Kansanedustaja Timo Vornanen (tv) muodostaa eduskunnassa yhden hengen eduskuntaryhm\u00e4n. Pasi Liesimaa<\/p>\n<p class=\"paragraph\">Helsingin k\u00e4r\u00e4j\u00e4oikeus tuomitsi kansanedustaja <a href=\"https:\/\/www.iltalehti.fi\/henkilot\/Timo Vornanen\" class=\"article-link-person-page\" rel=\"nofollow noopener\" target=\"_blank\">Timo Vornasen<\/a> (tv) joulukuussa 2025 kahdeksan kuukauden ehdolliseen vankeusrangaistukseen y\u00f6kerho Bar Ihkun edess\u00e4 tapahtuneesta ammuskelusta.<\/p>\n<p class=\"paragraph\">Tuomio j\u00e4i lainvoimaiseksi, kun Helsingin hovioikeus ei my\u00f6nt\u00e4nyt jatkok\u00e4sittelylupaa, ja korkein oikeus ei my\u00f6nt\u00e4nyt valituslupaa, mist\u00e4 se tiedotti hein\u00e4kuun loppupuolella.<\/p>\n<p class=\"paragraph\">Nyt julkisuudessa on ollut pohdintaa ennen kuin eduskunta t\u00e4n\u00e4\u00e4n palasi kes\u00e4tauolta, vaatiiko joku kansanedustaja Timo Vornasen edustajantoimen lakkaamista. Iltalehden tietojen mukaan t\u00e4llaista vaadetta ei ole perustuslakivaliokuntaan ainakaan toistaiseksi tullut.<\/p>\n<p class=\"paragraph\">Timo Vornanen on t\u00e4n\u00e4\u00e4n l\u00e4hett\u00e4nyt kansanedustajille s\u00e4hk\u00f6postin.<\/p>\n<p class=\"paragraph\">\u2013 Kansanedustajien kesken sek\u00e4 mediassa on alettu keskustella edustajantoimeni jatkumisesta. Haluan siksi toimittaa kaikille kansanedustajille saman, alkuper\u00e4isasiakirjoihin perustuvan taustatiedon ennen kuin mahdolliseen perustuslain 28 \u00a7:n mukaiseen menettelyyn muodostetaan kanta, Vornanen perustelee Iltalehden n\u00e4kem\u00e4ss\u00e4 s\u00e4hk\u00f6postissa.<\/p>\n<p>\u201dPyyd\u00e4n, ett\u00e4 perehdyt\u201d<\/p>\n<p class=\"paragraph\">Vornanen sanoo s\u00e4hk\u00f6postissaan edustajille, ettei v\u00e4h\u00e4ttele tuomiota, \u201dtai aseen varoituslaukaukseen k\u00e4ytt\u00e4misen vakavuutta\u201d.<\/p>\n<p class=\"paragraph\">\u2013 Samalla totean, ett\u00e4 kadulla ei loukkaantunut kukaan \u2013 asiat olisivat voineet olla toisin, mik\u00e4li tilanne olisi edennyt fyysiseen kontaktiin asti. Luonnollisesti en my\u00f6sk\u00e4\u00e4n pyyd\u00e4 eduskuntaa ratkaisemaan rikosasiaa uudelleen, h\u00e4n kirjoittaa.<\/p>\n<p class=\"paragraph\">Vornanen pyyt\u00e4\u00e4 kansanedustajia \u201derottamaan lainvoimaisen rikostuomion ja eduskunnan oman, siit\u00e4 erillisen valtios\u00e4\u00e4nt\u00f6oikeudellisen harkinnan\u201d.<\/p>\n<p class=\"paragraph\">\u2013 Perustuslain 28 \u00a7:ss\u00e4 kysymys on siit\u00e4, osoittaako rikos, etten en\u00e4\u00e4 ansaitse edustajantoimen edellytt\u00e4m\u00e4\u00e4 luottamusta ja kunnioitusta. N\u00e4in poikkeuksellisen ratkaisun tulisi perustua tuomion koko sis\u00e4lt\u00f6\u00f6n ja tarkistettavaan tapahtumakokonaisuuteen, ei pelk\u00e4st\u00e4\u00e4n uutisotsikoihin, Vornanen kirjoittaa.<\/p>\n<p class=\"paragraph\">H\u00e4n kirjoittaa melko laajasti s\u00e4hk\u00f6postissaan Bar Ihkun tapahtumista ja miten h\u00e4n ne n\u00e4kee. Liitteiss\u00e4 h\u00e4n on jakanut muun muassa asiaa k\u00e4sittelev\u00e4n taustamuistion.<\/p>\n<p class=\"paragraph\">\u2013 Pyyd\u00e4n, ett\u00e4 perehdyt liitteen\u00e4 olevaan taustamuistioon ennen mahdollisen aloitteen tukemista tai lopullisen kannan muodostamista, h\u00e4n kirjoittaa s\u00e4hk\u00f6postissa.<\/p>\n<p class=\"paragraph\">\u2013 Ammuin varoituslaukauksen koska en halua tapella &#8211; olen el\u00e4m\u00e4ni aikana poliisin t\u00f6iss\u00e4 n\u00e4hnyt v\u00e4kivaltaa aivan liikaa ja tiedostan siihen liittyv\u00e4t riskit, h\u00e4n my\u00f6s kirjoittaa.<\/p>\n<p class=\"paragraph\">Vornanen sanoo my\u00f6s vastaavansa mielell\u00e4\u00e4n kansanedustajien kysymyksiin.<\/p>\n<p class=\"paragraph\">\u2013 Ja j\u00e4rjest\u00e4n tarvittaessa mahdollisuuden tutustua alkuper\u00e4isiin tallenteisiin asianosaisten yksityisyys ja tietosuoja huomioon ottaen, h\u00e4n jatkaa.<\/p>\n<p>N\u00e4in Vornanen perustelee meili\u00e4\u00e4n<\/p>\n<p class=\"paragraph\">Iltalehti my\u00f6s tavoitti iltap\u00e4iv\u00e4ll\u00e4 Vornasen kommentoimaan, miksi h\u00e4n on l\u00e4hett\u00e4nyt s\u00e4hk\u00f6postia kansanedustajille.<\/p>\n<p class=\"paragraph\">H\u00e4n sanoo pit\u00e4v\u00e4ns\u00e4 t\u00f6rke\u00e4n\u00e4, kun mediassa on tulkittu h\u00e4nen kansanedustajille l\u00e4hett\u00e4m\u00e4ns\u00e4 viestin tarkoittavan armon anomista ja kertoo kirjoittaneensa t\u00e4st\u00e4 asiasta Facebookiinkin. Sielt\u00e4 l\u00f6ytyykin asiaan tulikivenkatkuinen kommentti, joka alkaa sanoilla \u201dt\u00e4ytt\u00e4 paskaa\u201d. Vornanen siis kiist\u00e4\u00e4, ett\u00e4 kyse olisi armon anelusta.<\/p>\n<p class=\"paragraph\">H\u00e4n itse katsoo meilins\u00e4 olleen informatiivinen paketti, jossa ei ole mielipiteit\u00e4 vaan asiaa dokumenteista.<\/p>\n<p class=\"paragraph\">\u2013 Eiv\u00e4th\u00e4n kansanedustajat ole saaneet mit\u00e4\u00e4n virallista tietoa t\u00e4st\u00e4 prosessista. Mik\u00e4li siell\u00e4 joku edustaja esitt\u00e4\u00e4 meik\u00e4l\u00e4isen edustajanty\u00f6n aseman arviointia, kyll\u00e4h\u00e4n se ihan kohtuullista on, ett\u00e4 heill\u00e4 on jokin virallinen tieto k\u00e4ytett\u00e4viss\u00e4, Vornanen sanoo.<\/p>\n<p class=\"paragraph\">\u2013 Kaikki pohjaavat virallisiin dokumentteihin ja valvontakameran tallenteisiin, mit\u00e4 t\u00e4ss\u00e4 informaatiopaketissa on esitetty. Jos min\u00e4 en tee sit\u00e4 pakettia, ei sit\u00e4 taida kukaan muukaan Suomen maassa tehd\u00e4. Vai pit\u00e4\u00e4k\u00f6 ihan mediatietojen varassa tehd\u00e4 eduskunnassa p\u00e4\u00e4t\u00f6ksi\u00e4, ei minun mielest\u00e4.<\/p>\n<p>N\u00e4in sanoo perustuslaki<\/p>\n<p class=\"paragraph\">Vornasen <a href=\"https:\/\/www.finlex.fi\/fi\/lainsaadanto\/1999\/731#chp_3__sec_27\" target=\"_blank\" rel=\"noopener nofollow\">viittaamassa perustuslain pyk\u00e4l\u00e4ss\u00e4<\/a> sanotaan muun muassa n\u00e4in:<\/p>\n<p class=\"paragraph\">\u2013 Jos kansanedustajaksi valittu on t\u00e4yt\u00e4nt\u00f6\u00f6npanokelpoisella p\u00e4\u00e4t\u00f6ksell\u00e4 tuomittu tahallisesta rikoksesta vankeuteen taikka vaaleihin kohdistuneesta rikoksesta rangaistukseen, eduskunta voi tutkia, sallitaanko h\u00e4nen edelleen olla kansanedustajana.<\/p>\n<p class=\"paragraph\">\u2013 Jos rikos osoittaa, ettei tuomittu ansaitse edustajantoimen edellytt\u00e4m\u00e4\u00e4 luottamusta ja kunnioitusta, eduskunta voi hankittuaan asiasta perustuslakivaliokunnan kannanoton julistaa h\u00e4nen edustajantoimensa lakanneeksi p\u00e4\u00e4t\u00f6ksell\u00e4, jota on kannattanut v\u00e4hint\u00e4\u00e4n kaksi kolmasosaa annetuista \u00e4\u00e4nist\u00e4.<\/p>\n<p class=\"paragraph\">Vornasenkaan tiedossa ei ole, ett\u00e4 kukaan kansanedustaja olisi juuri nyt viem\u00e4ss\u00e4 h\u00e4nen asiaansa perustuslakivaliokuntaan.<\/p>\n","protected":false},"excerpt":{"rendered":"Kansanedustaja Timo Vornanen on t\u00e4n\u00e4\u00e4n l\u00e4hett\u00e4nyt s\u00e4hk\u00f6postia muille kansanedustajille. H\u00e4n kommentoi Iltalehdelle, miksi h\u00e4n on meilins\u00e4 l\u00e4hett\u00e4nyt. Kansanedustaja&hellip;\n","protected":false},"author":2,"featured_media":338913,"comment_status":"","ping_status":"","sticky":false,"template":"","format":"standard","meta":{"footnotes":"","_share_on_mastodon":"0"},"categories":[12],"tags":[35,22,23,26,27,33,31,30,17,1908,53,24,25,28,29,15,18,21,52,637,38,32,19,20,16],"class_list":["post-338912","post","type-post","status-publish","format-standard","has-post-thumbnail","category-suomi","tag-24h","tag-breaking-news","tag-breakingnews","tag-featured-news","tag-featurednews","tag-fi","tag-finland","tag-finnish","tag-headlines","tag-lainsaadanto","tag-laki-oikeus-ja-rikos","tag-latest-news","tag-latestnews","tag-main-news","tag-mainnews","tag-news","tag-otsikot","tag-paauutiset","tag-poliisi","tag-politiikka","tag-rikos","tag-suomi","tag-top-stories","tag-topstories","tag-uutiset"],"share_on_mastodon":{"url":"","error":""},"_links":{"self":[{"href":"https:\/\/www.europesays.com\/fi\/wp-json\/wp\/v2\/posts\/338912","targetHints":{"allow":["GET"]}}],"collection":[{"href":"https:\/\/www.europesays.com\/fi\/wp-json\/wp\/v2\/posts"}],"about":[{"href":"https:\/\/www.europesays.com\/fi\/wp-json\/wp\/v2\/types\/post"}],"author":[{"embeddable":true,"href":"https:\/\/www.europesays.com\/fi\/wp-json\/wp\/v2\/users\/2"}],"replies":[{"embeddable":true,"href":"https:\/\/www.europesays.com\/fi\/wp-json\/wp\/v2\/comments?post=338912"}],"version-history":[{"count":0,"href":"https:\/\/www.europesays.com\/fi\/wp-json\/wp\/v2\/posts\/338912\/revisions"}],"wp:featuredmedia":[{"embeddable":true,"href":"https:\/\/www.europesays.com\/fi\/wp-json\/wp\/v2\/media\/338913"}],"wp:attachment":[{"href":"https:\/\/www.europesays.com\/fi\/wp-json\/wp\/v2\/media?parent=338912"}],"wp:term":[{"taxonomy":"category","embeddable":true,"href":"https:\/\/www.europesays.com\/fi\/wp-json\/wp\/v2\/categories?post=338912"},{"taxonomy":"post_tag","embeddable":true,"href":"https:\/\/www.europesays.com\/fi\/wp-json\/wp\/v2\/tags?post=338912"}],"curies":[{"name":"wp","href":"https:\/\/api.w.org\/{rel}","templated":true}]}}