{"id":338916,"date":"2026-09-01T16:42:10","date_gmt":"2026-09-01T16:42:10","guid":{"rendered":"https:\/\/www.europesays.com\/fi\/338916\/"},"modified":"2026-09-01T16:42:10","modified_gmt":"2026-09-01T16:42:10","slug":"seiska-amanda-harkimon-kurimus-isan-hautajaislaskut-siirtyivat-ulosottoon","status":"publish","type":"post","link":"https:\/\/www.europesays.com\/fi\/338916\/","title":{"rendered":"Seiska: Amanda Harkimon kurimus &#8211; is\u00e4n hautajaislaskut siirtyiv\u00e4t ulosottoon"},"content":{"rendered":"<p class=\"wp-block-paragraph\">Seiska uutisoi tiskijukka Amanda Harkimon talouskurimuksesta. Jopa is\u00e4n hautajaiskulut ovat p\u00e4\u00e4tyneet voudin p\u00f6yd\u00e4lle.<\/p>\n<p class=\"wp-block-paragraph\">Ama on ulosottoon pystyss\u00e4 t\u00e4ll\u00e4 hetkell\u00e4 yhteens\u00e4 5 295 euroa.<\/p>\n<p>Lue my\u00f6s: <a href=\"https:\/\/www.como.fi\/uutiset\/amanda-harkimon-suuri-suru-niin-hirvea-ikava\/\" title=\"Amanda Harkimon suuri suru \u2013 \u201dNiin hirve\u00e4 ik\u00e4v\u00e4\u201d\" class=\"underline-custom !font-heading !font-bold !underline-offset-4 !decoration-4 !decoration-accent !text-md\" rel=\"nofollow noopener\" target=\"_blank\">Amanda Harkimon suuri suru \u2013 \u201dNiin hirve\u00e4 ik\u00e4v\u00e4\u201d<\/a><\/p>\n<p class=\"wp-block-paragraph\">Ulosotossa on useita eri saatavia. Mukana on muun muassa viime marraskuisen kokaiinik\u00e4ryn aiheuttamia summia, kuten sakkoja, p\u00e4ihdetutkimuksen kuluja ja rikosuhrimaksu.<\/p>\n<p class=\"wp-block-paragraph\">My\u00f6s sairaalamaksu Amandalta on lipsahtanut voudin p\u00f6yd\u00e4lle.<\/p>\n<p class=\"wp-block-paragraph\">Ulosottoon on p\u00e4\u00e4tynyt my\u00f6s saatava, joka liittyy Amandan edesmenneen is\u00e4n Roy Harkimon hautajaisiin.<\/p>\n<p class=\"wp-block-paragraph\">Korkojen ja oikeuskulujen my\u00f6t\u00e4 hautauslasku on kasvanut 816 euroon. My\u00f6s seurakunnalle on velkaa muutamia satoja euroja, kertoo <a href=\"https:\/\/www.seiska.fi\/vain-seiskassa\/amanda-harkimo-joutui-ulosottoon-isan-hautajaiset-yha-maksamatta\/2247487\" target=\"_blank\" rel=\"noopener noreferrer nofollow\">Seiska.<\/a><\/p>\n<p class=\"wp-block-paragraph\">Roy Harkimon hautajaisista on kulunut noin puolitoista vuotta.<\/p>\n<p>Lue my\u00f6s: <a href=\"https:\/\/www.como.fi\/uutiset\/il-amanda-harkimo-taksissa-kuljettaja-piinasi\/\" title=\"IL: Amanda Harkimo taksissa \u2013 kuljettaja piinasi\" class=\"underline-custom !font-heading !font-bold !underline-offset-4 !decoration-4 !decoration-accent !text-md\" rel=\"nofollow noopener\" target=\"_blank\">IL: Amanda Harkimo taksissa \u2013 kuljettaja piinasi<\/a><\/p>\n","protected":false},"excerpt":{"rendered":"Seiska uutisoi tiskijukka Amanda Harkimon talouskurimuksesta. Jopa is\u00e4n hautajaiskulut ovat p\u00e4\u00e4tyneet voudin p\u00f6yd\u00e4lle. Ama on ulosottoon pystyss\u00e4 t\u00e4ll\u00e4&hellip;\n","protected":false},"author":2,"featured_media":338917,"comment_status":"","ping_status":"","sticky":false,"template":"","format":"standard","meta":{"footnotes":"","_share_on_mastodon":"0"},"categories":[136],"tags":[2174,407,137,33,31,30,408,32,109],"class_list":["post-338916","post","type-post","status-publish","format-standard","has-post-thumbnail","category-julkkikset","tag-amanda-harkimo","tag-celebrities","tag-entertainment","tag-fi","tag-finland","tag-finnish","tag-julkkikset","tag-suomi","tag-viihde"],"share_on_mastodon":{"url":"https:\/\/pubeurope.com\/@fi\/117196786370935996","error":""},"_links":{"self":[{"href":"https:\/\/www.europesays.com\/fi\/wp-json\/wp\/v2\/posts\/338916","targetHints":{"allow":["GET"]}}],"collection":[{"href":"https:\/\/www.europesays.com\/fi\/wp-json\/wp\/v2\/posts"}],"about":[{"href":"https:\/\/www.europesays.com\/fi\/wp-json\/wp\/v2\/types\/post"}],"author":[{"embeddable":true,"href":"https:\/\/www.europesays.com\/fi\/wp-json\/wp\/v2\/users\/2"}],"replies":[{"embeddable":true,"href":"https:\/\/www.europesays.com\/fi\/wp-json\/wp\/v2\/comments?post=338916"}],"version-history":[{"count":0,"href":"https:\/\/www.europesays.com\/fi\/wp-json\/wp\/v2\/posts\/338916\/revisions"}],"wp:featuredmedia":[{"embeddable":true,"href":"https:\/\/www.europesays.com\/fi\/wp-json\/wp\/v2\/media\/338917"}],"wp:attachment":[{"href":"https:\/\/www.europesays.com\/fi\/wp-json\/wp\/v2\/media?parent=338916"}],"wp:term":[{"taxonomy":"category","embeddable":true,"href":"https:\/\/www.europesays.com\/fi\/wp-json\/wp\/v2\/categories?post=338916"},{"taxonomy":"post_tag","embeddable":true,"href":"https:\/\/www.europesays.com\/fi\/wp-json\/wp\/v2\/tags?post=338916"}],"curies":[{"name":"wp","href":"https:\/\/api.w.org\/{rel}","templated":true}]}}