{"id":338948,"date":"2026-09-01T17:30:12","date_gmt":"2026-09-01T17:30:12","guid":{"rendered":"https:\/\/www.europesays.com\/fi\/338948\/"},"modified":"2026-09-01T17:30:12","modified_gmt":"2026-09-01T17:30:12","slug":"tekoalybuumi-tyhjentaa-laitemarkkinat-openai-haalii-nyt-kymmenia-tuhansia-mac-tietokoneita","status":"publish","type":"post","link":"https:\/\/www.europesays.com\/fi\/338948\/","title":{"rendered":"Teko\u00e4lybuumi tyhjent\u00e4\u00e4 laitemarkkinat: OpenAI haalii nyt kymmeni\u00e4 tuhansia Mac-tietokoneita"},"content":{"rendered":"<p>Kuluttajan pit\u00e4\u00e4 olla hereill\u00e4, jos haluaa saada omansa.<\/p>\n<p>Muistipiirien hintojen nousu <a href=\"https:\/\/wccftech.com\/openai-hoarding-tens-of-thousands-of-apple-mac-mini-and-mac-studio-devices-as-asus-and-msi-burn-through-their-entire-first-batch-of-nvidia-rtx-spark-chip-and-beg-for-more\/\" target=\"_blank\" rel=\"noreferrer noopener nofollow\">on<\/a> oma ongelmansa kuluttajille, mutta uusi pulma nostaa jo p\u00e4\u00e4t\u00e4\u00e4n. Kuluttajamarkkinoille suunnatut, teko\u00e4lyk\u00e4ytt\u00f6\u00f6n soveltuvat laitteet k\u00e4yv\u00e4t nyt kaupaksi enn\u00e4tystahtia. Ostajana on yll\u00e4tt\u00e4v\u00e4 taho.<\/p>\n<p>Tuoreiden raporttien mukaan teko\u00e4ly-yhti\u00f6 OpenAI on ostanut viime kuukausina kymmeni\u00e4 tuhansia Apple Mac mini- ja Mac Studio -tietokoneita. Syyn\u00e4 on, ett\u00e4 laitteiden yhten\u00e4inen muistiarkkitehtuuri ja nopea Thunderbolt 5 -yhteys tekev\u00e4t niist\u00e4 ihanteellisia agenttipohjaisten teko\u00e4lymallien ajamiseen.<\/p>\n<p>My\u00f6s kilpailevan Anthropican kerrotaan vuokraavan samoja Apple-laitteita AWS-pilvipalvelun kautta.<\/p>\n<p>Teko\u00e4lylaitteita haluavien kuluttajien t\u00e4ytyy olla hereill\u00e4 my\u00f6s Nvidian tulevan tuotteen kohdalla. Syksyll\u00e4 julkaistavat RTX Sparkit on jo myyty loppuun ennen niiden virallista kauppoihin saapumista.<\/p>\n<p>Laitevalmistajat kuten ASUS, MSI, Dell, HP ja Lenovo ovat ahmineet ensimm\u00e4iset toimituser\u00e4t, ja ASUS sek\u00e4 MSI pyyt\u00e4v\u00e4t jo Nvidialta lis\u00e4toimituksia kysynn\u00e4n vuoksi.<\/p>\n<p>LUE MY\u00d6S: <a href=\"https:\/\/muropaketti.com\/tietotekniikka\/tietotekniikkauutiset\/demo-nvidia-rtx-spark-kannettava-sopii-mainiosti-pelaamiseen\/\" rel=\"nofollow noopener\" target=\"_blank\">Demo: Nvidia RTX Spark -kannettava sopii mainiosti pelaamiseen<\/a><\/p>\n","protected":false},"excerpt":{"rendered":"Kuluttajan pit\u00e4\u00e4 olla hereill\u00e4, jos haluaa saada omansa. Muistipiirien hintojen nousu on oma ongelmansa kuluttajille, mutta uusi pulma&hellip;\n","protected":false},"author":2,"featured_media":338949,"comment_status":"","ping_status":"","sticky":false,"template":"","format":"standard","meta":{"footnotes":"","_share_on_mastodon":"0"},"categories":[89],"tags":[432,25335,1029,41863,431,33,31,30,41864,3348,3934,36239,32,91,92,433],"class_list":["post-338948","post","type-post","status-publish","format-standard","has-post-thumbnail","category-tekoaly","tag-ai","tag-anthropic","tag-apple","tag-apple-mac-mini","tag-artificial-intelligence","tag-fi","tag-finland","tag-finnish","tag-mac-studio","tag-nvidia","tag-openai","tag-rtx-spark","tag-suomi","tag-technology","tag-teknologia","tag-tekoaly"],"share_on_mastodon":{"url":"https:\/\/pubeurope.com\/@fi\/117196975141200140","error":""},"_links":{"self":[{"href":"https:\/\/www.europesays.com\/fi\/wp-json\/wp\/v2\/posts\/338948","targetHints":{"allow":["GET"]}}],"collection":[{"href":"https:\/\/www.europesays.com\/fi\/wp-json\/wp\/v2\/posts"}],"about":[{"href":"https:\/\/www.europesays.com\/fi\/wp-json\/wp\/v2\/types\/post"}],"author":[{"embeddable":true,"href":"https:\/\/www.europesays.com\/fi\/wp-json\/wp\/v2\/users\/2"}],"replies":[{"embeddable":true,"href":"https:\/\/www.europesays.com\/fi\/wp-json\/wp\/v2\/comments?post=338948"}],"version-history":[{"count":0,"href":"https:\/\/www.europesays.com\/fi\/wp-json\/wp\/v2\/posts\/338948\/revisions"}],"wp:featuredmedia":[{"embeddable":true,"href":"https:\/\/www.europesays.com\/fi\/wp-json\/wp\/v2\/media\/338949"}],"wp:attachment":[{"href":"https:\/\/www.europesays.com\/fi\/wp-json\/wp\/v2\/media?parent=338948"}],"wp:term":[{"taxonomy":"category","embeddable":true,"href":"https:\/\/www.europesays.com\/fi\/wp-json\/wp\/v2\/categories?post=338948"},{"taxonomy":"post_tag","embeddable":true,"href":"https:\/\/www.europesays.com\/fi\/wp-json\/wp\/v2\/tags?post=338948"}],"curies":[{"name":"wp","href":"https:\/\/api.w.org\/{rel}","templated":true}]}}