{"id":338950,"date":"2026-09-01T17:35:16","date_gmt":"2026-09-01T17:35:16","guid":{"rendered":"https:\/\/www.europesays.com\/fi\/338950\/"},"modified":"2026-09-01T17:35:16","modified_gmt":"2026-09-01T17:35:16","slug":"enzo-pulkkinen-parantumaton-syopa","status":"publish","type":"post","link":"https:\/\/www.europesays.com\/fi\/338950\/","title":{"rendered":"Enzo Pulkkinen: Parantumaton sy\u00f6p\u00e4"},"content":{"rendered":"<p>Hausmylly ilmoittaa faneilleen surullisia uutisia keulakuvastaan Hannu \u201dEnzo\u201d Pulkkisesta.<\/p>\n<p><img decoding=\"async\" class=\"image image-show image-preview\" src=\"https:\/\/www.europesays.com\/fi\/wp-content\/uploads\/2026\/09\/2b02f51b60a5dc6ead8e833d98e5e48c477e18cf925f3a165c161d22501f0096.jpg\" alt=\"\"\/><img decoding=\"async\" class=\"image image-show\" src=\"https:\/\/www.europesays.com\/fi\/wp-content\/uploads\/2026\/09\/1788284116_337_2b02f51b60a5dc6ead8e833d98e5e48c477e18cf925f3a165c161d22501f0096.jpg\" alt=\"\"\/><\/p>\n<p>Enzo Pulkkinen on Hausmyllyn perustajaj\u00e4sen Mika Rinne<\/p>\n<p class=\"paragraph\">Hausmylly-yhtyeen keulahahmona tunnetun <strong>Hannu \u201dEnzo\u201d Pulkkisen<\/strong> sy\u00f6p\u00e4 on levinnyt. Yhtye ilmoittaa asiasta Instagram-julkaisussaan.<\/p>\n<p class=\"paragraph\">\u2013 Meill\u00e4 on valitettavasti ik\u00e4vi\u00e4 uutisia kerrottavana. B\u00e4ndimme keulahahmo ja syd\u00e4n, rakas Enzo, on saanut raskaita uutisia viimeisimm\u00e4ss\u00e4 sy\u00f6p\u00e4kontrollissa. Sy\u00f6p\u00e4 on levinnyt keuhkoihin, eik\u00e4 parantavaa hoitoa ole en\u00e4\u00e4 mahdollista antaa, b\u00e4ndi tiedottaa.<\/p>\n<p class=\"paragraph\">\u2013 Vaikka uutinen on meille kaikille musertava, Enzo ei anna sen vied\u00e4 h\u00e4nelt\u00e4 el\u00e4m\u00e4niloa. H\u00e4n haluaa edelleen el\u00e4\u00e4 t\u00e4ysill\u00e4, nauttia jokaisesta hetkest\u00e4 ja tehd\u00e4 juuri niit\u00e4 asioita, jotka tuovat h\u00e4nelle iloa, yhtye lis\u00e4\u00e4.<\/p>\n<p class=\"paragraph\">Mik\u00e4li linkki ei n\u00e4y, voit katsoa julkaisun <a href=\"https:\/\/www.instagram.com\/p\/Dcv81rIAD_S\/?img_index=1\" target=\"_blank\" rel=\"noopener nofollow\">t\u00e4\u00e4lt\u00e4<\/a>.<\/p>\n<p class=\"paragraph\">Huhtikuussa b\u00e4ndi ilmoitti, ett\u00e4 Pulkkisen <a href=\"https:\/\/www.iltalehti.fi\/viihdeuutiset\/8d4a86a5-ce26-47e6-82e8-edc9226e4b40\" rel=\"nofollow noopener\" target=\"_blank\">sy\u00f6p\u00e4 oli pys\u00e4htynyt<\/a>. B\u00e4ndin mukaan Pulkkiselle ei ollut tullut uusia kasvaimia, eik\u00e4 vanha ollut kasvanut.<\/p>\n<p class=\"paragraph\">Pulkkinen kertoi maaliskuussa p\u00e4\u00e4tt\u00e4v\u00e4ns\u00e4 muusikon uransa <a href=\"https:\/\/www.iltalehti.fi\/viihdeuutiset\/34a0e5ca-86be-4a0f-a5e1-f916b156ec27\" rel=\"nofollow noopener\" target=\"_blank\">sy\u00f6v\u00e4n vuoksi.<\/a> H\u00e4n sai keuhkosy\u00f6p\u00e4diagnoosin vuonna 2020. Kes\u00e4n lopulla 2025 h\u00e4n kertoi sy\u00f6v\u00e4n uusiutuneen ja samana syksyn\u00e4 aloittavansa sy\u00f6v\u00e4n levi\u00e4mist\u00e4 est\u00e4v\u00e4t sytostaattihoidot.<\/p>\n<p class=\"paragraph\">Pulkkisen Mia-vaimolla todettiin rintasy\u00f6p\u00e4 vuonna 2020, ja my\u00f6hemmin h\u00e4nelt\u00e4 l\u00f6ydettiin my\u00f6s melanooma. Viime huhtikuussa Hausmylly kertoi Mian saaneen hyvi\u00e4 uutisia sairastamaansa sy\u00f6p\u00e4\u00e4n liittyen.<\/p>\n<p class=\"paragraph\">Pulkkinen on vuonna 1989 perustetun Hausmyllyn perustajaj\u00e4sen. Yhtyeen kokoonpano on vuosien saatossa vaihdellut. B\u00e4ndin hitteihin lukeutuvat muun muassa Ik\u00e4v\u00e4 lokakuu, Maailman reunalla sek\u00e4 Keh\u00e4raakkeja ja kuninkaita.<\/p>\n<p>Enzo Pulkkisella diagnosoitiin keuhkosy\u00f6p\u00e4 vuonna 2020. Mika Rinne<\/p>\n<p><script async src=\"\/\/www.instagram.com\/embed.js\"><\/script><\/p>\n","protected":false},"excerpt":{"rendered":"Hausmylly ilmoittaa faneilleen surullisia uutisia keulakuvastaan Hannu \u201dEnzo\u201d Pulkkisesta. Enzo Pulkkinen on Hausmyllyn perustajaj\u00e4sen Mika Rinne Hausmylly-yhtyeen keulahahmona&hellip;\n","protected":false},"author":2,"featured_media":338951,"comment_status":"","ping_status":"","sticky":false,"template":"","format":"standard","meta":{"footnotes":"","_share_on_mastodon":"0"},"categories":[136],"tags":[35,138,407,137,33,31,30,408,47,141,32,484,167,109],"class_list":["post-338950","post","type-post","status-publish","format-standard","has-post-thumbnail","category-julkkikset","tag-24h","tag-audio","tag-celebrities","tag-entertainment","tag-fi","tag-finland","tag-finnish","tag-julkkikset","tag-musiikki","tag-muusikot-bandit","tag-suomi","tag-taiteellinen-ilmaisu-ja-mediat","tag-terveys","tag-viihde"],"share_on_mastodon":{"url":"https:\/\/pubeurope.com\/@fi\/117196995673301864","error":""},"_links":{"self":[{"href":"https:\/\/www.europesays.com\/fi\/wp-json\/wp\/v2\/posts\/338950","targetHints":{"allow":["GET"]}}],"collection":[{"href":"https:\/\/www.europesays.com\/fi\/wp-json\/wp\/v2\/posts"}],"about":[{"href":"https:\/\/www.europesays.com\/fi\/wp-json\/wp\/v2\/types\/post"}],"author":[{"embeddable":true,"href":"https:\/\/www.europesays.com\/fi\/wp-json\/wp\/v2\/users\/2"}],"replies":[{"embeddable":true,"href":"https:\/\/www.europesays.com\/fi\/wp-json\/wp\/v2\/comments?post=338950"}],"version-history":[{"count":0,"href":"https:\/\/www.europesays.com\/fi\/wp-json\/wp\/v2\/posts\/338950\/revisions"}],"wp:featuredmedia":[{"embeddable":true,"href":"https:\/\/www.europesays.com\/fi\/wp-json\/wp\/v2\/media\/338951"}],"wp:attachment":[{"href":"https:\/\/www.europesays.com\/fi\/wp-json\/wp\/v2\/media?parent=338950"}],"wp:term":[{"taxonomy":"category","embeddable":true,"href":"https:\/\/www.europesays.com\/fi\/wp-json\/wp\/v2\/categories?post=338950"},{"taxonomy":"post_tag","embeddable":true,"href":"https:\/\/www.europesays.com\/fi\/wp-json\/wp\/v2\/tags?post=338950"}],"curies":[{"name":"wp","href":"https:\/\/api.w.org\/{rel}","templated":true}]}}