{"id":338952,"date":"2026-09-01T17:36:18","date_gmt":"2026-09-01T17:36:18","guid":{"rendered":"https:\/\/www.europesays.com\/fi\/338952\/"},"modified":"2026-09-01T17:36:18","modified_gmt":"2026-09-01T17:36:18","slug":"arkkitehtuuri-finlandia-palkinnon-saajaksi-ehdolla-kerrostalo-savusauna-kampus-ja-juutalaismuseo-katso-kuvat-ehdokkaista-uutissuomalainen-2","status":"publish","type":"post","link":"https:\/\/www.europesays.com\/fi\/338952\/","title":{"rendered":"Arkkitehtuuri Finlandia -palkinnon saajaksi ehdolla kerrostalo, savusauna, kampus ja juutalaismuseo \u2013 katso kuvat ehdokkaista | Uutissuomalainen"},"content":{"rendered":"<p>Arkkitehtuuri Finlandia -palkinnon nelj\u00e4 finalistia on valittu.<\/p>\n<p>Ehdolla ovat Helsingin Oulunkyl\u00e4ss\u00e4 oleva asuinkerrostalo Helsingin Muurarimestari, Vantaan Kuusij\u00e4rven virkistysalueen uudet savusaunat, Porin ruotsinkielisen kulttuuris\u00e4\u00e4ti\u00f6n Skib-kampus sek\u00e4 h\u00e4vitetyst\u00e4 juutalaisyhteis\u00f6st\u00e4 kertova The Lost Shtetl -museo Liettuassa.<\/p>\n<p>Palkinnon valitseva tuomari vaihtelee vuosittain. T\u00e4n\u00e4 vuonna palkinnon valitsee tutkija ja tietokirjailija Timo Miettinen.<\/p>\n<p>Esiraadin puheenjohtajan, professori Panu Savolaisen mukaan finalisteiksi valikoitui nelj\u00e4 hyvin erilaista kohdetta.<\/p>\n<p>\u2013\u2009Yhteist\u00e4 kohteille on se, ett\u00e4 ne palvelevat yhteis\u00f6j\u00e4\u00e4n harkitusti ja kest\u00e4v\u00e4sti, Savolainen sanoi tiedotteessa.<\/p>\n<p>Palkinto jaetaan lokakuun 5. p\u00e4iv\u00e4. Palkittavan kohteen tulee joko olla suunniteltu Suomeen tai suomalaisen ulkomaille suunnittelema.<\/p>\n<p>\t\t<a class=\"diks-gallery__link\" href=\"https:\/\/www.uutissuomalainen.fi\/incoming\/477baf\/tu-240708-muurarimestari-055.jpg\/alternates\/FREE_1440\/tu-240708-muurarimestari-055.jpg\" data-thumbnail=\"\" data-sub-html=\"Asuinkerrostalo Muurarimestari Helsingin Oulunkyl\u00e4ss\u00e4. Tuomas Uusheimo\" aria-label=\"Katso isompi kuva\" rel=\"nofollow noopener\" target=\"_blank\"><br \/>\n\t\t\t\t<img class=\"diks-figure__image\" src=\"https:\/\/www.europesays.com\/fi\/wp-content\/uploads\/2026\/09\/1788284176_103_tu-240708-muurarimestari-055.jpg\" loading=\"lazy\" decoding=\"sync\" alt=\"\"\/><\/p>\n<p>\t\t\t<\/a><br \/>\n\t\t\t\t\tAsuinkerrostalo Muurarimestari Helsingin Oulunkyl\u00e4ss\u00e4. Tuomas Uusheimo<\/p>\n<p>\t\t<a class=\"diks-gallery__link\" href=\"https:\/\/www.uutissuomalainen.fi\/incoming\/u32bod\/jkmm-skib-tuomas-uusheimo-4-scaled.jpg\/alternates\/FREE_1440\/jkmm-skib--tuomas-uusheimo-4-scaled.jpg\" data-thumbnail=\"\" data-sub-html=\"Porin ruotsinkielisen kulttuuris\u00e4\u00e4ti\u00f6n Skib-kampus. Tuomas uusheimo\" aria-label=\"Katso isompi kuva\" rel=\"nofollow noopener\" target=\"_blank\"><br \/>\n\t\t\t\t<img class=\"diks-figure__image\" src=\"https:\/\/www.europesays.com\/fi\/wp-content\/uploads\/2026\/09\/1788284177_316_jkmm-skib--tuomas-uusheimo-4-scaled.jpg\" loading=\"lazy\" decoding=\"sync\" alt=\"\"\/><\/p>\n<p>\t\t\t<\/a><br \/>\n\t\t\t\t\tPorin ruotsinkielisen kulttuuris\u00e4\u00e4ti\u00f6n Skib-kampus. Tuomas uusheimo<\/p>\n<p>\t\t<a class=\"diks-gallery__link\" href=\"https:\/\/www.uutissuomalainen.fi\/incoming\/yxmnh3\/3.-view-from-the-cemetery_photo-credit-kuvatoimisto-kuvio-scaled.jpg\/alternates\/FREE_1440\/3.-view-from-the-cemetery_photo-credit-kuvatoimisto-kuvio-scaled.jpg\" data-thumbnail=\"\" data-sub-html=\"H\u00e4vitetyst\u00e4 juutalaisyhteis\u00f6st\u00e4 kertova The Lost Shtetl -museo Liettuassa. Kuvatoimisto Kuvio\" aria-label=\"Katso isompi kuva\" rel=\"nofollow noopener\" target=\"_blank\"><br \/>\n\t\t\t\t<img class=\"diks-figure__image\" src=\"https:\/\/www.europesays.com\/fi\/wp-content\/uploads\/2026\/09\/1788284178_229_3.-view-from-the-cemetery_photo-credit-kuvatoimisto-kuvio-scaled.jpg\" loading=\"lazy\" decoding=\"sync\" alt=\"\"\/><\/p>\n<p>\t\t\t<\/a><br \/>\n\t\t\t\t\tH\u00e4vitetyst\u00e4 juutalaisyhteis\u00f6st\u00e4 kertova The Lost Shtetl -museo Liettuassa. Kuvatoimisto Kuvio<\/p>\n","protected":false},"excerpt":{"rendered":"Arkkitehtuuri Finlandia -palkinnon nelj\u00e4 finalistia on valittu. Ehdolla ovat Helsingin Oulunkyl\u00e4ss\u00e4 oleva asuinkerrostalo Helsingin Muurarimestari, Vantaan Kuusij\u00e4rven virkistysalueen&hellip;\n","protected":false},"author":2,"featured_media":338953,"comment_status":"","ping_status":"","sticky":false,"template":"","format":"standard","meta":{"footnotes":"","_share_on_mastodon":"0"},"categories":[135],"tags":[389,387,388,36,390,137,33,31,30,104,108,952,7388,2787,2355,32,394,393,391,392,109],"class_list":["post-338952","post","type-post","status-publish","format-standard","has-post-thumbnail","category-taiteet-ja-suunnittelu","tag-arts","tag-arts-and-design","tag-artsanddesign","tag-asuintalot-ja-asunnot","tag-design","tag-entertainment","tag-fi","tag-finland","tag-finnish","tag-helsinki","tag-kulttuuri","tag-oulu","tag-oulunkyla","tag-pori","tag-rakennus","tag-suomi","tag-suunnittelu","tag-taiteet","tag-taiteet-ja-suunnittelu","tag-taiteetsuunnittelu","tag-viihde"],"share_on_mastodon":{"url":"https:\/\/pubeurope.com\/@fi\/117196998939580253","error":""},"_links":{"self":[{"href":"https:\/\/www.europesays.com\/fi\/wp-json\/wp\/v2\/posts\/338952","targetHints":{"allow":["GET"]}}],"collection":[{"href":"https:\/\/www.europesays.com\/fi\/wp-json\/wp\/v2\/posts"}],"about":[{"href":"https:\/\/www.europesays.com\/fi\/wp-json\/wp\/v2\/types\/post"}],"author":[{"embeddable":true,"href":"https:\/\/www.europesays.com\/fi\/wp-json\/wp\/v2\/users\/2"}],"replies":[{"embeddable":true,"href":"https:\/\/www.europesays.com\/fi\/wp-json\/wp\/v2\/comments?post=338952"}],"version-history":[{"count":0,"href":"https:\/\/www.europesays.com\/fi\/wp-json\/wp\/v2\/posts\/338952\/revisions"}],"wp:featuredmedia":[{"embeddable":true,"href":"https:\/\/www.europesays.com\/fi\/wp-json\/wp\/v2\/media\/338953"}],"wp:attachment":[{"href":"https:\/\/www.europesays.com\/fi\/wp-json\/wp\/v2\/media?parent=338952"}],"wp:term":[{"taxonomy":"category","embeddable":true,"href":"https:\/\/www.europesays.com\/fi\/wp-json\/wp\/v2\/categories?post=338952"},{"taxonomy":"post_tag","embeddable":true,"href":"https:\/\/www.europesays.com\/fi\/wp-json\/wp\/v2\/tags?post=338952"}],"curies":[{"name":"wp","href":"https:\/\/api.w.org\/{rel}","templated":true}]}}