{"id":338958,"date":"2026-09-01T17:44:13","date_gmt":"2026-09-01T17:44:13","guid":{"rendered":"https:\/\/www.europesays.com\/fi\/338958\/"},"modified":"2026-09-01T17:44:13","modified_gmt":"2026-09-01T17:44:13","slug":"karhujahti-on-paattynyt-sotkamossa-kainuu","status":"publish","type":"post","link":"https:\/\/www.europesays.com\/fi\/338958\/","title":{"rendered":"Karhujahti on p\u00e4\u00e4ttynyt Sotkamossa | Kainuu"},"content":{"rendered":"<p class=\"aw__sc-1qwuw0s-0 aw__sc-1vg2sqm-0 epAWpq ecELkD yle__article__paragraph\">Kannan\u00adhoidollinen karhunmets\u00e4stys vei Kainuussa 11 p\u00e4iv\u00e4\u00e4. Poron\u00adhoito\u00adalueen kiinti\u00f6\u00admets\u00e4stys p\u00e4\u00e4ttyy lokakuun lopussa tai jos kiinti\u00f6t t\u00e4yttyv\u00e4t.<\/p>\n<p><img decoding=\"async\" alt=\"Karhu k\u00e4velee mets\u00e4ss\u00e4.\" src=\"https:\/\/www.europesays.com\/fi\/wp-content\/uploads\/2026\/09\/1786105809.jpeg\" class=\"aw__sc-dklauk-0 LPzKX\"\/><\/p>\n<p>Avaa kuvien katselu<\/p>\n<p>Karhu kuvattu t\u00e4m\u00e4n vuoden hein\u00e4kuussa suomalaisessa mets\u00e4ss\u00e4. Kuva: Giedrius Stakauskas \/ All Over Press<\/p>\n<p class=\"aw__sc-1qwuw0s-0 aw__sc-ngllmo-0 epAWpq fzYpjk yle__article__paragraph\">Karhujahti on p\u00e4\u00e4ttynyt Sotkamossa. Viimeinen Kainuuseen my\u00f6nnetyst\u00e4 kannanhoidollisen poikkeusluvan yhdeks\u00e4st\u00e4 karhusta saatiin kaadettua eilen maanantaina.<\/p>\n<p class=\"aw__sc-1qwuw0s-0 aw__sc-ngllmo-0 epAWpq fzYpjk yle__article__paragraph\">Karhun mets\u00e4stys jatkuu Kainuussa poronhoitoalueella. Suomussalmella on t\u00e4h\u00e4n menness\u00e4 kaadettu 17 karhua, Hyrynsalmella kaksi ja Puolangalla yksi.<\/p>\n<p class=\"aw__sc-1qwuw0s-0 aw__sc-ngllmo-0 epAWpq fzYpjk yle__article__paragraph\">Suomussalmi kuuluu it\u00e4iseen poronhoitoalueeseen, jossa 70 karhun kiinti\u00f6st\u00e4 on j\u00e4ljell\u00e4 39 karhua. Hyrynsalmi ja Puolanka taas kuuluvat l\u00e4ntiseen poronhoitoalueeseen, jossa 15 karhun kiinti\u00f6st\u00e4 on j\u00e4ljell\u00e4 kahdeksan.<\/p>\n<p class=\"aw__sc-1qwuw0s-0 aw__sc-ngllmo-0 epAWpq fzYpjk yle__article__paragraph\">Karhunmets\u00e4stys alkoi 20. elokuuta ja mets\u00e4stysaika p\u00e4\u00e4ttyy 31. lokakuuta.<\/p>\n","protected":false},"excerpt":{"rendered":"Kannan\u00adhoidollinen karhunmets\u00e4stys vei Kainuussa 11 p\u00e4iv\u00e4\u00e4. Poron\u00adhoito\u00adalueen kiinti\u00f6\u00admets\u00e4stys p\u00e4\u00e4ttyy lokakuun lopussa tai jos kiinti\u00f6t t\u00e4yttyv\u00e4t. Avaa kuvien katselu&hellip;\n","protected":false},"author":2,"featured_media":338959,"comment_status":"","ping_status":"","sticky":false,"template":"","format":"standard","meta":{"footnotes":"","_share_on_mastodon":"0"},"categories":[112],"tags":[404,33,31,30,29767,723,882,2937,23418,3727,726,118,1988,32,13179,119],"class_list":["post-338958","post","type-post","status-publish","format-standard","has-post-thumbnail","category-tiede","tag-elaimet","tag-fi","tag-finland","tag-finnish","tag-hyrynsalmi","tag-kainuu","tag-karhu","tag-karhunmetsastys","tag-kiintiometsastys","tag-poronhoitoalue","tag-puolanka","tag-science","tag-sotkamo","tag-suomi","tag-suomussalmi","tag-tiede"],"share_on_mastodon":{"url":"https:\/\/pubeurope.com\/@fi\/117197030598160975","error":""},"_links":{"self":[{"href":"https:\/\/www.europesays.com\/fi\/wp-json\/wp\/v2\/posts\/338958","targetHints":{"allow":["GET"]}}],"collection":[{"href":"https:\/\/www.europesays.com\/fi\/wp-json\/wp\/v2\/posts"}],"about":[{"href":"https:\/\/www.europesays.com\/fi\/wp-json\/wp\/v2\/types\/post"}],"author":[{"embeddable":true,"href":"https:\/\/www.europesays.com\/fi\/wp-json\/wp\/v2\/users\/2"}],"replies":[{"embeddable":true,"href":"https:\/\/www.europesays.com\/fi\/wp-json\/wp\/v2\/comments?post=338958"}],"version-history":[{"count":0,"href":"https:\/\/www.europesays.com\/fi\/wp-json\/wp\/v2\/posts\/338958\/revisions"}],"wp:featuredmedia":[{"embeddable":true,"href":"https:\/\/www.europesays.com\/fi\/wp-json\/wp\/v2\/media\/338959"}],"wp:attachment":[{"href":"https:\/\/www.europesays.com\/fi\/wp-json\/wp\/v2\/media?parent=338958"}],"wp:term":[{"taxonomy":"category","embeddable":true,"href":"https:\/\/www.europesays.com\/fi\/wp-json\/wp\/v2\/categories?post=338958"},{"taxonomy":"post_tag","embeddable":true,"href":"https:\/\/www.europesays.com\/fi\/wp-json\/wp\/v2\/tags?post=338958"}],"curies":[{"name":"wp","href":"https:\/\/api.w.org\/{rel}","templated":true}]}}