{"id":338968,"date":"2026-09-01T18:01:10","date_gmt":"2026-09-01T18:01:10","guid":{"rendered":"https:\/\/www.europesays.com\/fi\/338968\/"},"modified":"2026-09-01T18:01:10","modified_gmt":"2026-09-01T18:01:10","slug":"prinssi-harry-odottaa-anteeksipyyntoa","status":"publish","type":"post","link":"https:\/\/www.europesays.com\/fi\/338968\/","title":{"rendered":"Prinssi Harry odottaa anteeksipyynt\u00f6\u00e4"},"content":{"rendered":"<p>L\u00e4hteiden mukaan prinssi Harry ei ole viel\u00e4 leppynyt.<\/p>\n<p><img decoding=\"async\" class=\"image image-show image-preview\" src=\"https:\/\/www.europesays.com\/fi\/wp-content\/uploads\/2026\/09\/4f865bdd3a59d7a6169df61a600878d3b42cad7ad976ff1cd448ea6116876328.jpg\" alt=\"\"\/><img decoding=\"async\" class=\"image image-show\" src=\"https:\/\/www.europesays.com\/fi\/wp-content\/uploads\/2026\/09\/1788285670_481_4f865bdd3a59d7a6169df61a600878d3b42cad7ad976ff1cd448ea6116876328.jpg\" alt=\"\"\/><\/p>\n<p>\u201dH\u00e4n on Oprah-haastattelun mielentilassa\u201d, l\u00e4hde kuvailee Harryn mielialaa. AOP<\/p>\n<p class=\"paragraph\">Prinssi <a href=\"https:\/\/www.iltalehti.fi\/henkilot\/Harry\" class=\"article-link-person-page\" rel=\"nofollow noopener\" target=\"_blank\">Harry<\/a> on yht\u00e4 vihainen palatessaan Britanniaan kuin sielt\u00e4 l\u00e4htiess\u00e4\u00e4nkin. N\u00e4in arvioi sis\u00e4piiril\u00e4inen <a href=\"https:\/\/www.mirror.co.uk\/news\/royals\/harry-still-angry-royals-despite-37608146\" rel=\"noopener nofollow\" target=\"_blank\">Mirror<\/a>-julkaisulle.<\/p>\n<p class=\"paragraph\">Prinssi Harryn ja herttuatar <a href=\"https:\/\/www.iltalehti.fi\/henkilot\/Meghan, Sussexin herttuatar\" class=\"article-link-person-page\" rel=\"nofollow noopener\" target=\"_blank\">Meghanin<\/a> <a href=\"https:\/\/www.iltalehti.fi\/kuninkaalliset\/c6121ffc-811e-40e3-8eea-8683f9663983\" rel=\"nofollow noopener\" target=\"_blank\">paluu on her\u00e4tt\u00e4nyt toiveita kuningasperheen v\u00e4lien korjaantumisesta<\/a>. Mirrorin mukaan prinssin l\u00e4hipiiri kertoo rymin\u00e4ll\u00e4 palanneen Harryn odottavan anteeksipyynt\u00f6\u00e4 Buckinghamin palatsin edustajilta.<\/p>\n<p class=\"paragraph\"><a href=\"https:\/\/www.dailymail.com\/news\/royals\/article-16090077\/Harry-angry-Royal-Family-return-Britain-Megxit.html\" rel=\"noopener nofollow\" target=\"_blank\">Daily Mail<\/a> -lehdelle puhunut l\u00e4hde taas kertoo Harryn tavanneen yst\u00e4vi\u00e4\u00e4n Britanniaan palattuaan.<\/p>\n<p class=\"paragraph\">\u2013 Harryn tavanneet yst\u00e4v\u00e4t odottivat kuulevansa katumuksen ja n\u00f6yryyden s\u00e4vyj\u00e4.<\/p>\n<p class=\"paragraph\">L\u00e4hde sanoi, ett\u00e4 kaikki viittaa siihen, ettei Harrylta ole kuulumassa v\u00e4lit\u00f6nt\u00e4 anteeksipyynt\u00f6\u00e4.<\/p>\n<p class=\"paragraph\">\u2013 P\u00e4invastoin \u2013 h\u00e4n on yh\u00e4 siin\u00e4 Oprah-haastattelun aikaisessa mielentilassa, l\u00e4hde kuvaili.<\/p>\n<p class=\"paragraph\">Harry ja Meghan antoivat haastattelun <a href=\"https:\/\/www.iltalehti.fi\/henkilot\/Oprah Winfrey\" class=\"article-link-person-page\" rel=\"nofollow noopener\" target=\"_blank\">Oprah Winfreylle<\/a> maaliskuussa 2021. Pariskunta ei s\u00e4\u00e4stellyt sanojaan. He kertoivat muun muassa kuninkaallisen perheen pohtineen etuk\u00e4teen huolissaan parin pojan <a href=\"https:\/\/www.iltalehti.fi\/henkilot\/Archie Harrison\" class=\"article-link-person-page\" rel=\"nofollow noopener\" target=\"_blank\">Archien<\/a> ihonv\u00e4ri\u00e4. Meghan kertoi my\u00f6s itsetuhoisista ajatuksistaan, joihin h\u00e4n ei saanut pyyt\u00e4m\u00e4\u00e4ns\u00e4 ja tarvitsemaansa tukea. Harry kertoi et\u00e4isist\u00e4 v\u00e4leist\u00e4 perheens\u00e4 kanssa.<\/p>\n<p>Prinssi Harry ja herttuatar Meghan palasivat Britanniaan.  AOP<\/p>\n<p>V\u00e4\u00e4nt\u00f6 turvatoimista<\/p>\n<p class=\"paragraph\">Prinssi Harry ja herttuatar Meghan palasivat keskiviikkona 26. elokuuta Yhdysvaltojen Kaliforniasta entiseen kotimaahansa Britanniaan.<\/p>\n<p class=\"paragraph\">Pari menetti oikeutensa korkeimman luokan turvapalveluun j\u00e4tetty\u00e4\u00e4n vuonna 2020 kuninkaalliset ty\u00f6teht\u00e4v\u00e4ns\u00e4.<\/p>\n<p class=\"paragraph\">Perhe on tiett\u00e4v\u00e4sti nyt l\u00f6yt\u00e4nyt kodin Cotswaldsin alueelta. Perheen lapset aloittavat brittil\u00e4isess\u00e4 koulussa syyskuussa.<\/p>\n<p class=\"paragraph\">Harry perheineen toivoo <a href=\"https:\/\/www.iltalehti.fi\/kuninkaalliset\/f93b73f9-9eee-4da4-8836-27300930b7e1\" rel=\"nofollow noopener\" target=\"_blank\">edun korkeimman luokan suojelusta palaavan<\/a>. Britannian sis\u00e4ministeri\u00f6 on tilannut uuden selvityksen perheen kokemasta terroriuhasta. Prinssi pyysi turvatoimien uudelleenarvioimista henkil\u00f6kohtaisesti sis\u00e4ministeri <a href=\"https:\/\/www.iltalehti.fi\/henkilot\/Shabana Mahmood\" class=\"article-link-person-page\" rel=\"nofollow noopener\" target=\"_blank\">Shabana Mahmoodilta<\/a> Britanniaan saavuttuaan.<\/p>\n","protected":false},"excerpt":{"rendered":"L\u00e4hteiden mukaan prinssi Harry ei ole viel\u00e4 leppynyt. \u201dH\u00e4n on Oprah-haastattelun mielentilassa\u201d, l\u00e4hde kuvailee Harryn mielialaa. AOP Prinssi&hellip;\n","protected":false},"author":2,"featured_media":338969,"comment_status":"","ping_status":"","sticky":false,"template":"","format":"standard","meta":{"footnotes":"","_share_on_mastodon":"0"},"categories":[136],"tags":[35,654,407,137,33,31,30,408,653,652,98,3860,32,109],"class_list":["post-338968","post","type-post","status-publish","format-standard","has-post-thumbnail","category-julkkikset","tag-24h","tag-britannian-kuningashuone","tag-celebrities","tag-entertainment","tag-fi","tag-finland","tag-finnish","tag-julkkikset","tag-julkkisperheet","tag-kuninkaalliset","tag-perhe","tag-prinssi-harryn-perhe","tag-suomi","tag-viihde"],"share_on_mastodon":{"url":"https:\/\/pubeurope.com\/@fi\/117197097988586348","error":""},"_links":{"self":[{"href":"https:\/\/www.europesays.com\/fi\/wp-json\/wp\/v2\/posts\/338968","targetHints":{"allow":["GET"]}}],"collection":[{"href":"https:\/\/www.europesays.com\/fi\/wp-json\/wp\/v2\/posts"}],"about":[{"href":"https:\/\/www.europesays.com\/fi\/wp-json\/wp\/v2\/types\/post"}],"author":[{"embeddable":true,"href":"https:\/\/www.europesays.com\/fi\/wp-json\/wp\/v2\/users\/2"}],"replies":[{"embeddable":true,"href":"https:\/\/www.europesays.com\/fi\/wp-json\/wp\/v2\/comments?post=338968"}],"version-history":[{"count":0,"href":"https:\/\/www.europesays.com\/fi\/wp-json\/wp\/v2\/posts\/338968\/revisions"}],"wp:featuredmedia":[{"embeddable":true,"href":"https:\/\/www.europesays.com\/fi\/wp-json\/wp\/v2\/media\/338969"}],"wp:attachment":[{"href":"https:\/\/www.europesays.com\/fi\/wp-json\/wp\/v2\/media?parent=338968"}],"wp:term":[{"taxonomy":"category","embeddable":true,"href":"https:\/\/www.europesays.com\/fi\/wp-json\/wp\/v2\/categories?post=338968"},{"taxonomy":"post_tag","embeddable":true,"href":"https:\/\/www.europesays.com\/fi\/wp-json\/wp\/v2\/tags?post=338968"}],"curies":[{"name":"wp","href":"https:\/\/api.w.org\/{rel}","templated":true}]}}