{"id":338970,"date":"2026-09-01T18:02:16","date_gmt":"2026-09-01T18:02:16","guid":{"rendered":"https:\/\/www.europesays.com\/fi\/338970\/"},"modified":"2026-09-01T18:02:16","modified_gmt":"2026-09-01T18:02:16","slug":"tama-helsinkilaislahion-talo-kisaa-suomen-arvostetuimmasta-arkkitehtuuripalkinnosta-paikalliset","status":"publish","type":"post","link":"https:\/\/www.europesays.com\/fi\/338970\/","title":{"rendered":"T\u00e4m\u00e4 helsinkil\u00e4isl\u00e4hi\u00f6n talo kisaa Suomen arvostetuimmasta arkkitehtuuripalkinnosta | Paikalliset"},"content":{"rendered":"<p>Oulunkyl\u00e4ss\u00e4 sijaitseva asuinkerrostalo on ehdolla Arkkitehtuurin Finlandia -palkinnon saajaksi.<\/p>\n<p>Kyseess\u00e4 on jo vuonna 2024 K\u00e4skynhaltijantien varteen valmistunut tiilitalo Helsingin Muurarimestari.<\/p>\n<p>\t\t<a class=\"diks-gallery__link\" href=\"https:\/\/i.media.fi\/incoming\/ivcl79\/11648192.jpg\/alternates\/FREE_1440\/11648192.jpg\" data-thumbnail=\"\" data-sub-html=\"Havainnekuva Helsingin Muurarimestarista K\u00e4skynhaltijantien suunnalta. Tuomas Uusheimo\" aria-label=\"Katso isompi kuva\" rel=\"nofollow noopener\" target=\"_blank\"><br \/>\n\t\t\t\t<img class=\"diks-figure__image\" src=\"https:\/\/www.europesays.com\/fi\/wp-content\/uploads\/2026\/09\/11648192.jpg\" loading=\"lazy\" decoding=\"sync\" alt=\"\"\/><\/p>\n<p>\t\t\t<\/a><br \/>\n\t\t\t\t\tHavainnekuva Helsingin Muurarimestarista K\u00e4skynhaltijantien suunnalta. Tuomas Uusheimo<\/p>\n<p><strong class=\"diks-storyline__impact\">\u2013\u2009Asuinkerrostalo <\/strong> yhdist\u00e4\u00e4 onnistuneesti teknisen kest\u00e4vyyden ja asumisen laadun. Rakennusmateriaalina on k\u00e4ytetty hengitt\u00e4v\u00e4\u00e4 massiivitiilt\u00e4 ja rakennuksessa on painovoimainen ilmanvaihto. Kahteen ilmansuuntaan avautuvien asuntojen pohjaratkaisut ovat monipuolisia, ehdokkaat valinnut raati perustelee tiedotteessa.<\/p>\n<p>\u2013\u2009Julkisivut vaihtelevat ilmansuunnan mukaan: p\u00e4\u00e4kadun puolella ikkunat on paksun tiilimuurin ansiosta voitu upottaa syv\u00e4lle sein\u00e4\u00e4n, kun taas muilla julkisivuilla vaaleat tiilipilasterit j\u00e4sent\u00e4v\u00e4t parvekkeita.<\/p>\n<p>Esiraati kuvailee Muurarimestaria v\u00e4h\u00e4eleiseksi mutta korkealaatuiseksi asuinrakennukseksi, jonka tilat on suunniteltu huolella, kest\u00e4v\u00e4sti ja kauniisti.<\/p>\n<p>\t\t<a class=\"diks-gallery__link\" href=\"https:\/\/i.media.fi\/incoming\/jbzfki\/11648190.jpg\/alternates\/FREE_1440\/11648190.jpg\" data-thumbnail=\"\" data-sub-html=\"N\u00e4kym\u00e4 porrask\u00e4yt\u00e4v\u00e4st\u00e4. Tuomas Uusheimo\" aria-label=\"Katso isompi kuva\" rel=\"nofollow noopener\" target=\"_blank\"><br \/>\n\t\t\t\t<img class=\"diks-figure__image\" src=\"https:\/\/www.europesays.com\/fi\/wp-content\/uploads\/2026\/09\/11648190.jpg\" loading=\"lazy\" decoding=\"sync\" alt=\"\"\/><\/p>\n<p>\t\t\t<\/a><br \/>\n\t\t\t\t\tN\u00e4kym\u00e4 porrask\u00e4yt\u00e4v\u00e4st\u00e4. Tuomas Uusheimo<\/p>\n<p><strong class=\"diks-storyline__impact\">Rakennuksen<\/strong> arkkitehtisuunnittelusta vastasivat Avarrus Arkkitehtien arkkitehdit SAFA <strong>Pauli Siponen<\/strong> (p\u00e4\u00e4suunnittelija),<strong> Noona Lappalainen<\/strong> (projektiarkkitehti), <strong>Niilo Ikonen<\/strong> ja <strong>Atte Aaltonen<\/strong> sek\u00e4 arkkitehdit <strong>Erno Laakso<\/strong> ja<strong> Iida Siponmaa.<\/strong><\/p>\n<p><strong class=\"diks-storyline__impact\">Kolme<\/strong> muuta finalistia ovat Vantaan Kuusij\u00e4rven uudet savusaunat, Liettuan maaseudulle rakennettu The Lost Shtetl -museo ja Porin SKiB-kampus.<\/p>\n<p>\t\t<a class=\"diks-gallery__link\" href=\"https:\/\/i.media.fi\/incoming\/9zbbw3\/11648194.jpg\/alternates\/FREE_1440\/11648194.jpg\" data-thumbnail=\"\" data-sub-html=\"Kuusij\u00e4rven uusien savusaunojen suunnittelusta vastasivat Mer Arkkitehtien arkkitehdit SAFA Julia Hertell (rakennussuunnittelija) ja Kaisa Riippi (projektiarkkitehti) sek\u00e4 Arkkitehtuuri- ja muotoilutoimisto Tallin arkkitehdit SAFA Jenni H\u00f6ltt\u00e4 (p\u00e4\u00e4- ja rakennussuunnittelija) ja Minna Lukander (p\u00e4\u00e4suunnittelija lupavaiheessa). Kalle Kouhia\" aria-label=\"Katso isompi kuva\" rel=\"nofollow noopener\" target=\"_blank\"><br \/>\n\t\t\t\t<img class=\"diks-figure__image\" src=\"https:\/\/www.europesays.com\/fi\/wp-content\/uploads\/2026\/09\/11648194.jpg\" loading=\"lazy\" decoding=\"sync\" alt=\"\"\/><\/p>\n<p>\t\t\t<\/a><br \/>\n\t\t\t\t\tKuusij\u00e4rven uusien savusaunojen suunnittelusta vastasivat Mer Arkkitehtien arkkitehdit SAFA Julia Hertell (rakennussuunnittelija) ja Kaisa Riippi (projektiarkkitehti) sek\u00e4 Arkkitehtuuri- ja muotoilutoimisto Tallin arkkitehdit SAFA Jenni H\u00f6ltt\u00e4 (p\u00e4\u00e4- ja rakennussuunnittelija) ja Minna Lukander (p\u00e4\u00e4suunnittelija lupavaiheessa). Kalle Kouhia<\/p>\n<p>\t\t<a class=\"diks-gallery__link\" href=\"https:\/\/i.media.fi\/incoming\/9bfow7\/11648195.jpg\/alternates\/FREE_1440\/11648195.jpg\" data-thumbnail=\"\" data-sub-html=\"The Lost Shtetl -museo on Lahdelma &amp; Mahlam\u00e4ki arkkitehtien k\u00e4sialaa. P\u00e4\u00e4suunnittelijana toimi arkkitehti SAFA Rainer Mahlam\u00e4ki ja projektiarkkitehteina arkkitehdit Ilkka Syrj\u00e4kari, Owen Lambert sek\u00e4 arkkitehdit SAFA Panu H\u00e4rm\u00e4vaara ja Jukka Savolainen. Paikallinen yhteisty\u00f6toimisto oli Studija 2A. Kuvatoimisto Kuvio Oy\" aria-label=\"Katso isompi kuva\" rel=\"nofollow noopener\" target=\"_blank\"><br \/>\n\t\t\t\t<img class=\"diks-figure__image\" src=\"https:\/\/www.europesays.com\/fi\/wp-content\/uploads\/2026\/09\/11648195.jpg\" loading=\"lazy\" decoding=\"sync\" alt=\"\"\/><\/p>\n<p>\t\t\t<\/a><br \/>\n\t\t\t\t\tThe Lost Shtetl -museo on Lahdelma &amp; Mahlam\u00e4ki arkkitehtien k\u00e4sialaa. P\u00e4\u00e4suunnittelijana toimi arkkitehti SAFA Rainer Mahlam\u00e4ki ja projektiarkkitehteina arkkitehdit Ilkka Syrj\u00e4kari, Owen Lambert sek\u00e4 arkkitehdit SAFA Panu H\u00e4rm\u00e4vaara ja Jukka Savolainen. Paikallinen yhteisty\u00f6toimisto oli Studija 2A. Kuvatoimisto Kuvio Oy<\/p>\n<p>\t\t<a class=\"diks-gallery__link\" href=\"https:\/\/i.media.fi\/incoming\/sbaaqm\/11648191.jpg\/alternates\/FREE_1440\/11648191.jpg\" data-thumbnail=\"\" data-sub-html=\"SKiB-kampuksen suunnitteluty\u00f6st\u00e4 vastasivat JKMM Arkkitehtien arkkitehdit SAFA Samuli Miettinen (p\u00e4\u00e4suunnittelija), Asmo Jaaksi, Teemu Kurkela, Juha M\u00e4ki-Jyllil\u00e4, Susanna Elmn\u00e4inen (projektiarkkitehti) ja Katariina Knuuti (projektiarkkitehti) sek\u00e4 sisustusarkkitehti Sanna von Bruun. Tuomas Uusheimo\" aria-label=\"Katso isompi kuva\" rel=\"nofollow noopener\" target=\"_blank\"><br \/>\n\t\t\t\t<img class=\"diks-figure__image\" src=\"https:\/\/www.europesays.com\/fi\/wp-content\/uploads\/2026\/09\/11648191.jpg\" loading=\"lazy\" decoding=\"sync\" alt=\"\"\/><\/p>\n<p>\t\t\t<\/a><br \/>\n\t\t\t\t\tSKiB-kampuksen suunnitteluty\u00f6st\u00e4 vastasivat JKMM Arkkitehtien arkkitehdit SAFA Samuli Miettinen (p\u00e4\u00e4suunnittelija), Asmo Jaaksi, Teemu Kurkela, Juha M\u00e4ki-Jyllil\u00e4, Susanna Elmn\u00e4inen (projektiarkkitehti) ja Katariina Knuuti (projektiarkkitehti) sek\u00e4 sisustusarkkitehti Sanna von Bruun. Tuomas Uusheimo<\/p>\n<p><strong class=\"diks-storyline__impact\">Finalistikohteet<\/strong> on valinnut Suomen Arkkitehtiliiton (SAFA) hallituksen nime\u00e4m\u00e4 esiraati.<\/p>\n<p>Finalistit valikoitiin avoimella haulla saatujen ehdotusten joukosta. <\/p>\n<p><strong class=\"diks-storyline__impact\">Voittajan<\/strong> valitsee ja julkistaa 5. lokakuuta Eurooppa-tutkija <strong>Timo Miettinen.<\/strong><\/p>\n<p><strong class=\"diks-storyline__impact\">Vuodesta <\/strong>2014 my\u00f6nnetty Arkkitehtuurin Finlandia on Suomen arvostetuin arkkitehtuuripalkinto, jonka tarkoitus on lis\u00e4t\u00e4 arvostusta laadukasta arkkitehtuuria kohtaan ja nostaa esille arkkitehtuurin kulttuurista arvoa ja hyvinvointia lis\u00e4\u00e4v\u00e4\u00e4 merkityst\u00e4.<\/p>\n<p><strong class=\"diks-storyline__impact\">Palkinto <\/strong>my\u00f6nnet\u00e4\u00e4n kolmen viime vuoden aikana valmistuneen rakennuksen tai rakennusryhm\u00e4n suunnittelusta \u2013 suomalaisen tai ulkomaisen arkkitehdin Suomeen suunnittelemasta ty\u00f6st\u00e4 tai suomalaisen arkkitehdin ulkomaille suunnittelemasta ty\u00f6st\u00e4.<\/p>\n<p>Palkinto jaetaan t\u00e4n\u00e4 vuonna 13. kerran.<\/p>\n<p>\t\t\t\t\t<img class=\"diks-card__image\" src=\"https:\/\/www.europesays.com\/fi\/wp-content\/uploads\/2026\/09\/11328440.jpg\"   loading=\"lazy\" decoding=\"sync\" alt=\"\"\/><\/p>\n<p>\t\t\t\t\t<img class=\"diks-card__image\" src=\"https:\/\/www.europesays.com\/fi\/wp-content\/uploads\/2026\/09\/11325786.jpg\"   loading=\"lazy\" decoding=\"sync\" alt=\"\"\/><\/p>\n<p>\t\t\t\t\t<img class=\"diks-card__image\" src=\"https:\/\/www.europesays.com\/fi\/wp-content\/uploads\/2026\/09\/11210449.jpg\"   loading=\"lazy\" decoding=\"sync\" alt=\"\"\/><\/p>\n","protected":false},"excerpt":{"rendered":"Oulunkyl\u00e4ss\u00e4 sijaitseva asuinkerrostalo on ehdolla Arkkitehtuurin Finlandia -palkinnon saajaksi. Kyseess\u00e4 on jo vuonna 2024 K\u00e4skynhaltijantien varteen valmistunut tiilitalo&hellip;\n","protected":false},"author":2,"featured_media":338971,"comment_status":"","ping_status":"","sticky":false,"template":"","format":"standard","meta":{"footnotes":"","_share_on_mastodon":"0"},"categories":[135],"tags":[389,387,388,36,390,137,33,31,30,104,952,7388,2787,2355,402,32,394,393,391,392,109],"class_list":["post-338970","post","type-post","status-publish","format-standard","has-post-thumbnail","category-taiteet-ja-suunnittelu","tag-arts","tag-arts-and-design","tag-artsanddesign","tag-asuintalot-ja-asunnot","tag-design","tag-entertainment","tag-fi","tag-finland","tag-finnish","tag-helsinki","tag-oulu","tag-oulunkyla","tag-pori","tag-rakennus","tag-rakentaminen-kiinteistot","tag-suomi","tag-suunnittelu","tag-taiteet","tag-taiteet-ja-suunnittelu","tag-taiteetsuunnittelu","tag-viihde"],"share_on_mastodon":{"url":"https:\/\/pubeurope.com\/@fi\/117197101450317698","error":""},"_links":{"self":[{"href":"https:\/\/www.europesays.com\/fi\/wp-json\/wp\/v2\/posts\/338970","targetHints":{"allow":["GET"]}}],"collection":[{"href":"https:\/\/www.europesays.com\/fi\/wp-json\/wp\/v2\/posts"}],"about":[{"href":"https:\/\/www.europesays.com\/fi\/wp-json\/wp\/v2\/types\/post"}],"author":[{"embeddable":true,"href":"https:\/\/www.europesays.com\/fi\/wp-json\/wp\/v2\/users\/2"}],"replies":[{"embeddable":true,"href":"https:\/\/www.europesays.com\/fi\/wp-json\/wp\/v2\/comments?post=338970"}],"version-history":[{"count":0,"href":"https:\/\/www.europesays.com\/fi\/wp-json\/wp\/v2\/posts\/338970\/revisions"}],"wp:featuredmedia":[{"embeddable":true,"href":"https:\/\/www.europesays.com\/fi\/wp-json\/wp\/v2\/media\/338971"}],"wp:attachment":[{"href":"https:\/\/www.europesays.com\/fi\/wp-json\/wp\/v2\/media?parent=338970"}],"wp:term":[{"taxonomy":"category","embeddable":true,"href":"https:\/\/www.europesays.com\/fi\/wp-json\/wp\/v2\/categories?post=338970"},{"taxonomy":"post_tag","embeddable":true,"href":"https:\/\/www.europesays.com\/fi\/wp-json\/wp\/v2\/tags?post=338970"}],"curies":[{"name":"wp","href":"https:\/\/api.w.org\/{rel}","templated":true}]}}