{"id":338974,"date":"2026-09-01T18:09:15","date_gmt":"2026-09-01T18:09:15","guid":{"rendered":"https:\/\/www.europesays.com\/fi\/338974\/"},"modified":"2026-09-01T18:09:15","modified_gmt":"2026-09-01T18:09:15","slug":"nicole-kidmanin-ulkonako-herattaa-keskustelua-luonnollisempi-ilme-ja-botoxin-vahentaminen","status":"publish","type":"post","link":"https:\/\/www.europesays.com\/fi\/338974\/","title":{"rendered":"Nicole Kidmanin ulkon\u00e4k\u00f6 her\u00e4tt\u00e4\u00e4 keskustelua: Luonnollisempi ilme ja botoxin v\u00e4hent\u00e4minen"},"content":{"rendered":"<p>\n            Nicole Kidman arrives on the red carpet for the 98th annual Academy Awards in the Hollywood section of Los Angeles on Sunday, March 15, 2026. Conan O&#8217;Brien will host the Oscars for the second consecutive year.<br \/>\n            Jim Ruymen\/UPI\/Shutterstock\/All Over Press\n        <\/p>\n<p class=\"subtitle \">Nicole Kidmanin ulkon\u00e4k\u00f6 jakoi mielipiteit\u00e4 sosiaalisessa mediassa.<\/p>\n<p class=\"article-content article-content-width !bg-background\">, 59, fanit ovat kohisseet sosiaalisessa mediassa siit\u00e4, ett\u00e4 n\u00e4yttelij\u00e4 olisi jotenkin erin\u00e4k\u00f6inen kuin viel\u00e4 aivan hiljattain.<\/p>\n<p class=\"font-weight-bold m-font-weight-bold article-content article-content-width !bg-background\">Video: Nicole Kidman ja Keith Urban eroavat.\u00a0<\/p>\n<p>Her\u00e4tti kiivasta keskustelua<\/p>\n<p class=\"article-content article-content-width !bg-background\">Somessa on pohdittu, ett\u00e4 Moulan Rouge -n\u00e4yttelij\u00e4 olisi nyt luonnollisemman n\u00e4k\u00f6inen kuin hetkeen.<\/p>\n<p class=\"article-content article-content-width !bg-background\">Nicole n\u00e4htiin BBC:n haastattelussa kertomassa vastan\u00e4yttelij\u00e4ns\u00e4 Sandra Bullockin, 62, kanssa tulevasta Practical Magic 2 \u2013elokuvasta.<\/p>\n<p class=\"article-content article-content-width !bg-background\">Monien fanien mielest\u00e4 Nicolen kasvot n\u00e4yttiv\u00e4t v\u00e4hemm\u00e4n kireilt\u00e4 kuin mink\u00e4laisina ne on totuttu viime vuosina n\u00e4kem\u00e4\u00e4n.<\/p>\n<p class=\"article-content article-content-width !bg-background\"><a href=\"https:\/\/www.facebook.com\/watch\/?v=1763626578015677\" target=\"_blank\" rel=\"nofollow noopener\">Facebookissa<\/a> osa kommentoijista oli sit\u00e4 mielt\u00e4, ett\u00e4 Nicolella olisi nyt v\u00e4hemm\u00e4n botoxia kasvoillaan.<\/p>\n<p>                <img decoding=\"async\" src=\"https:\/\/www.europesays.com\/fi\/wp-content\/uploads\/2026\/09\/2250622.webp\" width=\"576\" height=\"706\" alt=\"Nicole Kidman ja Sandra Bullock Practical Magic -elokuvan ensi-illassa Los Angelesissa 31.8.\" loading=\"lazy\" \/>            <\/p>\n<p>\n            Nicole Kidman ja Sandra Bullock Practical Magic -elokuvan ensi-illassa Los Angelesissa 31.8.<br \/>\n            Image Press Agency\/NurPhoto\/Shutterstock\/All Over Press\n        <\/p>\n<p class=\"article-content article-content-width !bg-background\">\u2013 Vaikuttaisi, ett\u00e4 Nicole k\u00e4ytt\u00e4isi v\u00e4hemm\u00e4n t\u00e4yteaineita ja botoxia. H\u00e4nen otsaryppyns\u00e4 n\u00e4kyv\u00e4t ja h\u00e4n n\u00e4ytt\u00e4\u00e4 luonnollisemmalta. Hienoa n\u00e4hd\u00e4! kommentoi er\u00e4s.<\/p>\n<p>        <a itemprop=\"url\" href=\"https:\/\/www.seiska.fi\/ulkomaat\/nicole-kidman-ja-sandra-bullock-kuvat-hakellyttavasta-muodonmuutoksesta\/2246364\" rel=\"nofollow noopener\" target=\"_blank\"><\/p>\n<p>\nHollywood-kaunottaret yll\u00e4tt\u00e4v\u00e4t\n<\/p>\n<p class=\"section-date\">\n        <strong class=\"article-section\" data-section=\"ulkomaat\"><br \/>\n            ulkomaat<br \/>\n        <\/strong><br \/>\n        28.8. 20:00\n    <\/p>\n<p>Nicole Kidman ja Sandra Bullock: Kuvat h\u00e4kellytt\u00e4v\u00e4st\u00e4 muodonmuutoksesta\n    <\/p>\n<p itemprop=\"description\" class=\"subtitle \">\n    Kaksikko palasi vuosikymmenten j\u00e4lkeen tuttuihin rooleihinsa.\n<\/p>\n<p>        <\/a><\/p>\n<p class=\"article-content article-content-width !bg-background\">\u2013 Oikeasti? H\u00e4n n\u00e4ytt\u00e4\u00e4 upealta, j\u00e4tt\u00e4k\u00e4\u00e4 h\u00e4net rauhaan, totesi toinen.<\/p>\n<p>&#8221;Pit\u00e4isi tosissaan lopettaa&#8221;<\/p>\n<p class=\"article-content article-content-width !bg-background\">Kaikki eiv\u00e4t kuitenkaan olleet samaa mielt\u00e4 Nicolen kasvoista, ja monet ottivat tiukasti kantaa siihen, ett\u00e4 sek\u00e4 Nicole ett\u00e4 Sandra olisivat sortuneet Hollywoodin kauneusihanteisiin paineiden alla.<\/p>\n<p class=\"article-content article-content-width !bg-background\">\u2013 Rakastan n\u00e4it\u00e4 kahta, mutta heid\u00e4n kasvonsa ovat niin j\u00e4\u00e4ss\u00e4, etteiv\u00e4t he osaa en\u00e4\u00e4 n\u00e4ytell\u00e4. Hollywood painostaa n\u00e4ytt\u00e4m\u00e4\u00e4n ikuisesti 20-vuotiaalta, huomautti er\u00e4s.<\/p>\n<p class=\"article-content article-content-width !bg-background\">\u2013 Rakastan Sandra Bullockia mutta heid\u00e4n pit\u00e4isi tosissaan lopettaa fantastiset plastiikkakirurgiansa, kommentoi toinen.<\/p>\n<p>                <img decoding=\"async\" src=\"https:\/\/www.europesays.com\/fi\/wp-content\/uploads\/2026\/09\/2250625.webp\" width=\"576\" height=\"596\" alt=\"Nicole Kidmanin ulkon\u00e4k\u00f6 jakaa mielipiteit\u00e4.\" loading=\"lazy\" \/>            <\/p>\n<p>\n            Nicole Kidmanin ulkon\u00e4k\u00f6 jakaa mielipiteit\u00e4.<br \/>\n            Image Press Agency\/NurPhoto\/Shutterstock\/All Over Press\n        <\/p>\n<p class=\"article-content article-content-width !bg-background\">\u2013 Naisten tulisi tukea toisiaan. Kaikki n\u00e4m\u00e4 kommentit hy\u00f6kk\u00e4\u00e4v\u00e4t naisten kimppuun. Mit\u00e4 v\u00e4li\u00e4, jos he ovat ottaneet t\u00e4yteaineita tai tehneet mit\u00e4 tahansa, heid\u00e4n valintansa. Innoissani elokuvasta, en malta odottaa! Rauhaa, haastoi yksi kommentoija.<\/p>\n<p>        <a itemprop=\"url\" href=\"https:\/\/www.seiska.fi\/katso\/nicole-kidman-jarkyttyi-monacon-hovin-reaktiosta\/2135237\" rel=\"nofollow noopener\" target=\"_blank\"><\/p>\n<p>\nNicole Kidmanin elokuva suututti Monacon\n<\/p>\n<p class=\"section-date\">\n        <strong class=\"article-section\" data-section=\"katso\"><br \/>\n            katso<br \/>\n        <\/strong><br \/>\n        25.4. 15:15\n    <\/p>\n<p>Nicole Kidman j\u00e4rkyttyi Monacon hovin reaktiosta\n    <\/p>\n<p itemprop=\"description\" class=\"subtitle \">\n    Grace Kellysta kertova elokuva suututti Monacon.\n<\/p>\n<p>        <\/a><\/p>\n<p>AI-kohu nousi kuvista<\/p>\n<p class=\"article-content article-content-width !bg-background\">Nicole on vuonna 2011 my\u00f6nt\u00e4nyt kokeilleensa ihoa siloittavia pistoksia, mutta sanoi silloin my\u00f6s, ettei en\u00e4\u00e4 k\u00e4ytt\u00e4nyt niit\u00e4, <a href=\"https:\/\/www.yahoo.com\/entertainment\/celebrity\/articles\/nicole-kidman-leaves-fans-stunned-170135422.html\" target=\"_blank\" rel=\"nofollow noopener\">Yahoo!<\/a>-kertoo.\u00a0<\/p>\n<p class=\"article-content article-content-width !bg-background\">Toukokuussa Nicole kertoi <a href=\"https:\/\/www.byrdie.com\/nicole-kidman-met-gala-makeup-interview-11965147\" target=\"_blank\" rel=\"nofollow noopener\">Byrdie<\/a>-lehdelle Met-gaalaa edelt\u00e4neist\u00e4 kauneusrutiineistaan.<\/p>\n<p class=\"article-content article-content-width !bg-background\">\u2013 Yrit\u00e4n keskitty\u00e4 juomaan runsaasti vett\u00e4 ennen t\u00e4m\u00e4nkaltaisia suuria iltoja ja saamaan tarpeeksi lepoa! Nicole kommentoi lehdelle.<\/p>\n<p class=\"article-content article-content-width !bg-background\">Nicolen ulkon\u00e4k\u00f6 her\u00e4tti keskustelua my\u00f6s elokuun puoliv\u00e4liss\u00e4, kun h\u00e4net n\u00e4htiin brittil\u00e4isen <a href=\"https:\/\/www.vogue.co.uk\/article\/editors-letter-british-vogue-september-2026\" target=\"_blank\" rel=\"nofollow noopener\">Voguen <\/a>syyskuun numeron kannessa. Nicolen eritt\u00e4in sile\u00e4ihoiset otokset saivat monet faneista ihmettelem\u00e4\u00e4n, oliko n\u00e4yttelij\u00e4tt\u00e4ren kuvien editoimisessa kenties k\u00e4ytetty teko\u00e4ly\u00e4, <a href=\"https:\/\/www.hellomagazine.com\/healthandbeauty\/918032\/plastic-surgeon-verdict-nicole-kidman-ai-look-vogue-cover\/\" target=\"_blank\" rel=\"nofollow noopener\">Hello!<\/a>-lehti kertoo.<\/p>\n<p>        <a itemprop=\"url\" href=\"https:\/\/www.seiska.fi\/katso\/nicole-kidman-ennennakemattomassa-roolissa\/2087639\" rel=\"nofollow noopener\" target=\"_blank\"><\/p>\n<p>\nSuoratoistot\u00e4rpit\n<\/p>\n<p class=\"section-date\">\n        <strong class=\"article-section\" data-section=\"katso\"><br \/>\n            katso<br \/>\n        <\/strong><br \/>\n        7.3. 15:15\n    <\/p>\n<p>Nicole Kidman ennenn\u00e4kem\u00e4tt\u00f6m\u00e4ss\u00e4 roolissa\n    <\/p>\n<p itemprop=\"description\" class=\"subtitle \">\n    Viikon suoratoisot\u00e4rpeiss\u00e4 my\u00f6s Louis Theroux tutkii toksista maskuliinisuutta uudessa Netflix-dokkarissa.\n<\/p>\n<p>        <\/a><\/p>\n","protected":false},"excerpt":{"rendered":"Nicole Kidman arrives on the red carpet for the 98th annual Academy Awards in the Hollywood section of&hellip;\n","protected":false},"author":2,"featured_media":338975,"comment_status":"","ping_status":"","sticky":false,"template":"","format":"standard","meta":{"footnotes":"","_share_on_mastodon":"0"},"categories":[130],"tags":[22566,137,33,31,30,4169,12288,8842,32,3884,109],"class_list":["post-338974","post","type-post","status-publish","format-standard","has-post-thumbnail","category-viihde","tag-botox","tag-entertainment","tag-fi","tag-finland","tag-finnish","tag-hollywood","tag-nicole-kidman","tag-sandra-bullock","tag-suomi","tag-ulkonako","tag-viihde"],"share_on_mastodon":{"url":"https:\/\/pubeurope.com\/@fi\/117197128808807506","error":""},"_links":{"self":[{"href":"https:\/\/www.europesays.com\/fi\/wp-json\/wp\/v2\/posts\/338974","targetHints":{"allow":["GET"]}}],"collection":[{"href":"https:\/\/www.europesays.com\/fi\/wp-json\/wp\/v2\/posts"}],"about":[{"href":"https:\/\/www.europesays.com\/fi\/wp-json\/wp\/v2\/types\/post"}],"author":[{"embeddable":true,"href":"https:\/\/www.europesays.com\/fi\/wp-json\/wp\/v2\/users\/2"}],"replies":[{"embeddable":true,"href":"https:\/\/www.europesays.com\/fi\/wp-json\/wp\/v2\/comments?post=338974"}],"version-history":[{"count":0,"href":"https:\/\/www.europesays.com\/fi\/wp-json\/wp\/v2\/posts\/338974\/revisions"}],"wp:featuredmedia":[{"embeddable":true,"href":"https:\/\/www.europesays.com\/fi\/wp-json\/wp\/v2\/media\/338975"}],"wp:attachment":[{"href":"https:\/\/www.europesays.com\/fi\/wp-json\/wp\/v2\/media?parent=338974"}],"wp:term":[{"taxonomy":"category","embeddable":true,"href":"https:\/\/www.europesays.com\/fi\/wp-json\/wp\/v2\/categories?post=338974"},{"taxonomy":"post_tag","embeddable":true,"href":"https:\/\/www.europesays.com\/fi\/wp-json\/wp\/v2\/tags?post=338974"}],"curies":[{"name":"wp","href":"https:\/\/api.w.org\/{rel}","templated":true}]}}