{"id":338984,"date":"2026-09-01T18:27:16","date_gmt":"2026-09-01T18:27:16","guid":{"rendered":"https:\/\/www.europesays.com\/fi\/338984\/"},"modified":"2026-09-01T18:27:16","modified_gmt":"2026-09-01T18:27:16","slug":"femina-salla-paajanen-sairastui-syopaan-osasi-aavistaa","status":"publish","type":"post","link":"https:\/\/www.europesays.com\/fi\/338984\/","title":{"rendered":"Femina: Salla Paajanen sairastui sy\u00f6p\u00e4\u00e4n \u2013 Osasi aavistaa"},"content":{"rendered":"<p>Ylen entinen toimittaja Salla Paajanen kertoo Feminassa sairastuneensa sy\u00f6p\u00e4\u00e4n.<\/p>\n<p><img decoding=\"async\" class=\"image image-show image-preview\" src=\"https:\/\/www.europesays.com\/fi\/wp-content\/uploads\/2026\/09\/b211e1b95938100559b0cba6a47baf93da2c14034f0fc69eace7825797e79967.jpg\" alt=\"\"\/><img decoding=\"async\" class=\"image image-show\" src=\"https:\/\/www.europesays.com\/fi\/wp-content\/uploads\/2026\/09\/1788287236_303_b211e1b95938100559b0cba6a47baf93da2c14034f0fc69eace7825797e79967.jpg\" alt=\"\"\/><\/p>\n<p>Salla Paajasen suusta l\u00f6ytyi sy\u00f6p\u00e4. Inka Soveri<\/p>\n<p class=\"paragraph\">Ylen entinen toimittaja <a href=\"https:\/\/www.iltalehti.fi\/henkilot\/Salla Paajanen\" class=\"article-link-person-page\" rel=\"nofollow noopener\" target=\"_blank\">Salla Paajanen<\/a>, 61, kertoo <a href=\"https:\/\/www.femina.fi\/henkilot-ihmissuhteet\/haastattelut\/salla-paajanen-sai-syopadiagnoosin-pelkasin-etta-menetan-aaneni\" target=\"_blank\" rel=\"noopener nofollow\">Femina<\/a>-lehden haastattelussa, ett\u00e4 h\u00e4nen kielest\u00e4\u00e4n l\u00f6ydettiin alkuvuodesta sy\u00f6p\u00e4.<\/p>\n<p class=\"paragraph\">Paajaselle tehtiin maaliskuussa yli 12 tuntia kest\u00e4nyt leikkaus, jossa h\u00e4nen suuontelostaan poistettiin 3,7 senttimetrin pituinen ja yli sentin paksuinen kasvain. Leikkauksen yhteydess\u00e4 kaulasta poistettiin 43 imusolmuketta.<\/p>\n<p class=\"paragraph\">Leikkauksen j\u00e4lkeen Paajanen ei pystynyt nielem\u00e4\u00e4n tai puhumaan. H\u00e4nen kaulassaan oli henkitorviavanne ja mahalaukkuun oli asennettu ravitsemusletku.<\/p>\n<p class=\"paragraph\">\u2013 Pelk\u00e4sin, ett\u00e4 menet\u00e4n \u00e4\u00e4neni, sill\u00e4 l\u00e4\u00e4k\u00e4rit olivat varoitelleet, ettei se tule olemaan ennallaan. Se s\u00e4ik\u00e4ytti. \u00c4\u00e4ni on ollut kuitenkin iso osa persoonaani ja my\u00f6s ty\u00f6v\u00e4lineeni, josta olen ollut ylpe\u00e4, Paajanen sanoo Feminan haastattelussa.<\/p>\n<p class=\"paragraph\">Paajanen kertoo, ett\u00e4 ter\u00e4v\u00e4n hampaankulman aiheuttama hankaus oli aiheuttanut kieleen solumuutoksia, joita oli tarkkailtu ja hoidettu jo 13 vuoden ajan.<\/p>\n<p class=\"paragraph\">Paajanen sanoo, ett\u00e4 oli osannut aavistaa sy\u00f6p\u00e4diagnoosia. Silti uutinen tuli j\u00e4rkytyksen\u00e4.<\/p>\n<p class=\"paragraph\">\u2013 Olen aina ymm\u00e4rt\u00e4nyt el\u00e4m\u00e4n rajallisuuden, mutta t\u00e4m\u00e4 sy\u00f6p\u00e4 on muistuttanut siit\u00e4 entist\u00e4 konkreettisemmin. On ihmeellist\u00e4, miten yksi puhelu tai l\u00e4\u00e4k\u00e4rik\u00e4ynti voi heitt\u00e4\u00e4 hetkess\u00e4 aivan toiseen todellisuuteen ja muutoksiin, joihin on vain sopeuduttava.<\/p>\n<p>Salla Paajanen teki pitk\u00e4n uran Ylen toimittajana. PASI LIESIMAA<\/p>\n<p class=\"paragraph\">Salla Paajanen toimi pitk\u00e4\u00e4n toimittajana Ylell\u00e4. H\u00e4n teki Ajankohtainen kakkonen -ajankohtaisohjelmaa vuosina 1996\u20132015. T\u00e4m\u00e4n j\u00e4lkeen h\u00e4n juonsi Ylen alueellisia televisiouutisia.<\/p>\n<p class=\"paragraph\">Paajanen l\u00e4hti Ylelt\u00e4 vuonna 2022 yt-neuvottelujen seurauksena. Yle luopui tuolloin alueellisten tv-uutisten juontajista. Paajaselle tarjottiin uutta teht\u00e4v\u00e4\u00e4, mutta h\u00e4n ei ottanut tarjousta vastaan.<\/p>\n<p class=\"paragraph\">\u2013 P\u00e4\u00e4dyin siihen, ett\u00e4 haluan p\u00e4\u00e4st\u00e4 uralla eteenp\u00e4in, en ottaa taka-askelia, Paajanen <a href=\"https:\/\/www.iltalehti.fi\/viihdeuutiset\/56444880-988a-491d-b19a-91488f1d4ac9\" rel=\"nofollow noopener\" target=\"_blank\">kertoi Iltalehdelle vuonna 2022<\/a>.<\/p>\n<p class=\"paragraph\">\u2013 Vaihtoehtona tarjottiin kuitenkin sellaisia teht\u00e4vi\u00e4, joita tein urani alussa. Paitsi ett\u00e4 silloin mukanani oli aina televisiokuvaaja, nyt olisi pit\u00e4nyt kuvatakin itse k\u00e4nnyk\u00e4ll\u00e4, h\u00e4n sanoi vuonna 2023 antamassaan <a href=\"https:\/\/www.iltalehti.fi\/viihdeuutiset\/1c7cc879-0b56-4eb2-882b-803da0585571\" rel=\"nofollow noopener\" target=\"_blank\">haastattelussa<\/a>.<\/p>\n","protected":false},"excerpt":{"rendered":"Ylen entinen toimittaja Salla Paajanen kertoo Feminassa sairastuneensa sy\u00f6p\u00e4\u00e4n. Salla Paajasen suusta l\u00f6ytyi sy\u00f6p\u00e4. Inka Soveri Ylen entinen&hellip;\n","protected":false},"author":2,"featured_media":338985,"comment_status":"","ping_status":"","sticky":false,"template":"","format":"standard","meta":{"footnotes":"","_share_on_mastodon":"0"},"categories":[136],"tags":[35,407,137,33,31,30,408,1616,979,32,502,167,140,109],"class_list":["post-338984","post","type-post","status-publish","format-standard","has-post-thumbnail","category-julkkikset","tag-24h","tag-celebrities","tag-entertainment","tag-fi","tag-finland","tag-finnish","tag-julkkikset","tag-media-viestinta","tag-sahkoinen-media","tag-suomi","tag-terveydenhoito","tag-terveys","tag-tv-ja-elokuvat","tag-viihde"],"share_on_mastodon":{"url":"https:\/\/pubeurope.com\/@fi\/117197200063762139","error":""},"_links":{"self":[{"href":"https:\/\/www.europesays.com\/fi\/wp-json\/wp\/v2\/posts\/338984","targetHints":{"allow":["GET"]}}],"collection":[{"href":"https:\/\/www.europesays.com\/fi\/wp-json\/wp\/v2\/posts"}],"about":[{"href":"https:\/\/www.europesays.com\/fi\/wp-json\/wp\/v2\/types\/post"}],"author":[{"embeddable":true,"href":"https:\/\/www.europesays.com\/fi\/wp-json\/wp\/v2\/users\/2"}],"replies":[{"embeddable":true,"href":"https:\/\/www.europesays.com\/fi\/wp-json\/wp\/v2\/comments?post=338984"}],"version-history":[{"count":0,"href":"https:\/\/www.europesays.com\/fi\/wp-json\/wp\/v2\/posts\/338984\/revisions"}],"wp:featuredmedia":[{"embeddable":true,"href":"https:\/\/www.europesays.com\/fi\/wp-json\/wp\/v2\/media\/338985"}],"wp:attachment":[{"href":"https:\/\/www.europesays.com\/fi\/wp-json\/wp\/v2\/media?parent=338984"}],"wp:term":[{"taxonomy":"category","embeddable":true,"href":"https:\/\/www.europesays.com\/fi\/wp-json\/wp\/v2\/categories?post=338984"},{"taxonomy":"post_tag","embeddable":true,"href":"https:\/\/www.europesays.com\/fi\/wp-json\/wp\/v2\/tags?post=338984"}],"curies":[{"name":"wp","href":"https:\/\/api.w.org\/{rel}","templated":true}]}}