{"id":338996,"date":"2026-09-01T18:41:13","date_gmt":"2026-09-01T18:41:13","guid":{"rendered":"https:\/\/www.europesays.com\/fi\/338996\/"},"modified":"2026-09-01T18:41:13","modified_gmt":"2026-09-01T18:41:13","slug":"keir-starmer-ilmoitti-jattavansa-britannian-parlamentin","status":"publish","type":"post","link":"https:\/\/www.europesays.com\/fi\/338996\/","title":{"rendered":"Keir Starmer ilmoitti j\u00e4tt\u00e4v\u00e4ns\u00e4 Britannian parlamentin"},"content":{"rendered":"<p>Starmer ilmoitti keskittyv\u00e4ns\u00e4 nyt muun muassa \u201dkansainv\u00e4lisiin asioihin\u201d.<\/p>\n<p><img decoding=\"async\" src=\"https:\/\/www.europesays.com\/fi\/wp-content\/uploads\/2026\/09\/1788288073_628_468.jpg\" alt=\"Keir Starmer kuvattiin 20. hein\u00e4kuuta p\u00e4\u00e4ministerin virka-asunnon edustalla Lontoon Downing Streetill\u00e4. Samana p\u00e4iv\u00e4n\u00e4 h\u00e4nen paikalleen Britannian p\u00e4\u00e4ministeriksi nousi Andy Burnham.\" class=\"_Img_1rerz_1\" style=\"aspect-ratio:1920\/1080\" loading=\"eager\"\/><\/p>\n<p class=\"font-(family-name:--picture-caption-font-family) text-(length:--picture-caption-font-size) leading-(--picture-caption-leading) font-(--picture-caption-font-weight) text-(color:--picture-caption-color)\">Keir Starmer kuvattiin 20. hein\u00e4kuuta p\u00e4\u00e4ministerin virka-asunnon edustalla Lontoon Downing Streetill\u00e4. Samana p\u00e4iv\u00e4n\u00e4 h\u00e4nen paikalleen Britannian p\u00e4\u00e4ministeriksi nousi Andy Burnham. Kuva:\u00a0Isabel Infantes \/ Reuters<\/p>\n<p class=\"article-body mb-(--paragraph-margin-b) px-nof-16\">Britannian p\u00e4\u00e4ministerin teht\u00e4v\u00e4t hein\u00e4kuussa j\u00e4tt\u00e4nyt <a class=\"font-bold underline-offset-[0.12em] [text-decoration:var(--person-link-text-decoration)] [text-decoration-color:var(--person-link-text-decoration-color)]!\" href=\"https:\/\/www.is.fi\/haku\/?query=Keir%20Starmer\" rel=\"nofollow noopener\" target=\"_blank\">Keir Starmer<\/a> ilmoitti tiistaina luopuvansa parlamenttipaikastaan. H\u00e4n kertoi asiasta vaalipiirins\u00e4 paikallislehden Camden New Journalin v\u00e4lityksell\u00e4.<\/p>\n<p class=\"article-body mb-(--paragraph-margin-b) px-nof-16\">Lehden julkaisemassa lausunnossa Starmer sanoi, ett\u00e4 h\u00e4nell\u00e4 on ollut \u201dvaltava kunnia ja etuoikeus\u201d edustaa Lontoon Holbornin ja St. Pancrasin vaalipiiri\u00e4 11 vuoden ajan. Starmer sanoi olevansa valmis \u201dsiirt\u00e4m\u00e4\u00e4n viestikapulan seuraajalleen\u201d.<\/p>\n<p class=\"article-body mb-(--paragraph-margin-b) px-nof-16\">\u2013 Nyt keskityn muihin asioihin. Niit\u00e4 ovat kansainv\u00e4liset asiat kuten puolustus, turvallisuus, kauppa ja teknologia nopeasti muuttuvassa maailmassa, Starmer sanoi.<\/p>\n<p class=\"article-body mb-(--paragraph-margin-b) px-nof-16\">H\u00e4n kertoi my\u00f6s jatkavansa aiempaa ty\u00f6t\u00e4\u00e4n naisiin ja tytt\u00f6ihin kohdistuvan v\u00e4kivallan vastustamiseksi. Starmer painotti, ett\u00e4 asialla on h\u00e4nelle henkil\u00f6kohtaisesti \u201dvaltava\u201d merkitys.<\/p>\n<p class=\"article-body mb-(--paragraph-margin-b) px-nof-16\">Lausunnosta ovat uutisoineet my\u00f6s muun muassa Reuters ja <a class=\"underline underline-offset-[0.12em] [text-decoration-thickness:var(--generic-link-underline-thickness)] [text-decoration-color:var(--generic-link-underline-color)] [text-decoration-skip-ink:var(--generic-link-underline-skip-ink)] break-words\" href=\"https:\/\/www.bbc.com\/news\/articles\/cvgy4258kgyo\" rel=\"nofollow noopener\" target=\"_blank\">BBC<\/a>.<\/p>\n<p class=\"article-body mb-(--paragraph-margin-b) px-nof-16\">Starmer kertoi viel\u00e4 hein\u00e4kuussa p\u00e4\u00e4ministerin teht\u00e4v\u00e4t j\u00e4tt\u00e4ess\u00e4\u00e4n BBC:lle, ett\u00e4 h\u00e4n aikoo jatkaa parlamentissa seuraaviin vaaleihin saakka. Ne on m\u00e4\u00e4r\u00e4 j\u00e4rjest\u00e4\u00e4 viimeist\u00e4\u00e4n elokuussa 2029.<\/p>\n<p class=\"article-body mb-(--paragraph-margin-b) px-nof-16\">Starmerin ilmoitus ja h\u00e4nen parlamenttipaikkansa vapautuminen johtaa t\u00e4ytevaalien j\u00e4rjest\u00e4miseen my\u00f6hemmin Holbornin ja St. Pancrasin vaalipiiriss\u00e4, joka on ollut perinteisesti vahvaa ty\u00f6v\u00e4enpuolueen kannatusaluetta.<\/p>\n","protected":false},"excerpt":{"rendered":"Starmer ilmoitti keskittyv\u00e4ns\u00e4 nyt muun muassa \u201dkansainv\u00e4lisiin asioihin\u201d. Keir Starmer kuvattiin 20. hein\u00e4kuuta p\u00e4\u00e4ministerin virka-asunnon edustalla Lontoon Downing&hellip;\n","protected":false},"author":2,"featured_media":338997,"comment_status":"","ping_status":"","sticky":false,"template":"","format":"standard","meta":{"footnotes":"","_share_on_mastodon":"0"},"categories":[5],"tags":[22,23,26,27,33,31,30,17,34,24,25,28,29,15,18,21,32,19,20,16],"class_list":["post-338996","post","type-post","status-publish","format-standard","has-post-thumbnail","category-otsikot","tag-breaking-news","tag-breakingnews","tag-featured-news","tag-featurednews","tag-fi","tag-finland","tag-finnish","tag-headlines","tag-ilta-sanomat","tag-latest-news","tag-latestnews","tag-main-news","tag-mainnews","tag-news","tag-otsikot","tag-paauutiset","tag-suomi","tag-top-stories","tag-topstories","tag-uutiset"],"share_on_mastodon":{"url":"https:\/\/pubeurope.com\/@fi\/117197255176407805","error":""},"_links":{"self":[{"href":"https:\/\/www.europesays.com\/fi\/wp-json\/wp\/v2\/posts\/338996","targetHints":{"allow":["GET"]}}],"collection":[{"href":"https:\/\/www.europesays.com\/fi\/wp-json\/wp\/v2\/posts"}],"about":[{"href":"https:\/\/www.europesays.com\/fi\/wp-json\/wp\/v2\/types\/post"}],"author":[{"embeddable":true,"href":"https:\/\/www.europesays.com\/fi\/wp-json\/wp\/v2\/users\/2"}],"replies":[{"embeddable":true,"href":"https:\/\/www.europesays.com\/fi\/wp-json\/wp\/v2\/comments?post=338996"}],"version-history":[{"count":0,"href":"https:\/\/www.europesays.com\/fi\/wp-json\/wp\/v2\/posts\/338996\/revisions"}],"wp:featuredmedia":[{"embeddable":true,"href":"https:\/\/www.europesays.com\/fi\/wp-json\/wp\/v2\/media\/338997"}],"wp:attachment":[{"href":"https:\/\/www.europesays.com\/fi\/wp-json\/wp\/v2\/media?parent=338996"}],"wp:term":[{"taxonomy":"category","embeddable":true,"href":"https:\/\/www.europesays.com\/fi\/wp-json\/wp\/v2\/categories?post=338996"},{"taxonomy":"post_tag","embeddable":true,"href":"https:\/\/www.europesays.com\/fi\/wp-json\/wp\/v2\/tags?post=338996"}],"curies":[{"name":"wp","href":"https:\/\/api.w.org\/{rel}","templated":true}]}}