{"id":339000,"date":"2026-09-01T18:57:13","date_gmt":"2026-09-01T18:57:13","guid":{"rendered":"https:\/\/www.europesays.com\/fi\/339000\/"},"modified":"2026-09-01T18:57:13","modified_gmt":"2026-09-01T18:57:13","slug":"veronica-verho-juontaa-tanssii-tahtien-kanssa-ohjelman-viihde","status":"publish","type":"post","link":"https:\/\/www.europesays.com\/fi\/339000\/","title":{"rendered":"Veronica Verho juontaa Tanssii t\u00e4htien kanssa -ohjelman | Viihde"},"content":{"rendered":"<p class=\"aw__sc-1qwuw0s-0 aw__sc-1vg2sqm-0 epAWpq ecELkD yle__article__paragraph\">MTV paljasti Ernest Lawsonin TTK-juontajaparin sunnuntaina.<\/p>\n<p><img decoding=\"async\" alt=\"Nainen seisoo mustassa asussa Emma 2026 Gaala -taustasein\u00e4n edess\u00e4, taustalla useiden yritysten logoja ja tekstit.\" src=\"https:\/\/www.europesays.com\/fi\/wp-content\/uploads\/2026\/09\/1788101084.jpeg\" class=\"aw__sc-dklauk-0 LPzKX\"\/><\/p>\n<p>Avaa kuvien katselu<\/p>\n<p>Tubettajana tutuksi tullut Veronica Verho on juontaja, sis\u00e4ll\u00f6ntuottaja ja vaikuttaja. Kuva: Timo Korhonen \/ AOP<\/p>\n<p class=\"aw__sc-1qwuw0s-0 aw__sc-ngllmo-0 epAWpq fzYpjk yle__article__paragraph\">Tanssii t\u00e4htien kanssa -ohjelman uusi juontaja on <strong class=\"aw__sc-ngllmo-2 gdRrun yle__article__strong\">Veronica Verho<\/strong>.<\/p>\n<p class=\"aw__sc-1qwuw0s-0 aw__sc-ngllmo-0 epAWpq fzYpjk yle__article__paragraph\">Tanssii t\u00e4htien kanssa k\u00e4ynnistyi MTV3:lla sunnuntaina n\u00e4hdyll\u00e4 kauden aloittavalla esittelyjaksolla, jossa juontaja paljastui.<\/p>\n<p class=\"aw__sc-1qwuw0s-0 aw__sc-ngllmo-0 epAWpq fzYpjk yle__article__paragraph\">Ohjelman 19. tuotantokaudella <strong class=\"aw__sc-ngllmo-2 gdRrun yle__article__strong\">Ernest Lawson<\/strong> saa vierelleen uuden juontajaparin.<\/p>\n<p class=\"aw__sc-1qwuw0s-0 aw__sc-ngllmo-0 epAWpq fzYpjk yle__article__paragraph\">Tubettajana tutuksi tullut Veronica Verho on juontaja, sis\u00e4ll\u00f6ntuottaja ja vaikuttaja. H\u00e4n aloitti sosiaalisen median uransa vuonna 2012.<\/p>\n<p class=\"aw__sc-1qwuw0s-0 aw__sc-ngllmo-0 epAWpq fzYpjk yle__article__paragraph\">30-vuotias Verho juontaa Radio Novan iltap\u00e4iv\u00e4ohjelmaa. Lis\u00e4ksi h\u00e4n on juontanut useita MTV:n tv-ohjelmia, kuten Koko Suomi leipoo, Posse ja Love Island Suomi.<\/p>\n<p class=\"aw__sc-1qwuw0s-0 aw__sc-ngllmo-0 epAWpq fzYpjk yle__article__paragraph\">Verho osallistui TTK:n 12. kaudelle t\u00e4htioppilaana.<\/p>\n<p class=\"aw__sc-1qwuw0s-0 aw__sc-ngllmo-0 epAWpq fzYpjk yle__article__paragraph\">Kilpailun <a class=\"aw__sc-ngllmo-1 bTDnwX yle__article__link\" href=\"https:\/\/yle.fi\/a\/74-20241655\" role=\"link\" rel=\"nofollow noopener\" target=\"_blank\">uutta juontajaa on spekuloitu<\/a> ahkerasti sosiaalisessa mediassa.<\/p>\n<p class=\"aw__sc-1qwuw0s-0 aw__sc-ngllmo-0 epAWpq fzYpjk yle__article__paragraph\">MTV on tehostanut huhumylly\u00e4 markkinointikampanjalla ja ennakkovideolla, jossa uuden juontajan identiteetill\u00e4 h\u00e4rn\u00e4t\u00e4\u00e4n kiinnostuneita.<\/p>\n<p class=\"aw__sc-1qwuw0s-0 aw__sc-ngllmo-0 epAWpq fzYpjk yle__article__paragraph\">Uusi juontaja astuu <strong class=\"aw__sc-ngllmo-2 gdRrun yle__article__strong\">Vappu Pimi\u00e4n<\/strong> saappaisiin, joka juonsi ohjelmaa vuosina 2009\u20132025.<\/p>\n<p class=\"aw__sc-1qwuw0s-0 aw__sc-ngllmo-0 epAWpq fzYpjk yle__article__paragraph\">TTK on yksi syksyn suosikkiohjelmista.<\/p>\n<p><img decoding=\"async\" alt=\"Ryhm\u00e4 ihmisi\u00e4 seisoo yhdess\u00e4 juhlatilanteessa punaisen MTV-taulun edess\u00e4, taustalla kultaisia ilmapalloja.\" src=\"https:\/\/www.europesays.com\/fi\/wp-content\/uploads\/2026\/09\/1788101378.jpeg\" loading=\"lazy\" class=\"aw__sc-dklauk-0 LPzKX\"\/><\/p>\n<p>Avaa kuvien katselu<\/p>\n<p>Esittelyjaksolla k\u00e4ynnistynyt TTK-kausi on j\u00e4rjestyksess\u00e4\u00e4n jo 19:s. Kuva: Atte Kajova \/ AOP<\/p>\n","protected":false},"excerpt":{"rendered":"MTV paljasti Ernest Lawsonin TTK-juontajaparin sunnuntaina. Avaa kuvien katselu Tubettajana tutuksi tullut Veronica Verho on juontaja, sis\u00e4ll\u00f6ntuottaja ja&hellip;\n","protected":false},"author":2,"featured_media":339001,"comment_status":"","ping_status":"","sticky":false,"template":"","format":"standard","meta":{"footnotes":"","_share_on_mastodon":"0"},"categories":[133],"tags":[137,33,31,30,108,905,1999,32,903,8143,206,156,109],"class_list":["post-339000","post","type-post","status-publish","format-standard","has-post-thumbnail","category-televisiot","tag-entertainment","tag-fi","tag-finland","tag-finnish","tag-kulttuuri","tag-mtv3","tag-suomalaiset-tv-ohjelmat","tag-suomi","tag-tanssii-tahtien-kanssa","tag-televisio-ohjelmien-juontajat","tag-televisiot","tag-tv","tag-viihde"],"share_on_mastodon":{"url":"https:\/\/pubeurope.com\/@fi\/117197318139596571","error":""},"_links":{"self":[{"href":"https:\/\/www.europesays.com\/fi\/wp-json\/wp\/v2\/posts\/339000","targetHints":{"allow":["GET"]}}],"collection":[{"href":"https:\/\/www.europesays.com\/fi\/wp-json\/wp\/v2\/posts"}],"about":[{"href":"https:\/\/www.europesays.com\/fi\/wp-json\/wp\/v2\/types\/post"}],"author":[{"embeddable":true,"href":"https:\/\/www.europesays.com\/fi\/wp-json\/wp\/v2\/users\/2"}],"replies":[{"embeddable":true,"href":"https:\/\/www.europesays.com\/fi\/wp-json\/wp\/v2\/comments?post=339000"}],"version-history":[{"count":0,"href":"https:\/\/www.europesays.com\/fi\/wp-json\/wp\/v2\/posts\/339000\/revisions"}],"wp:featuredmedia":[{"embeddable":true,"href":"https:\/\/www.europesays.com\/fi\/wp-json\/wp\/v2\/media\/339001"}],"wp:attachment":[{"href":"https:\/\/www.europesays.com\/fi\/wp-json\/wp\/v2\/media?parent=339000"}],"wp:term":[{"taxonomy":"category","embeddable":true,"href":"https:\/\/www.europesays.com\/fi\/wp-json\/wp\/v2\/categories?post=339000"},{"taxonomy":"post_tag","embeddable":true,"href":"https:\/\/www.europesays.com\/fi\/wp-json\/wp\/v2\/tags?post=339000"}],"curies":[{"name":"wp","href":"https:\/\/api.w.org\/{rel}","templated":true}]}}