{"id":339020,"date":"2026-09-01T19:28:14","date_gmt":"2026-09-01T19:28:14","guid":{"rendered":"https:\/\/www.europesays.com\/fi\/339020\/"},"modified":"2026-09-01T19:28:14","modified_gmt":"2026-09-01T19:28:14","slug":"hausmylly-yhtyeen-enzo-pulkkisen-parantumaton-syopa-faneilta-tukea-ja-voimaa","status":"publish","type":"post","link":"https:\/\/www.europesays.com\/fi\/339020\/","title":{"rendered":"Hausmylly-yhtyeen Enzo Pulkkisen parantumaton sy\u00f6p\u00e4: Faneilta tukea ja voimaa"},"content":{"rendered":"<p>            Ari Kettunen\n        <\/p>\n<p class=\"subtitle \">Hausmylly kertoi suru-uutisen Instagram-tilill\u00e4\u00e4n tiistaina.<\/p>\n<p class=\"font-weight-normal m-font-weight-normal article-content article-content-width !bg-background\">Hausmylly-yhtyeen keulahahmo  sy\u00f6p\u00e4 on levinnyt keuhkoihin, eik\u00e4 parannuskeinoa ole.<\/p>\n<p class=\"font-weight-bold m-font-weight-bold article-content article-content-width !bg-background\">Video: Ys\u00e4rit\u00e4hdet l\u00f6iv\u00e4t hynttyyt yhteen.\u00a0<\/p>\n<p>&#8221;Keulahahmo ja syd\u00e4n&#8221;<\/p>\n<p class=\"article-content article-content-width !bg-background\">Enzon sy\u00f6v\u00e4st\u00e4 kerrottiin tiistaina 1. syyskuuta Hausmyllyn Instagram-tilill\u00e4.<\/p>\n<p class=\"article-content article-content-width !bg-background\">\u2013 Meill\u00e4 on valitettavasti ik\u00e4vi\u00e4 uutisia kerrottavana, yhtyeen julkaisu alkaa.<\/p>\n<p class=\"article-content article-content-width !bg-background\">\u2013 B\u00e4ndimme keulahahmo ja syd\u00e4n, rakas Enzo, on saanut raskaita uutisia viimeisimm\u00e4ss\u00e4 sy\u00f6p\u00e4kontrollissa. Sy\u00f6p\u00e4 on levinnyt keuhkoihin, eik\u00e4 parantavaa hoitoa ole en\u00e4\u00e4 mahdollista antaa, riipaisevassa julkaisussa kerrotaan.\u00a0<\/p>\n<p class=\"article-content article-content-width !bg-background\">Voit katsoa julkaisun alta tai <a href=\"https:\/\/www.instagram.com\/p\/Dcv81rIAD_S\/?utm_source=ig_embed&amp;ig_rid=AWT_DTUGZ0ehLM707w2-3ZW&amp;img_index=1\" target=\"_blank\" rel=\"nofollow noopener\">t\u00e4st\u00e4 linkist\u00e4<\/a>.<\/p>\n<p class=\"article-content article-content-width !bg-background\">\u2013 Vaikka uutinen on meille kaikille musertava, Enzo ei anna sen vied\u00e4 h\u00e4nelt\u00e4 el\u00e4m\u00e4niloa. H\u00e4n haluaa edelleen el\u00e4\u00e4 t\u00e4ysill\u00e4, nauttia jokaisesta hetkest\u00e4 ja tehd\u00e4 juuri niit\u00e4 asioita, jotka tuovat h\u00e4nelle iloa.<\/p>\n<p class=\"article-content article-content-width !bg-background\">Sy\u00f6p\u00e4 on ollut l\u00e4sn\u00e4 Enzon el\u00e4m\u00e4ss\u00e4 jo pidemm\u00e4n aikaa. H\u00e4n sai vuonna 2020 keuhkosy\u00f6p\u00e4diagnoosin, ja vuonna 2025 h\u00e4n kertoi, ett\u00e4 sy\u00f6p\u00e4 oli uusiutunut. My\u00f6s Enzon puoliso  todettiin sy\u00f6p\u00e4 vuonna 2020.\u00a0<\/p>\n<p>        <a itemprop=\"url\" href=\"https:\/\/www.seiska.fi\/kotimaa\/hausmylly-laulaja-enzo-pulkkinen-ja-mia-vaimo-saivat-syopatuomiot-peratysten-oksensimme-sairaalan-parkkipaikalla\/356347\" rel=\"nofollow noopener\" target=\"_blank\"><\/p>\n<p class=\"section-date\">\n        <strong class=\"article-section\" data-section=\"kotimaa\"><br \/>\n            kotimaa<br \/>\n        <\/strong><br \/>\n        22.11.2020 12:02\n    <\/p>\n<p>Hausmylly-laulaja Enzo Pulkkinen ja Mia-vaimo saivat sy\u00f6p\u00e4tuomiot per\u00e4tysten: Oksensimme sairaalan parkkipaikalla!\n    <\/p>\n<p>        <\/a><\/p>\n<p>Lopetti uransa<\/p>\n<p class=\"article-content article-content-width !bg-background\">T\u00e4m\u00e4n vuoden maaliskuussa Enzo ilmoitti lopettavansa uransa, mutta ett\u00e4 Hausmylly jatkaisi ilman h\u00e4nt\u00e4. Enzo on yksi vuonna 1989 perustetun b\u00e4ndin alkuper\u00e4isj\u00e4senist\u00e4.<\/p>\n<p class=\"article-content article-content-width !bg-background\">\u2013 Nyt jos koskaan Enzo tarvitsee meid\u00e4n kaikkien tukea, rakkautta ja voimaa. J\u00e4tt\u00e4k\u00e4\u00e4 alle omat tsempit, terveiset ja kauniit sanat Enzolle. H\u00e4nelle on t\u00e4rke\u00e4\u00e4 tiet\u00e4\u00e4, kuinka paljon h\u00e4n merkitsee meille, Hausmyllyn julkaisussa kirjoitetaan.<\/p>\n<p class=\"article-content article-content-width !bg-background\">Julkaisun alle olikin kertynyt alle tunnissa l\u00e4hes kolmesataa kommenttia, joissa toivotettiin voimia Enzolle ja kiitettiin h\u00e4nt\u00e4 musiikista.<\/p>\n<p>        <a itemprop=\"url\" href=\"https:\/\/www.seiska.fi\/kotimaa\/muistatko-viela-hausmyllyn-talta-yhtye-nayttaa-nykyaan-katso-uusi-musiikkivideo\/277547\" rel=\"nofollow noopener\" target=\"_blank\"><\/p>\n<p>\nVAIN SEISKASSA\n<\/p>\n<p class=\"section-date\">\n        <strong class=\"article-section\" data-section=\"kotimaa\"><br \/>\n            kotimaa<br \/>\n        <\/strong><br \/>\n        1.6.2022 19:00\n    <\/p>\n<p>Muistatko viel\u00e4 Hausmyllyn? T\u00e4lt\u00e4 yhtye n\u00e4ytt\u00e4\u00e4 nyky\u00e4\u00e4n &#8211; katso uusi musiikkivideo\n    <\/p>\n<p>        <\/a><\/p>\n<p><script async src=\"\/\/www.instagram.com\/embed.js\"><\/script><\/p>\n","protected":false},"excerpt":{"rendered":"Ari Kettunen Hausmylly kertoi suru-uutisen Instagram-tilill\u00e4\u00e4n tiistaina. Hausmylly-yhtyeen keulahahmo sy\u00f6p\u00e4 on levinnyt keuhkoihin, eik\u00e4 parannuskeinoa ole. Video: Ys\u00e4rit\u00e4hdet&hellip;\n","protected":false},"author":2,"featured_media":339021,"comment_status":"","ping_status":"","sticky":false,"template":"","format":"standard","meta":{"footnotes":"","_share_on_mastodon":"0"},"categories":[130],"tags":[137,6742,33,31,30,6743,9517,32,1469,167,109],"class_list":["post-339020","post","type-post","status-publish","format-standard","has-post-thumbnail","category-viihde","tag-entertainment","tag-enzo-pulkkinen","tag-fi","tag-finland","tag-finnish","tag-hausmylly","tag-keuhkosyopa","tag-suomi","tag-syopa","tag-terveys","tag-viihde"],"share_on_mastodon":{"url":"https:\/\/pubeurope.com\/@fi\/117197439131613500","error":""},"_links":{"self":[{"href":"https:\/\/www.europesays.com\/fi\/wp-json\/wp\/v2\/posts\/339020","targetHints":{"allow":["GET"]}}],"collection":[{"href":"https:\/\/www.europesays.com\/fi\/wp-json\/wp\/v2\/posts"}],"about":[{"href":"https:\/\/www.europesays.com\/fi\/wp-json\/wp\/v2\/types\/post"}],"author":[{"embeddable":true,"href":"https:\/\/www.europesays.com\/fi\/wp-json\/wp\/v2\/users\/2"}],"replies":[{"embeddable":true,"href":"https:\/\/www.europesays.com\/fi\/wp-json\/wp\/v2\/comments?post=339020"}],"version-history":[{"count":0,"href":"https:\/\/www.europesays.com\/fi\/wp-json\/wp\/v2\/posts\/339020\/revisions"}],"wp:featuredmedia":[{"embeddable":true,"href":"https:\/\/www.europesays.com\/fi\/wp-json\/wp\/v2\/media\/339021"}],"wp:attachment":[{"href":"https:\/\/www.europesays.com\/fi\/wp-json\/wp\/v2\/media?parent=339020"}],"wp:term":[{"taxonomy":"category","embeddable":true,"href":"https:\/\/www.europesays.com\/fi\/wp-json\/wp\/v2\/categories?post=339020"},{"taxonomy":"post_tag","embeddable":true,"href":"https:\/\/www.europesays.com\/fi\/wp-json\/wp\/v2\/tags?post=339020"}],"curies":[{"name":"wp","href":"https:\/\/api.w.org\/{rel}","templated":true}]}}