{"id":339028,"date":"2026-09-01T19:34:08","date_gmt":"2026-09-01T19:34:08","guid":{"rendered":"https:\/\/www.europesays.com\/fi\/339028\/"},"modified":"2026-09-01T19:34:08","modified_gmt":"2026-09-01T19:34:08","slug":"ilves-sankari-repesi-taysin-kesken-haastattelun-han-seisoo-tassa-vieressa-aamulehti","status":"publish","type":"post","link":"https:\/\/www.europesays.com\/fi\/339028\/","title":{"rendered":"Ilves-sankari repesi t\u00e4ysin kesken haastattelun: \u201dH\u00e4n seisoo t\u00e4ss\u00e4 vieress\u00e4\u201d &#8211; Aamulehti"},"content":{"rendered":"<ol>\n<li><a href=\"https:\/\/news.google.com\/rss\/articles\/CBMiY0FVX3lxTE4yWW5oN21WMUl4Nkkyalg5REpLUUpxTHZrdGJ0VWVCS25GcW05cnhhRXRhR2gteWktS2Z6WllCQU1oaXp0MG1qZmhJYzRycnZuYl9LVndrWTZxV1NFR2hYUHlHOA?oc=5\" target=\"_blank\" rel=\"nofollow noopener\">Ilves-sankari repesi t\u00e4ysin kesken haastattelun: \u201dH\u00e4n seisoo t\u00e4ss\u00e4 vieress\u00e4\u201d<\/a>&nbsp;&nbsp;Aamulehti<\/li>\n<li><a href=\"https:\/\/news.google.com\/rss\/articles\/CBMikwFBVV95cUxNVVlEZC1uZl90UkJFNmozSEFCR0R3ak56N2JlNTZqdEtzaGl1eHpJV3M4dlZJQmZOQjM5ZmUxM0p2dGFkRDhPbGNJU1E3WXRsY0tQNWgxQ3pQM1BtLTJXNllJaHBEUF9ITXZabndBU3lsMFJwdDR0S2JFbjZCblR0QndxLXRBc1EtblNwUTBkZzY4OXM?oc=5\" target=\"_blank\" rel=\"nofollow noopener\">Ilves avasi Liiga-kauden 0\u20132-vierasvoitolla Lukosta<\/a>&nbsp;&nbsp;ilves.com<\/li>\n<li><a href=\"https:\/\/news.google.com\/rss\/articles\/CBMiY0FVX3lxTE9nWUNXZ1lmZDJEbVg2M1hpYVdpcFhtNndfa0kxRGNEMHBhWjFJZE5PM3R5SUFUX2lwLThGWE9SOFpiclIxLW13bGtjcFVWb010b1A1X1B2MXJfMjlhRHc5cFNqdw?oc=5\" target=\"_blank\" rel=\"nofollow noopener\">Seuranta | Ilves avasi maalihanat \u2013 Strandilta hieno viimeistely<\/a>&nbsp;&nbsp;Aamulehti<\/li>\n<li><a href=\"https:\/\/news.google.com\/rss\/articles\/CBMiW0FVX3lxTE9NUFFTX3RuWkhpX29PR0pWZXItVGpOMWsxdHN4LWg0YzRkY0dKZWJrMi0weXhGODZMS0JYSkkyMGhzczg4cmc5eDZuX3N0ZkxNZnVtZkRBS0tkWVU?oc=5\" target=\"_blank\" rel=\"nofollow noopener\">Ei mene mill\u00e4\u00e4n! Ilveksell\u00e4 muhkea maaliodottama muttei osuman osumaa<\/a>&nbsp;&nbsp;Helsingin Uutiset<\/li>\n<li><a href=\"https:\/\/news.google.com\/rss\/articles\/CBMicEFVX3lxTE5lcGFvb0llUU5LV3BMRmFfdl9IWXBNMVZsUWNxeEJnMHVWckJyUXo0WFp6QUk4QUhfVXdiNUVPTnVkdFpYWlNvak9GNW9acDRkTWJMd2N3bmtEcnVfWkc4Z1BoWVNrVGt3UjRXUzRKWUQ?oc=5\" target=\"_blank\" rel=\"nofollow noopener\">Seuranta | Lukko j\u00e4i ilman maaleja, pisteet Ilvekselle<\/a>&nbsp;&nbsp;Satakunnan Kansa<\/li>\n<\/ol>\n","protected":false},"excerpt":{"rendered":"Ilves-sankari repesi t\u00e4ysin kesken haastattelun: \u201dH\u00e4n seisoo t\u00e4ss\u00e4 vieress\u00e4\u201d&nbsp;&nbsp;Aamulehti Ilves avasi Liiga-kauden 0\u20132-vierasvoitolla Lukosta&nbsp;&nbsp;ilves.com Seuranta | Ilves avasi&hellip;\n","protected":false},"author":2,"featured_media":339029,"comment_status":"","ping_status":"","sticky":false,"template":"","format":"standard","meta":{"footnotes":"","_share_on_mastodon":"0"},"categories":[5],"tags":[157,22,23,26,27,33,31,30,17,24,25,28,29,15,18,21,32,19,20,16],"class_list":["post-339028","post","type-post","status-publish","format-standard","has-post-thumbnail","category-otsikot","tag-aamulehti","tag-breaking-news","tag-breakingnews","tag-featured-news","tag-featurednews","tag-fi","tag-finland","tag-finnish","tag-headlines","tag-latest-news","tag-latestnews","tag-main-news","tag-mainnews","tag-news","tag-otsikot","tag-paauutiset","tag-suomi","tag-top-stories","tag-topstories","tag-uutiset"],"share_on_mastodon":{"url":"https:\/\/pubeurope.com\/@fi\/117197462919523812","error":""},"_links":{"self":[{"href":"https:\/\/www.europesays.com\/fi\/wp-json\/wp\/v2\/posts\/339028","targetHints":{"allow":["GET"]}}],"collection":[{"href":"https:\/\/www.europesays.com\/fi\/wp-json\/wp\/v2\/posts"}],"about":[{"href":"https:\/\/www.europesays.com\/fi\/wp-json\/wp\/v2\/types\/post"}],"author":[{"embeddable":true,"href":"https:\/\/www.europesays.com\/fi\/wp-json\/wp\/v2\/users\/2"}],"replies":[{"embeddable":true,"href":"https:\/\/www.europesays.com\/fi\/wp-json\/wp\/v2\/comments?post=339028"}],"version-history":[{"count":0,"href":"https:\/\/www.europesays.com\/fi\/wp-json\/wp\/v2\/posts\/339028\/revisions"}],"wp:featuredmedia":[{"embeddable":true,"href":"https:\/\/www.europesays.com\/fi\/wp-json\/wp\/v2\/media\/339029"}],"wp:attachment":[{"href":"https:\/\/www.europesays.com\/fi\/wp-json\/wp\/v2\/media?parent=339028"}],"wp:term":[{"taxonomy":"category","embeddable":true,"href":"https:\/\/www.europesays.com\/fi\/wp-json\/wp\/v2\/categories?post=339028"},{"taxonomy":"post_tag","embeddable":true,"href":"https:\/\/www.europesays.com\/fi\/wp-json\/wp\/v2\/tags?post=339028"}],"curies":[{"name":"wp","href":"https:\/\/api.w.org\/{rel}","templated":true}]}}