{"id":339042,"date":"2026-09-01T20:00:09","date_gmt":"2026-09-01T20:00:09","guid":{"rendered":"https:\/\/www.europesays.com\/fi\/339042\/"},"modified":"2026-09-01T20:00:09","modified_gmt":"2026-09-01T20:00:09","slug":"jarvenpaan-kaupunginhallituksen-paatoksia-31-8-2026-jarvenpaa","status":"publish","type":"post","link":"https:\/\/www.europesays.com\/fi\/339042\/","title":{"rendered":"J\u00e4rvenp\u00e4\u00e4n kaupunginhallituksen p\u00e4\u00e4t\u00f6ksi\u00e4 31.8.2026 | J\u00e4rvenp\u00e4\u00e4"},"content":{"rendered":"<p class=\"wp-block-paragraph\">J\u00e4rvenp\u00e4\u00e4n kaupunginhallitus k\u00e4sitteli maanantaisessa kokouksessaan Kiinteist\u00f6 Oy Mannilantien Liiketalon osakkeiden ostamista.\u00a0 Kaupunginhallitus p\u00e4\u00e4tti esittelij\u00e4n eli kaupunginjohtajan muutetun p\u00e4\u00e4t\u00f6sehdotuksen mukaisesti merkit\u00e4 valmistelutilanteen tiedoksi ja antaa viranhaltijoille, Mestaritoiminta Oy:lle ja J\u00e4rvenp\u00e4\u00e4n Mestariasunnot Oy:lle toimiohjeen edist\u00e4\u00e4 valmistelua Mannilantien Liikekiinteist\u00f6 Oy:n siirt\u00e4miseksi kaupungin omistukseen.<\/p>\n<p class=\"wp-block-paragraph\">Osavuosiraportista ja vuoden 2026 talousarvion muuttamisesta p\u00e4\u00e4tettiin p\u00e4\u00e4t\u00f6sehdotuksen mukaisesti ja ne etenev\u00e4t kaupunginvaltuuston k\u00e4sittelyyn.<\/p>\n<p class=\"wp-block-paragraph\">Konsernipalvelujen ja tilaomistuksen k\u00e4ytt\u00f6suunnitelman tavoitteiden toteumat ajalta 1.1.-\u200b30.6.2026 kaupunginhallitus hyv\u00e4ksyi kokouksessaan. Kaupunginhallitus my\u00f6s p\u00e4\u00e4tti ehdottaa kaupunginvaltuustolle asemakaavan muutosta Laurilantie 37:n korttelialueille.<\/p>\n<p class=\"wp-block-paragraph\"><a href=\"https:\/\/jarvenpaa.cloudnc.fi\/fi-FI\/Toimielimet\/Kaupunginhallitus\/Kokous_3182026\" rel=\"nofollow noopener\" target=\"_blank\">Linkki kaupunginhallituksen p\u00f6yt\u00e4kirjaan 31.8.2026<\/a><\/p>\n<p class=\"wp-block-paragraph\"><strong>Lis\u00e4tiedot:<\/strong><\/p>\n<p class=\"wp-block-paragraph\">Jarno Hautam\u00e4ki<br \/>kaupunginhallituksen puheenjohtaja<br \/>040 046 4806<br \/>jarno.hautamaki@jarvenpaa.fi<\/p>\n","protected":false},"excerpt":{"rendered":"J\u00e4rvenp\u00e4\u00e4n kaupunginhallitus k\u00e4sitteli maanantaisessa kokouksessaan Kiinteist\u00f6 Oy Mannilantien Liiketalon osakkeiden ostamista.\u00a0 Kaupunginhallitus p\u00e4\u00e4tti esittelij\u00e4n eli kaupunginjohtajan muutetun p\u00e4\u00e4t\u00f6sehdotuksen&hellip;\n","protected":false},"author":2,"featured_media":339043,"comment_status":"","ping_status":"","sticky":false,"template":"","format":"standard","meta":{"footnotes":"","_share_on_mastodon":"0"},"categories":[5],"tags":[22,23,26,27,33,31,30,17,24,25,28,29,15,18,21,32,19,20,16],"class_list":["post-339042","post","type-post","status-publish","format-standard","has-post-thumbnail","category-otsikot","tag-breaking-news","tag-breakingnews","tag-featured-news","tag-featurednews","tag-fi","tag-finland","tag-finnish","tag-headlines","tag-latest-news","tag-latestnews","tag-main-news","tag-mainnews","tag-news","tag-otsikot","tag-paauutiset","tag-suomi","tag-top-stories","tag-topstories","tag-uutiset"],"share_on_mastodon":{"url":"https:\/\/pubeurope.com\/@fi\/117197565214653693","error":""},"_links":{"self":[{"href":"https:\/\/www.europesays.com\/fi\/wp-json\/wp\/v2\/posts\/339042","targetHints":{"allow":["GET"]}}],"collection":[{"href":"https:\/\/www.europesays.com\/fi\/wp-json\/wp\/v2\/posts"}],"about":[{"href":"https:\/\/www.europesays.com\/fi\/wp-json\/wp\/v2\/types\/post"}],"author":[{"embeddable":true,"href":"https:\/\/www.europesays.com\/fi\/wp-json\/wp\/v2\/users\/2"}],"replies":[{"embeddable":true,"href":"https:\/\/www.europesays.com\/fi\/wp-json\/wp\/v2\/comments?post=339042"}],"version-history":[{"count":0,"href":"https:\/\/www.europesays.com\/fi\/wp-json\/wp\/v2\/posts\/339042\/revisions"}],"wp:featuredmedia":[{"embeddable":true,"href":"https:\/\/www.europesays.com\/fi\/wp-json\/wp\/v2\/media\/339043"}],"wp:attachment":[{"href":"https:\/\/www.europesays.com\/fi\/wp-json\/wp\/v2\/media?parent=339042"}],"wp:term":[{"taxonomy":"category","embeddable":true,"href":"https:\/\/www.europesays.com\/fi\/wp-json\/wp\/v2\/categories?post=339042"},{"taxonomy":"post_tag","embeddable":true,"href":"https:\/\/www.europesays.com\/fi\/wp-json\/wp\/v2\/tags?post=339042"}],"curies":[{"name":"wp","href":"https:\/\/api.w.org\/{rel}","templated":true}]}}