{"id":339048,"date":"2026-09-01T20:18:12","date_gmt":"2026-09-01T20:18:12","guid":{"rendered":"https:\/\/www.europesays.com\/fi\/339048\/"},"modified":"2026-09-01T20:18:12","modified_gmt":"2026-09-01T20:18:12","slug":"decorado-rakkautta-anarkiaa-2026","status":"publish","type":"post","link":"https:\/\/www.europesays.com\/fi\/339048\/","title":{"rendered":"Decorado \u2014 Rakkautta &#038; Anarkiaa 2026"},"content":{"rendered":"<p>\n                    N\u00e4yttelij\u00e4t                <\/p>\n<p>\n                    Asier Hormaza, Aintzane Gamiz, Kandido Uranga                <\/p>\n<p>\n                    Avainsanat                <\/p>\n<p>\n                    Angsti, El\u00e4imet, Fantasia, Identiteetti, J\u00e4nnitys, Kaupunkitila, Mielenterveys, Outoa, Perhesuhteet                <\/p>\n<p>Espanjalaisen animaation omaper\u00e4isimpiin tekij\u00f6ihin kuuluva Alberto V\u00e1zquez (Psiconautas, Unicorn Wars) laajentaa Goya-palkitun lyhytelokuvansa t\u00e4yspitk\u00e4ksi eksistentiaaliseksi painajaiseksi, jossa suloisen n\u00e4k\u00f6inen animaatio k\u00e4tkee alleen armottoman tutkielman vieraantumisesta, vallasta ja vapauden illuusiosta.<\/p>\n<p>Keski-ik\u00e4inen, pitk\u00e4aikaisty\u00f6t\u00f6n Arnold-hiiri alkaa ep\u00e4ill\u00e4, ett\u00e4 h\u00e4nen el\u00e4m\u00e4ns\u00e4, avioliittonsa ja koko ymp\u00e4r\u00f6iv\u00e4 yhteiskunta ovat valtavaa lavastusta. Yst\u00e4v\u00e4n salaper\u00e4inen kuolema syvent\u00e4\u00e4 vainoharhaa, joka johdattaa h\u00e4net kohti maailmaa hallitsevan megayhti\u00f6n kulissien takaista todellisuutta. V\u00e1zquez ei kuitenkaan rakenna perinteist\u00e4 salaliittotrilleri\u00e4, vaan absurdin, mustalla huumorilla s\u00e4vytetyn sadun, jossa todellisuus tuntuu liukuvan jatkuvasti pois otteesta.<\/p>\n<p>Decorado leikittelee yht\u00e4 aikaa Disneyn klassisella el\u00e4inanimaatiolla, Orwellin dystopioilla ja The Truman Show\u2019n kaltaisilla todellisuusilluusioilla. Lopputulos on visuaalisesti huumaava, synk\u00e4n koominen ja filosofisesti levoton. Aikuisten animaatio ei tarjoa lohtua eik\u00e4 moraalisia opetuksia, vaan kutsuu katsojan kyseenalaistamaan kaiken sen, mik\u00e4 n\u00e4ytt\u00e4\u00e4 itsest\u00e4\u00e4n selv\u00e4lt\u00e4. Jos el\u00e4m\u00e4 on n\u00e4ytt\u00e4m\u00f6, kuka kirjoittaa k\u00e4sikirjoituksen?<\/p>\n<p>Rauli Karjalainen<\/p>\n<p>                    N\u00e4yt\u00e4 sis\u00e4lt\u00f6varoitukset (saattaa sis\u00e4lt\u00e4\u00e4 juonipaljastuksia)<\/p>\n<p>\n                    Mielenterveysongelmat, P\u00e4ihteiden ongelmak\u00e4ytt\u00f6, V\u00e4kivalta                <\/p>\n","protected":false},"excerpt":{"rendered":"N\u00e4yttelij\u00e4t Asier Hormaza, Aintzane Gamiz, Kandido Uranga Avainsanat Angsti, El\u00e4imet, Fantasia, Identiteetti, J\u00e4nnitys, Kaupunkitila, Mielenterveys, Outoa, Perhesuhteet Espanjalaisen&hellip;\n","protected":false},"author":2,"featured_media":339049,"comment_status":"","ping_status":"","sticky":false,"template":"","format":"standard","meta":{"footnotes":"","_share_on_mastodon":"0"},"categories":[131],"tags":[155,137,33,173,31,30,172,32,109],"class_list":["post-339048","post","type-post","status-publish","format-standard","has-post-thumbnail","category-elokuvat","tag-elokuvat","tag-entertainment","tag-fi","tag-film","tag-finland","tag-finnish","tag-movies","tag-suomi","tag-viihde"],"share_on_mastodon":{"url":"https:\/\/pubeurope.com\/@fi\/117197635873349036","error":""},"_links":{"self":[{"href":"https:\/\/www.europesays.com\/fi\/wp-json\/wp\/v2\/posts\/339048","targetHints":{"allow":["GET"]}}],"collection":[{"href":"https:\/\/www.europesays.com\/fi\/wp-json\/wp\/v2\/posts"}],"about":[{"href":"https:\/\/www.europesays.com\/fi\/wp-json\/wp\/v2\/types\/post"}],"author":[{"embeddable":true,"href":"https:\/\/www.europesays.com\/fi\/wp-json\/wp\/v2\/users\/2"}],"replies":[{"embeddable":true,"href":"https:\/\/www.europesays.com\/fi\/wp-json\/wp\/v2\/comments?post=339048"}],"version-history":[{"count":0,"href":"https:\/\/www.europesays.com\/fi\/wp-json\/wp\/v2\/posts\/339048\/revisions"}],"wp:featuredmedia":[{"embeddable":true,"href":"https:\/\/www.europesays.com\/fi\/wp-json\/wp\/v2\/media\/339049"}],"wp:attachment":[{"href":"https:\/\/www.europesays.com\/fi\/wp-json\/wp\/v2\/media?parent=339048"}],"wp:term":[{"taxonomy":"category","embeddable":true,"href":"https:\/\/www.europesays.com\/fi\/wp-json\/wp\/v2\/categories?post=339048"},{"taxonomy":"post_tag","embeddable":true,"href":"https:\/\/www.europesays.com\/fi\/wp-json\/wp\/v2\/tags?post=339048"}],"curies":[{"name":"wp","href":"https:\/\/api.w.org\/{rel}","templated":true}]}}