{"id":339058,"date":"2026-09-01T20:26:09","date_gmt":"2026-09-01T20:26:09","guid":{"rendered":"https:\/\/www.europesays.com\/fi\/339058\/"},"modified":"2026-09-01T20:26:09","modified_gmt":"2026-09-01T20:26:09","slug":"tallainen-on-nykyisen-hallituksen-viimeinen-budjetti-katso-tiivis-lista-siita-mita-paatettiin-politiikka","status":"publish","type":"post","link":"https:\/\/www.europesays.com\/fi\/339058\/","title":{"rendered":"T\u00e4llainen on nykyisen hallituksen viimeinen budjetti \u2013 katso tiivis lista siit\u00e4, mit\u00e4 p\u00e4\u00e4tettiin | Politiikka"},"content":{"rendered":"<p class=\"aw__sc-1qwuw0s-0 aw__sc-1vg2sqm-0 epAWpq ecELkD yle__article__paragraph\">Budjetti vuodelle 2027 sis\u00e4lt\u00e4\u00e4 vain v\u00e4h\u00e4n sellaista, josta ei olisi sovittu jo aiemmin. Budjetti on 12,4 miljardia euroa alij\u00e4\u00e4m\u00e4inen.<\/p>\n<p><img decoding=\"async\" alt=\"Sari Essayah, Riikka Purra, Petteri Orpo ja Anders Adlercreutz budjettiriihess\u00e4.\" src=\"https:\/\/www.europesays.com\/fi\/wp-content\/uploads\/2026\/09\/1788258954.jpeg\" class=\"aw__sc-dklauk-0 LPzKX\"\/><\/p>\n<p>Avaa kuvien katselu<\/p>\n<p>Hallituksen johtonelikko eli p\u00e4\u00e4ministeri Petteri Orpo (kok., toinen oikealta), Sari Essayah (kd.), Riikka Purra (ps.) ja Anders Adlercreutz (r.) S\u00e4\u00e4tytalolla tiistaina. Kuva: Silja Viitala \/ Yle<\/p>\n<p class=\"aw__sc-1qwuw0s-0 aw__sc-ngllmo-0 epAWpq fzYpjk yle__article__paragraph\">P\u00e4\u00e4ministeri <strong class=\"aw__sc-ngllmo-2 gdRrun yle__article__strong\">Petteri Orpon<\/strong> (kok.) hallitus sai valmiiksi vuoden 2027 budjetin.<\/p>\n<p class=\"aw__sc-1qwuw0s-0 aw__sc-ngllmo-0 epAWpq fzYpjk yle__article__paragraph\">Kyseess\u00e4 on t\u00e4m\u00e4n hallituskauden viimeinen budjetti, sill\u00e4 seuraavat eduskuntavaalit pidet\u00e4\u00e4n ensi kev\u00e4\u00e4n\u00e4. Budjetin loppusumma on 92,5 miljardia euroa, ja se on 12,4 miljardia alij\u00e4\u00e4m\u00e4inen.<\/p>\n<p class=\"aw__sc-1qwuw0s-0 aw__sc-ngllmo-0 epAWpq fzYpjk yle__article__paragraph\">Kokosimme t\u00e4h\u00e4n juttuun t\u00e4rkeimm\u00e4t asiat <a class=\"aw__sc-ngllmo-1 bTDnwX yle__article__link\" href=\"https:\/\/yle.fi\/a\/74-20243918\" role=\"link\" rel=\"nofollow noopener\" target=\"_blank\">t\u00e4n\u00e4\u00e4n julkistetuista p\u00e4\u00e4t\u00f6ksist\u00e4<\/a>. Valtaosa perustuu aiempiin, erityisesti syksyn 2025 puoliv\u00e4liriihen yhteydess\u00e4 tehtyihin toimiin.<\/p>\n<p>N\u00e4m\u00e4 ovat merkitt\u00e4vimpi\u00e4 leikkauksia ja veronkiristyksi\u00e4<\/p>\n<p class=\"aw__sc-1qwuw0s-0 aw__sc-ngllmo-0 epAWpq fzYpjk yle__article__paragraph\"><strong class=\"aw__sc-ngllmo-2 gdRrun yle__article__strong\">1. Sosiaali- ja terveysj\u00e4rjest\u00f6jen saamia STEA-avustuksia leikataan noin 80 miljoonalla eurolla.<\/strong> T\u00e4m\u00e4 tarkoittaa noin kolmanneksen leikkausta \u2013 se ei muuttunut budjettiriihess\u00e4. Kompensaationa hyvinvointialueet saavat 25 miljoonaa euroa rahoitusta jaettavaksi sote-j\u00e4rjest\u00f6jen m\u00e4\u00e4r\u00e4aikaisiin kehitt\u00e4mishankkeisiin.<\/p>\n<p class=\"aw__sc-1qwuw0s-0 aw__sc-ngllmo-0 epAWpq fzYpjk yle__article__paragraph\"><strong class=\"aw__sc-ngllmo-2 gdRrun yle__article__strong\">2. Kuntien saamat valtionosuudet v\u00e4henev\u00e4t 110 miljoonalla eurolla.<\/strong> Valtionosuudet on tarkoitettu peruspalvelujen j\u00e4rjest\u00e4miseen, eli vaikutus kohdistuu esimerkiksi kouluihin.<\/p>\n<p class=\"aw__sc-1qwuw0s-0 aw__sc-ngllmo-0 epAWpq fzYpjk yle__article__paragraph\"><strong class=\"aw__sc-ngllmo-2 gdRrun yle__article__strong\">3. Valtionhallinnon toimintamenoista s\u00e4\u00e4stet\u00e4\u00e4n 60 miljoonaa euroa lis\u00e4\u00e4.<\/strong> Lis\u00e4ksi valtion virastojen toimintamenoihin kohdistuu toinenkin, aiemmin p\u00e4\u00e4tetty 25 miljoonan s\u00e4\u00e4st\u00f6.<\/p>\n<p class=\"aw__sc-1qwuw0s-0 aw__sc-ngllmo-0 epAWpq fzYpjk yle__article__paragraph\"><strong class=\"aw__sc-ngllmo-2 gdRrun yle__article__strong\">4. Alkoholi- ja tupakkaveroa kiristet\u00e4\u00e4n<\/strong> <strong class=\"aw__sc-ngllmo-2 gdRrun yle__article__strong\">noin 50 miljoonalla eurolla.<\/strong> T\u00e4st\u00e4 alkoholin osuus on noin 20 miljoonaa euroa ja tupakkatuotteiden noin 30 miljoonaa.<\/p>\n<p class=\"aw__sc-1qwuw0s-0 aw__sc-ngllmo-0 epAWpq fzYpjk yle__article__paragraph\"><strong class=\"aw__sc-ngllmo-2 gdRrun yle__article__strong\">5. Valtion tukeman asuntotuotannon korkotukilainavaltuutta<\/strong> <strong class=\"aw__sc-ngllmo-2 gdRrun yle__article__strong\">v\u00e4hennet\u00e4\u00e4n 365 miljoonalla eurolla.<\/strong> N\u00e4ill\u00e4 ARA-lainoilla tuetaan kohtuuhintaisten vuokra-asuntojen rakentamista.<\/p>\n<p class=\"aw__sc-1qwuw0s-0 aw__sc-ngllmo-0 epAWpq fzYpjk yle__article__paragraph\"><strong class=\"aw__sc-ngllmo-2 gdRrun yle__article__strong\">6. Kehitysyhteisty\u00f6- ja kotouttamisrahoja leikataan ensi vuodelle.<\/strong> Leikkauksen taso ei viel\u00e4 selvinnut valtioneuvoston tiistai-iltana julkistamista papereista.<\/p>\n<p>Menoja lihottaa erityisesti puolustusmenojen kasvu<\/p>\n<p class=\"aw__sc-1qwuw0s-0 aw__sc-ngllmo-0 epAWpq fzYpjk yle__article__paragraph\"><strong class=\"aw__sc-ngllmo-2 gdRrun yle__article__strong\">1. Puolustusm\u00e4\u00e4r\u00e4rahat kasvavat 620 miljoonaa euroa<\/strong> <strong class=\"aw__sc-ngllmo-2 gdRrun yle__article__strong\">verrattuna t\u00e4m\u00e4n vuoden talousarvioon.<\/strong> Materiaalihankintoihin my\u00f6nnet\u00e4\u00e4n 1,3 miljardin euron tilausvaltuudet, ja puolustusvoimien toimintamenoihin ehdotetaan 186 miljoonan euron tilausvaltuutta.<\/p>\n<p class=\"aw__sc-1qwuw0s-0 aw__sc-ngllmo-0 epAWpq fzYpjk yle__article__paragraph\"><strong class=\"aw__sc-ngllmo-2 gdRrun yle__article__strong\">2. Ukrainan tukeen<\/strong> <strong class=\"aw__sc-ngllmo-2 gdRrun yle__article__strong\">ehdotetaan 200 miljoonan euron lis\u00e4m\u00e4\u00e4r\u00e4rahaa.<\/strong> Lis\u00e4ksi sis\u00e4ministeri\u00f6lle ehdotetaan kolmea miljoonaa euroa lis\u00e4\u00e4 Ukraina-tukeen liittyviin kuljetuskustannuksiin ja hankintoihin.<\/p>\n<p class=\"aw__sc-1qwuw0s-0 aw__sc-ngllmo-0 epAWpq fzYpjk yle__article__paragraph\"><strong class=\"aw__sc-ngllmo-2 gdRrun yle__article__strong\">3. Tie- ja ratahankkeet saavat noin 200 miljoonan lis\u00e4m\u00e4\u00e4r\u00e4rahan.<\/strong> Vuoden 2027 budjettiin on kirjattu <a class=\"aw__sc-ngllmo-1 bTDnwX yle__article__link\" href=\"https:\/\/valtioneuvosto.fi\/documents\/194055633\/200124281\/Hallituksen+budjettiriihen+tiedotustilaisuuden+esitysmateriaali+1.9.2026.pdf\/42142b91-83ab-7bb5-370f-183de76b2d80?t=1788284006242\" role=\"link\" rel=\"nofollow noopener\" target=\"_blank\">useita v\u00e4yl\u00e4hankkeita<\/a>.<\/p>\n<p class=\"aw__sc-1qwuw0s-0 aw__sc-ngllmo-0 epAWpq fzYpjk yle__article__paragraph\"><strong class=\"aw__sc-ngllmo-2 gdRrun yle__article__strong\">4. Tutkimus- ja kehitt\u00e4misrahoja lis\u00e4t\u00e4\u00e4n 230 miljoonaa euroa vuoteen 2026 verrattuna.<\/strong> Suurimmat lis\u00e4ykset kohdistuvat Business Finlandin ja Suomen Akatemian valtuuksiin.<\/p>\n<p class=\"aw__sc-1qwuw0s-0 aw__sc-ngllmo-0 epAWpq fzYpjk yle__article__paragraph\"><strong class=\"aw__sc-ngllmo-2 gdRrun yle__article__strong\">5. Asuinrakennusten energiatehokkuutta pyrit\u00e4\u00e4n edist\u00e4m\u00e4\u00e4n 50 miljoonan euron korjausavustuksilla.<\/strong> Avustukset ovat m\u00e4\u00e4r\u00e4aikaisia, ja niiden toivotaan vauhdittavan rakennusalaa.<\/p>\n<p>N\u00e4m\u00e4 ovat merkitt\u00e4vimm\u00e4t veronkevennykset, jotka v\u00e4hent\u00e4v\u00e4t valtion verotuloja<\/p>\n<p class=\"aw__sc-1qwuw0s-0 aw__sc-ngllmo-0 epAWpq fzYpjk yle__article__paragraph\"><strong class=\"aw__sc-ngllmo-2 gdRrun yle__article__strong\">1. Yritysten maksamaa yhteis\u00f6veroa lasketaan 20 prosentista 18 prosenttiin.<\/strong> T\u00e4m\u00e4 v\u00e4hent\u00e4\u00e4 valtion tuloja noin 850 miljoonalla eurolla.<\/p>\n<p class=\"aw__sc-1qwuw0s-0 aw__sc-ngllmo-0 epAWpq fzYpjk yle__article__paragraph\"><strong class=\"aw__sc-ngllmo-2 gdRrun yle__article__strong\">2. Pieni- ja keskituloisten verotusta kevennet\u00e4\u00e4n.<\/strong> T\u00e4m\u00e4 maksaa valtiolle 230 miljoonaa euroa ja tarkoittaa noin 100\u2013200 euroa vuodessa enemm\u00e4n k\u00e4teen niille, jotka tienaavat enint\u00e4\u00e4n 4\u00a0000 euroa kuussa.<\/p>\n<p class=\"aw__sc-1qwuw0s-0 aw__sc-ngllmo-0 epAWpq fzYpjk yle__article__paragraph\"><strong class=\"aw__sc-ngllmo-2 gdRrun yle__article__strong\">3. Polttoaineverotus kevenee hiukan.<\/strong> Verotuottojen on aiemmin laskettu v\u00e4henev\u00e4n noin 96 miljoonaa euroa, ja vaikutus polttoaineen hintaan on arviolta noin 2 sentti\u00e4 litralta.<\/p>\n<p class=\"aw__sc-1qwuw0s-0 aw__sc-ngllmo-0 epAWpq fzYpjk yle__article__paragraph\"><strong class=\"aw__sc-ngllmo-2 gdRrun yle__article__strong\">4. Ty\u00f6suhdeoptioiden verotus muuttuu ensi vuoden alussa.<\/strong> Listaamattomien yhti\u00f6iden ty\u00f6suhdeoptioita aiotaan jatkossa verottaa p\u00e4\u00e4s\u00e4\u00e4nt\u00f6isesti vasta, kun niill\u00e4 merkityt osakkeet myyd\u00e4\u00e4n. T\u00e4ll\u00e4 pyrit\u00e4\u00e4n houkuttelemaan ty\u00f6voimaa startup\u2011 ja kasvuyrityksiin.<\/p>\n<p class=\"aw__sc-1qwuw0s-0 aw__sc-ngllmo-0 epAWpq fzYpjk yle__article__paragraph\"><strong class=\"aw__sc-ngllmo-2 gdRrun yle__article__strong\">5. Investointiverohyvitys jatkuu.<\/strong> Kyseess\u00e4 on suurten puhtaan siirtym\u00e4n teollisten investointien verohyvitys, joka kohdistuu muun muassa uusiutuviin polttoaineisiin sek\u00e4 teollisuuden p\u00e4\u00e4st\u00f6jen v\u00e4hent\u00e4miseen.<\/p>\n<p class=\"aw__sc-1qwuw0s-0 aw__sc-ngllmo-0 epAWpq fzYpjk yle__article__paragraph\"><strong class=\"aw__sc-ngllmo-2 gdRrun yle__article__strong\">6. Kotitalousv\u00e4hennyksen v\u00e4liaikaista korotusta jatketaan ensi vuonna.<\/strong> V\u00e4hennyksen enimm\u00e4ism\u00e4\u00e4r\u00e4 pysyy 2\u00a0100 eurossa ja yritykselt\u00e4 ostettujen palveluiden v\u00e4hennysprosentti 40:ss\u00e4. Vaikutus valtiontalouteen on arviolta muutama kymmenen miljoonaa euroa.<\/p>\n<p>N\u00e4in k\u00e4vi paljon keskustelua her\u00e4tt\u00e4neille asioille<\/p>\n<p class=\"aw__sc-1qwuw0s-0 aw__sc-ngllmo-0 epAWpq fzYpjk yle__article__paragraph\"><strong class=\"aw__sc-ngllmo-2 gdRrun yle__article__strong\">1. Kansanterveytt\u00e4 edist\u00e4v\u00e4n UKK-instituutin rahoitusta<\/strong> <strong class=\"aw__sc-ngllmo-2 gdRrun yle__article__strong\">leikataan 800\u00a0000 euroon.<\/strong> N\u00e4in ollen hallitus muutti selv\u00e4sti sosiaali- ja terveysministeri <strong class=\"aw__sc-ngllmo-2 gdRrun yle__article__strong\">Wille Rydmanin<\/strong> (ps.) ehdottamaa leikkausta, joka olisi pienent\u00e4nyt nykyisen noin 900\u00a0000 euron rahoituksen 200\u00a0000 euroon.<\/p>\n<p class=\"aw__sc-1qwuw0s-0 aw__sc-ngllmo-0 epAWpq fzYpjk yle__article__paragraph\"><strong class=\"aw__sc-ngllmo-2 gdRrun yle__article__strong\">2. Hallitus luopui ehdolla olleesta<\/strong> <strong class=\"aw__sc-ngllmo-2 gdRrun yle__article__strong\">datakeskusten tuesta<\/strong>. Vanha tuki p\u00e4\u00e4ttyi kes\u00e4kuun lopussa, ja uutta tukea kaavailtiin noin 30 miljoonan euron suuruiseksi. Tuen merkitys on kuitenkin pienentynyt, koska Suomi on etenkin s\u00e4hk\u00f6n hinnan ja saatavuuden puolesta jo valmiiksi houkutteleva maa datakeskuksille.<\/p>\n<p>My\u00f6s n\u00e4ist\u00e4 asioista p\u00e4\u00e4tettiin<\/p>\n<p class=\"aw__sc-1qwuw0s-0 aw__sc-ngllmo-0 epAWpq fzYpjk yle__article__paragraph\"><strong class=\"aw__sc-ngllmo-2 gdRrun yle__article__strong\">Sikaruton torjunnassa tarvittavista varoista<\/strong> p\u00e4\u00e4tet\u00e4\u00e4n my\u00f6hemmiss\u00e4 lis\u00e4talousarvioissa. Hallitus korottaa villisikojen mets\u00e4styspalkkiota v\u00e4litt\u00f6m\u00e4sti 500 euroon vuoden 2026 loppuun saakka.<\/p>\n<p class=\"aw__sc-1qwuw0s-0 aw__sc-ngllmo-0 epAWpq fzYpjk yle__article__paragraph\"><strong class=\"aw__sc-ngllmo-2 gdRrun yle__article__strong\">Matkailijaveron mahdollistava puitelaki<\/strong> tulee voimaan kev\u00e4\u00e4ll\u00e4 2027. T\u00e4m\u00e4 mahdollistaa matkailijaveron k\u00e4ytt\u00f6\u00f6noton esimerkiksi Lapin lomakeskuksissa.<\/p>\n<p class=\"aw__sc-1qwuw0s-0 aw__sc-ngllmo-0 epAWpq fzYpjk yle__article__paragraph\"><strong class=\"aw__sc-ngllmo-2 gdRrun yle__article__strong\">J\u00e4teveropohjaa ei laajenneta<\/strong> uusilla j\u00e4tteill\u00e4. Kyseess\u00e4 olisi voinut olla joitakin sellaisia hy\u00f6tyk\u00e4ytett\u00e4vi\u00e4 j\u00e4tteit\u00e4, joita nyt p\u00e4\u00e4tyy kaatopaikalle.<\/p>\n","protected":false},"excerpt":{"rendered":"Budjetti vuodelle 2027 sis\u00e4lt\u00e4\u00e4 vain v\u00e4h\u00e4n sellaista, josta ei olisi sovittu jo aiemmin. Budjetti on 12,4 miljardia euroa&hellip;\n","protected":false},"author":2,"featured_media":339059,"comment_status":"","ping_status":"","sticky":false,"template":"","format":"standard","meta":{"footnotes":"","_share_on_mastodon":"0"},"categories":[12],"tags":[22,23,4115,3020,26,27,33,31,30,17,24,25,28,29,15,1871,18,21,637,32,19,20,16],"class_list":["post-339058","post","type-post","status-publish","format-standard","has-post-thumbnail","category-suomi","tag-breaking-news","tag-breakingnews","tag-budjetit","tag-budjettiriihi","tag-featured-news","tag-featurednews","tag-fi","tag-finland","tag-finnish","tag-headlines","tag-latest-news","tag-latestnews","tag-main-news","tag-mainnews","tag-news","tag-orpon-hallitus","tag-otsikot","tag-paauutiset","tag-politiikka","tag-suomi","tag-top-stories","tag-topstories","tag-uutiset"],"share_on_mastodon":{"url":"https:\/\/pubeurope.com\/@fi\/117197668040559663","error":""},"_links":{"self":[{"href":"https:\/\/www.europesays.com\/fi\/wp-json\/wp\/v2\/posts\/339058","targetHints":{"allow":["GET"]}}],"collection":[{"href":"https:\/\/www.europesays.com\/fi\/wp-json\/wp\/v2\/posts"}],"about":[{"href":"https:\/\/www.europesays.com\/fi\/wp-json\/wp\/v2\/types\/post"}],"author":[{"embeddable":true,"href":"https:\/\/www.europesays.com\/fi\/wp-json\/wp\/v2\/users\/2"}],"replies":[{"embeddable":true,"href":"https:\/\/www.europesays.com\/fi\/wp-json\/wp\/v2\/comments?post=339058"}],"version-history":[{"count":0,"href":"https:\/\/www.europesays.com\/fi\/wp-json\/wp\/v2\/posts\/339058\/revisions"}],"wp:featuredmedia":[{"embeddable":true,"href":"https:\/\/www.europesays.com\/fi\/wp-json\/wp\/v2\/media\/339059"}],"wp:attachment":[{"href":"https:\/\/www.europesays.com\/fi\/wp-json\/wp\/v2\/media?parent=339058"}],"wp:term":[{"taxonomy":"category","embeddable":true,"href":"https:\/\/www.europesays.com\/fi\/wp-json\/wp\/v2\/categories?post=339058"},{"taxonomy":"post_tag","embeddable":true,"href":"https:\/\/www.europesays.com\/fi\/wp-json\/wp\/v2\/tags?post=339058"}],"curies":[{"name":"wp","href":"https:\/\/api.w.org\/{rel}","templated":true}]}}