{"id":339066,"date":"2026-09-01T20:48:15","date_gmt":"2026-09-01T20:48:15","guid":{"rendered":"https:\/\/www.europesays.com\/fi\/339066\/"},"modified":"2026-09-01T20:48:15","modified_gmt":"2026-09-01T20:48:15","slug":"tassa-on-ville-haapasalon-sisu-poika","status":"publish","type":"post","link":"https:\/\/www.europesays.com\/fi\/339066\/","title":{"rendered":"T\u00e4ss\u00e4 on Ville Haapasalon Sisu-poika"},"content":{"rendered":"<p>N\u00e4yttelij\u00e4 Ville Haapasalo julkaisi videon pojastaan.<\/p>\n<p><img decoding=\"async\" class=\"image image-show image-preview\" src=\"https:\/\/www.europesays.com\/fi\/wp-content\/uploads\/2026\/09\/c7bded06234fbef10b550af335626893c5d30c493e8f50f2d99bdc455a75b7a7.jpg\" alt=\"\"\/><img decoding=\"async\" class=\"image image-show\" src=\"https:\/\/www.europesays.com\/fi\/wp-content\/uploads\/2026\/09\/1788295695_560_c7bded06234fbef10b550af335626893c5d30c493e8f50f2d99bdc455a75b7a7.jpg\" alt=\"\"\/><\/p>\n<p>Ville Haapasalo on n\u00e4yttelij\u00e4 ja yritt\u00e4j\u00e4.  Pete Anikari<\/p>\n<p class=\"paragraph\">Ville Haapasalo julkaisi eilen maanantaina <a href=\"https:\/\/www.instagram.com\/p\/DctoaMZIZIQ\/\" target=\"_blank\" rel=\"noopener nofollow\">Instagram-videon<\/a>, jossa mukana on h\u00e4nen poikansa Sisu.<\/p>\n<p class=\"paragraph\">Videolla Ville kertoo, ett\u00e4 he ovat noin kuukauden ajan pakastaneet ja kontittaneet marjoja Puumalassa.<\/p>\n<p class=\"paragraph\">\u2013 Poikani Sisu on p\u00e4\u00e4ssyt viett\u00e4m\u00e4\u00e4n laatuaikaa is\u00e4ns\u00e4 kanssa, Ville sanoo.<\/p>\n<p class=\"paragraph\">\u2013 Et tainnut tiet\u00e4\u00e4, mihin suostuit, kun l\u00e4hdit t\u00e4h\u00e4n rupeamaan mukaan. Kuukauden p\u00e4iv\u00e4t olemme ly\u00f6neet seitsem\u00e4n\u00e4 p\u00e4iv\u00e4n\u00e4 viikossa minimiss\u00e4\u00e4n sen 12 tuntia p\u00e4iv\u00e4ss\u00e4. Yritt\u00e4j\u00e4n el\u00e4m\u00e4 on hienoa, voi tehd\u00e4 niin pitk\u00e4\u00e4 p\u00e4iv\u00e4\u00e4 kuin jaksaa, Ville kuvailee.<\/p>\n<p class=\"paragraph\">Ville kertoo heid\u00e4n asuvan yhdess\u00e4 m\u00f6kill\u00e4.<\/p>\n<p class=\"paragraph\">\u2013 Olemme Sisun kanssa yhdess\u00e4 24 tuntia vuorokaudessa. En ole Sisua n\u00e4hnyt aikuisi\u00e4ll\u00e4 varmaan yht\u00e4 paljon kuin nyt kuukauden aikana. Vai mit\u00e4, eik\u00f6 ole hauskaa, Haapasalo kysyy.<\/p>\n<p class=\"paragraph\">\u2013 Joo&#8230; Sisu vastaa.<\/p>\n<p class=\"paragraph\">Haapasalo puhuu videolla suomea, mutta video on tekstitetty ven\u00e4j\u00e4ksi, mik\u00e4 on saanut kiitosta seuraajilta.<\/p>\n<p class=\"paragraph\">Haapasalo teki pitk\u00e4n uran n\u00e4yttelij\u00e4n\u00e4 Ven\u00e4j\u00e4ll\u00e4.<\/p>\n<p class=\"paragraph\">Haapasalo asuu nyky\u00e4\u00e4n Georgiassa, mutta kes\u00e4n h\u00e4n viett\u00e4\u00e4 Suomessa.<\/p>\n<p class=\"paragraph\">Haapasalo kertoi, ett\u00e4 h\u00e4nen on tarkoitus l\u00e4hte\u00e4 Georgiaan syksyll\u00e4.<\/p>\n<p class=\"paragraph\">Huhtikuun <a href=\"https:\/\/www.iltalehti.fi\/viihdeuutiset\/7d3daf6d-eb79-496c-8c86-8691d39bfd35\" rel=\"nofollow noopener\" target=\"_blank\">lopulla <\/a>uutisoitiin, ett\u00e4 vastaeronnut Haapasalo on mennyt naimisiin elokuvaohjaaja <strong>Tina Barkalajan<\/strong> kanssa.<\/p>\n<p><script async src=\"\/\/www.instagram.com\/embed.js\"><\/script><\/p>\n","protected":false},"excerpt":{"rendered":"N\u00e4yttelij\u00e4 Ville Haapasalo julkaisi videon pojastaan. Ville Haapasalo on n\u00e4yttelij\u00e4 ja yritt\u00e4j\u00e4. Pete Anikari Ville Haapasalo julkaisi eilen&hellip;\n","protected":false},"author":2,"featured_media":339067,"comment_status":"","ping_status":"","sticky":false,"template":"","format":"standard","meta":{"footnotes":"","_share_on_mastodon":"0"},"categories":[130],"tags":[35,153,623,137,33,31,30,1928,99,98,32,140,109],"class_list":["post-339066","post","type-post","status-publish","format-standard","has-post-thumbnail","category-viihde","tag-24h","tag-audiovisuaalinen-media","tag-elokuva","tag-entertainment","tag-fi","tag-finland","tag-finnish","tag-kirjallisuus-ja-audiovisuaalinen-media","tag-lapset","tag-perhe","tag-suomi","tag-tv-ja-elokuvat","tag-viihde"],"share_on_mastodon":{"url":"https:\/\/pubeurope.com\/@fi\/117197754597188636","error":""},"_links":{"self":[{"href":"https:\/\/www.europesays.com\/fi\/wp-json\/wp\/v2\/posts\/339066","targetHints":{"allow":["GET"]}}],"collection":[{"href":"https:\/\/www.europesays.com\/fi\/wp-json\/wp\/v2\/posts"}],"about":[{"href":"https:\/\/www.europesays.com\/fi\/wp-json\/wp\/v2\/types\/post"}],"author":[{"embeddable":true,"href":"https:\/\/www.europesays.com\/fi\/wp-json\/wp\/v2\/users\/2"}],"replies":[{"embeddable":true,"href":"https:\/\/www.europesays.com\/fi\/wp-json\/wp\/v2\/comments?post=339066"}],"version-history":[{"count":0,"href":"https:\/\/www.europesays.com\/fi\/wp-json\/wp\/v2\/posts\/339066\/revisions"}],"wp:featuredmedia":[{"embeddable":true,"href":"https:\/\/www.europesays.com\/fi\/wp-json\/wp\/v2\/media\/339067"}],"wp:attachment":[{"href":"https:\/\/www.europesays.com\/fi\/wp-json\/wp\/v2\/media?parent=339066"}],"wp:term":[{"taxonomy":"category","embeddable":true,"href":"https:\/\/www.europesays.com\/fi\/wp-json\/wp\/v2\/categories?post=339066"},{"taxonomy":"post_tag","embeddable":true,"href":"https:\/\/www.europesays.com\/fi\/wp-json\/wp\/v2\/tags?post=339066"}],"curies":[{"name":"wp","href":"https:\/\/api.w.org\/{rel}","templated":true}]}}