{"id":339072,"date":"2026-09-01T20:53:10","date_gmt":"2026-09-01T20:53:10","guid":{"rendered":"https:\/\/www.europesays.com\/fi\/339072\/"},"modified":"2026-09-01T20:53:10","modified_gmt":"2026-09-01T20:53:10","slug":"heti-jarkytys-orpon-hallituksen-riihipaatoksista-todellinen-kassanryosto","status":"publish","type":"post","link":"https:\/\/www.europesays.com\/fi\/339072\/","title":{"rendered":"Heti j\u00e4rkytys Orpon hallituksen riihip\u00e4\u00e4t\u00f6ksist\u00e4 \u2013 \u201dTodellinen kassanry\u00f6st\u00f6\u201d"},"content":{"rendered":"<p>Oppositiopuolueet h\u00e4mm\u00e4stelev\u00e4t tuoreeltaan Orpon hallituksen budjettiriihess\u00e4 tekemi\u00e4 p\u00e4\u00e4t\u00f6ksi\u00e4 ja niiden kohdentamista. <\/p>\n<p class=\"paragraph\">P\u00e4\u00e4ministeri <a href=\"https:\/\/www.iltalehti.fi\/henkilot\/Petteri Orpo\" class=\"article-link-person-page\" rel=\"nofollow noopener\" target=\"_blank\">Petteri Orpon<\/a> (kok) hallituksen budjettiriihen p\u00e4\u00e4t\u00f6kset ovat heti her\u00e4tt\u00e4neet kriittisi\u00e4 reaktioita oppositiopuolueissa.<\/p>\n<p class=\"paragraph\">Suurimman oppositiopuolueen SDP:n kansanedustaja ja valtiovarainvaliokunnan vastaava <a href=\"https:\/\/www.iltalehti.fi\/henkilot\/Joona R\u00e4s\u00e4nen\" class=\"article-link-person-page\" rel=\"nofollow noopener\" target=\"_blank\">Joona R\u00e4s\u00e4nen<\/a> nostaa tiedotteessaan esille, ett\u00e4 uusia sopeutustoimia on ensi vuoden budjettiesityksess\u00e4 alle miljardi euroa ja vastaavasti veronalennukset nousevat yli miljardin.<\/p>\n<p class=\"paragraph\">\u2013 Lopputulos on tosiaan julkista taloutta heikent\u00e4v\u00e4. Eli julkisen talouden tilanne olisi esitetty\u00e4 parempi, mik\u00e4li budjetti ei sis\u00e4lt\u00e4isi ollenkaan hallituksen uusia toimia. Nousukaudella taloutta pit\u00e4isi omilla toimilla vahvistaa, ei heikent\u00e4\u00e4, R\u00e4s\u00e4nen tylytt\u00e4\u00e4 tiedotteessaan.<\/p>\n<p class=\"paragraph\">R\u00e4s\u00e4sen mielest\u00e4 hallitus n\u00e4ytt\u00e4\u00e4 toteuttaneen viimeisess\u00e4 budjettiriihess\u00e4\u00e4n \u201dtodellisen kassanry\u00f6st\u00f6n\u201d.<\/p>\n<p><img decoding=\"async\" class=\"image image-show image-preview\" src=\"https:\/\/www.europesays.com\/fi\/wp-content\/uploads\/2026\/09\/e4d7f390a67386c9973e58306fc46dee243d7cc87f6659802613d7c8984908a4.jpg\" alt=\"\"\/><img decoding=\"async\" class=\"image image-show\" src=\"https:\/\/www.europesays.com\/fi\/wp-content\/uploads\/2026\/09\/1788295990_908_e4d7f390a67386c9973e58306fc46dee243d7cc87f6659802613d7c8984908a4.jpg\" alt=\"\"\/><\/p>\n<p>Vasemmistoliiton Minja Koskelan mielest\u00e4 Orpon budjettiriihip\u00e4\u00e4t\u00f6kset ovat irrallaan todellisuudesta.  Henri K\u00e4rkk\u00e4inen<\/p>\n<p class=\"paragraph\">\u2013 Hallitus n\u00e4ytt\u00e4\u00e4 toteuttaneen viimeisess\u00e4 budjettiriihess\u00e4\u00e4n todellisen kassanry\u00f6st\u00f6n, kun se talouskasvun varjolla omilla p\u00e4\u00e4t\u00f6sper\u00e4isill\u00e4 toimillaan heikent\u00e4\u00e4 julkista taloutta vaalivuodeksi. Suuryrityksille riitt\u00e4\u00e4 kyll\u00e4 rahaa ja lasku siirret\u00e4\u00e4n tulevina vuosina tavallisten suomalaisten maksettavaksi, R\u00e4s\u00e4nen kritisoi.<\/p>\n<p class=\"paragraph\">R\u00e4s\u00e4sen mielest\u00e4 \u201dhallitus varmaan ajatteli, ett\u00e4 yhteis\u00f6veron alentamisella toteutettavaa kassanry\u00f6st\u00f6\u00e4 ei huomattaisi, koska palkankorotuksista johtuva verotulojen kasvu parantaa verotulokertym\u00e4\u00e4 aikaisempiin ennusteisiin n\u00e4hden\u201d.<\/p>\n<p class=\"paragraph\">\u2013 T\u00e4m\u00e4 sumutus ei kuitenkaan mene l\u00e4pi.<\/p>\n<p>SDP:n Joona R\u00e4s\u00e4nen puhuu kassanry\u00f6st\u00f6st\u00e4 ja sumutuksesta.  kaisa vehkalahti<\/p>\n<p>\u201dRehvakas kehuminen\u201d<\/p>\n<p class=\"paragraph\">Oppositiopuolue keskustan varapuheenjohtaja, kansanedustaja <a href=\"https:\/\/www.iltalehti.fi\/henkilot\/Hilkka Kemppi\" class=\"article-link-person-page\" rel=\"nofollow noopener\" target=\"_blank\">Hilkka Kemppi<\/a> sanoo tiedotteessaan, ett\u00e4 p\u00e4\u00e4ministeri Orpon anti riihest\u00e4 oli rehvakas talouskasvulla kehuminen ilman katetta. Kempin mielest\u00e4 kasvua kiihdytt\u00e4v\u00e4t p\u00e4\u00e4t\u00f6kset puuttuvat riihest\u00e4 kokonaan.<\/p>\n<p class=\"paragraph\">\u2013 Talouskasvu on tietenkin hyv\u00e4 uutinen, eik\u00e4 talouden k\u00e4\u00e4nnett\u00e4 kannata v\u00e4h\u00e4tell\u00e4. Nyt ei kuitenkaan ole oikea aika j\u00e4\u00e4d\u00e4 ihailemaan saavutuksia. Viel\u00e4 kovin vaimea kasvu tulee muuttaa ty\u00f6paikoiksi, Kemppi sanoo.<\/p>\n<p>Keskustan Hilkka Kempin mielest\u00e4 hallituksella ei ole ollut riitt\u00e4vi\u00e4 esityksi\u00e4 nuorten ty\u00f6llisyyden ja tulevaisuususkon parantamiseksi.  kaisa vehkalahti<\/p>\n<p class=\"paragraph\">Kempin mielest\u00e4 hallituksen yleisen arvonlis\u00e4verokannan \u00e4kkikorotus ja kotitalousv\u00e4hennyksen heikennys painavat edelleen yritt\u00e4jien tulosta alasp\u00e4in. Pelisilm\u00e4\u00e4 pienyritt\u00e4jien hyv\u00e4ksi ja ensimm\u00e4isen ty\u00f6ntekij\u00e4n palkkaamisen edist\u00e4miseksi olisi kaivattu, h\u00e4n muotoilee.<\/p>\n<p class=\"paragraph\">\u2013 Nyt kun ty\u00f6tt\u00f6myysturvan suojaosaa ei palautettu tai kasvutoimia tehty niin mik\u00e4\u00e4n ei muutu.<\/p>\n<p>Koskela ihmeiss\u00e4\u00e4n<\/p>\n<p class=\"paragraph\">Oppositiopuolue vasemmistoliiton puheenjohtajan <a href=\"https:\/\/www.iltalehti.fi\/henkilot\/Minja Koskela\" class=\"article-link-person-page\" rel=\"nofollow noopener\" target=\"_blank\">Minja Koskelan<\/a> mielest\u00e4 hallituksen budjettiehdotus on \u201dirrallaan todellisuudesta\u201d.<\/p>\n<p class=\"paragraph\">\u2013 Budjetti ei sis\u00e4ll\u00e4 mit\u00e4\u00e4n ratkaisua k\u00e4sist\u00e4 t\u00e4ysin karanneeseen ty\u00f6tt\u00f6myyskriisiin, joka uhkaa kroonistua. Suojaosien palauttaminen olisi ollut pieni askel oikeaan suuntaan, mutta hallitus p\u00e4\u00e4tti sulkea silm\u00e4t ja korvat ty\u00f6markkinoiden todellisuudelta ja tutkimustiedolta, Koskela kritisoi.<\/p>\n<p class=\"paragraph\">Koskela pit\u00e4\u00e4 todellisuudesta vieraana yhteis\u00f6veron l\u00e4hes miljardiluokan alennusta.<\/p>\n<p class=\"paragraph\">\u2013 Orpo ja Purra toistelevat, ett\u00e4 \u201crahaa ei ole\u201d, ja ett\u00e4 kymmenen miljardia pit\u00e4\u00e4 sopeuttaa, mutta toisaalla jakavat miljardiluokan summan lahjana suuryrityksille. Ovatko ministereiden puheet ja teot koskaan aikaisemmin olleet yht\u00e4 r\u00e4ike\u00e4sti ristiriidassa, Koskela sanoo.<\/p>\n<p class=\"paragraph\">\u2013 Suuryrityksen verolahjan maksavat suomalaiset k\u00f6yh\u00e4t ja kipe\u00e4t, kun samaan aikaan on leikattu perusturvasta ja sosiaali- ja terveyspalveluista.<\/p>\n<p>Virta: \u201dInhimillinen hinta kohtuuton\u201d<\/p>\n<p class=\"paragraph\">Oppositiopuolue vihreiden puheenjohtajan <a href=\"https:\/\/www.iltalehti.fi\/henkilot\/Sofia Virta\" class=\"article-link-person-page\" rel=\"nofollow noopener\" target=\"_blank\">Sofia Virran<\/a> mielest\u00e4 \u201dSuomella ei ole en\u00e4\u00e4 varaa Orpon hallitukseen\u201d.<\/p>\n<p class=\"paragraph\">\u2013 P\u00e4\u00e4ministeri Orpon mukaan Suomella ei ole varaa suunnan muutokseen. Uskon suomalaisten olevan eri mielt\u00e4. Kun velka jatkaa kasvuaan, 26\u202f000 uutta lasta on ty\u00f6nnetty k\u00f6yhyysrajan alle ja suomalaisilta leikataan ty\u00f6paikkoja keskell\u00e4 ty\u00f6tt\u00f6myyskriisi\u00e4, niin se, mihin Suomella ei en\u00e4\u00e4 ole varaa, on Orpon hallitus, Virta tylytt\u00e4\u00e4.<\/p>\n<p>Sofia Virran mukaan nyt pit\u00e4isi arvioida rehellisesti, mitk\u00e4 s\u00e4\u00e4st\u00f6t todella vahvistavat julkista taloutta ja mill\u00e4 hinnalla.  Levi Veps\u00e4<\/p>\n<p class=\"paragraph\">\u2013 Hallituksen leikkauspolitiikan inhimillinen hinta on ollut kohtuuton. Suomessa kasvaa nyt noin 137\u202f400 lasta k\u00f6yhyydess\u00e4 ja ty\u00f6tt\u00f6myystilanne on EU:n heikoimpia. Ja silti samaan aikaan hallitus leikkaa ideologisesti my\u00f6s j\u00e4rjest\u00f6ilt\u00e4, mik\u00e4 vie ihmisilt\u00e4 apua ja ty\u00f6paikkoja, h\u00e4n jatkaa.<\/p>\n","protected":false},"excerpt":{"rendered":"Oppositiopuolueet h\u00e4mm\u00e4stelev\u00e4t tuoreeltaan Orpon hallituksen budjettiriihess\u00e4 tekemi\u00e4 p\u00e4\u00e4t\u00f6ksi\u00e4 ja niiden kohdentamista. P\u00e4\u00e4ministeri Petteri Orpon (kok) hallituksen budjettiriihen p\u00e4\u00e4t\u00f6kset&hellip;\n","protected":false},"author":2,"featured_media":339073,"comment_status":"","ping_status":"","sticky":false,"template":"","format":"standard","meta":{"footnotes":"","_share_on_mastodon":"0"},"categories":[12],"tags":[35,22,23,26,27,33,31,30,17,24,25,28,29,15,18,21,637,886,888,885,887,32,19,20,16],"class_list":["post-339072","post","type-post","status-publish","format-standard","has-post-thumbnail","category-suomi","tag-24h","tag-breaking-news","tag-breakingnews","tag-featured-news","tag-featurednews","tag-fi","tag-finland","tag-finnish","tag-headlines","tag-latest-news","tag-latestnews","tag-main-news","tag-mainnews","tag-news","tag-otsikot","tag-paauutiset","tag-politiikka","tag-puolueet","tag-suomalaiset-poliitikot","tag-suomen-poliittiset-puolueet","tag-suomen-politiikka","tag-suomi","tag-top-stories","tag-topstories","tag-uutiset"],"share_on_mastodon":{"url":"","error":""},"_links":{"self":[{"href":"https:\/\/www.europesays.com\/fi\/wp-json\/wp\/v2\/posts\/339072","targetHints":{"allow":["GET"]}}],"collection":[{"href":"https:\/\/www.europesays.com\/fi\/wp-json\/wp\/v2\/posts"}],"about":[{"href":"https:\/\/www.europesays.com\/fi\/wp-json\/wp\/v2\/types\/post"}],"author":[{"embeddable":true,"href":"https:\/\/www.europesays.com\/fi\/wp-json\/wp\/v2\/users\/2"}],"replies":[{"embeddable":true,"href":"https:\/\/www.europesays.com\/fi\/wp-json\/wp\/v2\/comments?post=339072"}],"version-history":[{"count":0,"href":"https:\/\/www.europesays.com\/fi\/wp-json\/wp\/v2\/posts\/339072\/revisions"}],"wp:featuredmedia":[{"embeddable":true,"href":"https:\/\/www.europesays.com\/fi\/wp-json\/wp\/v2\/media\/339073"}],"wp:attachment":[{"href":"https:\/\/www.europesays.com\/fi\/wp-json\/wp\/v2\/media?parent=339072"}],"wp:term":[{"taxonomy":"category","embeddable":true,"href":"https:\/\/www.europesays.com\/fi\/wp-json\/wp\/v2\/categories?post=339072"},{"taxonomy":"post_tag","embeddable":true,"href":"https:\/\/www.europesays.com\/fi\/wp-json\/wp\/v2\/tags?post=339072"}],"curies":[{"name":"wp","href":"https:\/\/api.w.org\/{rel}","templated":true}]}}