{"id":339082,"date":"2026-09-01T21:14:25","date_gmt":"2026-09-01T21:14:25","guid":{"rendered":"https:\/\/www.europesays.com\/fi\/339082\/"},"modified":"2026-09-01T21:14:25","modified_gmt":"2026-09-01T21:14:25","slug":"harry-ja-meghan-asettuivat-britanniaan-palaako-sopu-hoviin","status":"publish","type":"post","link":"https:\/\/www.europesays.com\/fi\/339082\/","title":{"rendered":"Harry ja Meghan asettuivat Britanniaan \u2013 Palaako sopu hoviin?"},"content":{"rendered":"<p class=\"is-style-dropcap\">Prinssi <strong>Harryn<\/strong> ja h\u00e4nen vaimonsa <strong>Meghanin <\/strong>erimielisyydet Ison-Britannian kuningasperheen kanssa olivat kest\u00e4neet jo vuosia, eik\u00e4 kuningas <strong>Charles <\/strong>ollut tavannut lapsenlapsiaan nelj\u00e4\u00e4n vuoteen. Hein\u00e4kuussa viileisiin v\u00e4leihin hierottiin l\u00e4\u00e4kett\u00e4, kun Sussexin herttuapari saapui Britanniaan yhdess\u00e4, mukanaan prinssi <strong>Archie<\/strong>, 7, ja prinsessa <strong>Lilibet<\/strong>, 5.<\/p>\n<p>Vierailu her\u00e4tti toivon sovusta kuninkaallisen perheen kesken. Prinssi Harry oli n\u00e4hnyt is\u00e4\u00e4ns\u00e4 joitakin kertoja sen j\u00e4lkeen, kun herttuapari muutti Meghanin kotiseudulle Kaliforniaan vuonna 2020. Koko perheen vierailu oli rauhaneleen\u00e4 kuitenkin aivan eri kaliiberia kuin is\u00e4n ja pojan keskin\u00e4inen teehetki.<\/p>\n<p>Kuninkaallisasiantuntija ja -kirjailija <strong>Kaisa Haatanen<\/strong> ilahtui Sussexien vierailusta. H\u00e4n uskoo, ett\u00e4 Meghanin tuominen Britanniaan oli t\u00e4rke\u00e4\u00e4 etenkin Harrylle. <\/p>\n<p>\u201dHarry on pyrkinyt vilpitt\u00f6m\u00e4sti n\u00e4ytt\u00e4m\u00e4\u00e4n, ett\u00e4 my\u00f6s h\u00e4nen perheens\u00e4 kuuluu Windsoreiden kuningasperheeseen.\u201d<\/p>\n<p>Vaikka Britannian-vierailu kieli kuninkaallisten l\u00e4henevist\u00e4 v\u00e4leist\u00e4, kukaan ei osannut odottaa, mit\u00e4 seuraavaksi tapahtuisi. Kuukausi tapaamisen j\u00e4lkeen Sussexit ilmoittivat muuttavansa takaisin Britan\u00adniaan, ja muutto tapahtui jo elokuun lopussa.<\/p>\n<p>\u201dKuninkaallisen sovun suhteen n\u00e4ytt\u00e4\u00e4 silt\u00e4, ett\u00e4 \u00adpalaset alkavat loksahdella paikoilleen.\u201d <\/p>\n<p><a href=\"https:\/\/seura.fi\/viihde\/kuninkaalliset\/prinssi-harry-on-brittihovin-kapinallinen\/\" target=\"_blank\" rel=\"noreferrer noopener nofollow\">Lue my\u00f6s: Anna-lehti: Prinssi Harry on ollut vuosia hovin musta lammas ja l\u00f6\u00f6ppien myyntivaltti \u2212 Mik\u00e4 sai prinssin alkujaan kapinaan ja pois raiteiltaan?<\/a><\/p>\n<p>    <a href=\"https:\/\/seura.fi\/wp-content\/uploads\/2026\/08\/mvphotos-0903617116-1.jpg\" rel=\"nofollow noopener\" target=\"_blank\"><img loading=\"lazy\" decoding=\"async\" alt=\"Meghanin ja Harryn on kerrottu asettuvan asumaan Lontoon l\u00e4helle maaseudulle.\" class=\"wp-image-2166702 awpo-lqip awpo-lazy\" width=\"2000\" height=\"1333\" style=\"--aspect-ratio: 1.5\" src=\"https:\/\/www.europesays.com\/fi\/wp-content\/uploads\/2026\/09\/mvphotos-0903617116-1.jpg\"\/><\/a><br \/>\n      Meghanin ja Harryn on kerrottu asettuvan asumaan Lontoon l\u00e4helle maaseudulle.      <\/p>\n<p>          \u00a9 Taidgh Barron \/ Zuma Press        <\/p>\n<p>Riita suojelurahoista<\/p>\n<p>Sussexien ja kuningashuoneen v\u00e4lej\u00e4 on hangannut kysymys niin sanotuista suojelurahoista. Kun Harry ja Meghan luopuivat kuninkaallisista velvollisuuksistaan, he menettiv\u00e4t oikeuden veronmaksajien kustantamaan suojeluun. <\/p>\n<p>Harry on k\u00e4ynyt pitk\u00e4\u00e4 oikeustaistelua saadakseen poliisisuojelua Britannian-vierailuilleen, mutta suojelu ev\u00e4ttiin t\u00e4n\u00e4kin kes\u00e4n\u00e4. <\/p>\n<p>Harry ehti jo ilmoittaa, ett\u00e4 siin\u00e4 tapauksessa h\u00e4nen on parempi matkustaa Britanniaan ilman perhett\u00e4\u00e4n. <\/p>\n<p>Lopulta Sussexit lensiv\u00e4t kuitenkin lastensa kanssa Britanniaan ja muuttivat takaisin ilman suojelua.<\/p>\n<p>Mist\u00e4 ihmeest\u00e4 on oikein kyse?<\/p>\n<p>\u201dVaikuttaa silt\u00e4, ett\u00e4 Harrylle oli suojelurahoissa kyse periaatteesta. H\u00e4n vaikuttaa ihmiselt\u00e4, jolle periaatteet ovat t\u00e4rkeit\u00e4.\u201d<\/p>\n<p>On k\u00e4ynyt selv\u00e4ksi, ett\u00e4 Sussexien on selvitt\u00e4v\u00e4 ilman veronmaksajien rahoja. Harry n\u00e4ytt\u00e4\u00e4 hyv\u00e4ksyneen, ett\u00e4 h\u00e4nen on j\u00e4rjestett\u00e4v\u00e4 suojelunsa itse. My\u00f6s Harryn toinen oikeuskiista, jota h\u00e4n k\u00e4vi useiden muiden julkisuudenhenkil\u00f6iden kanssa<a href=\"https:\/\/www.dailymail.com\/news\/article-16067837\/Prince-Harry-fellow-claimants-pay-millions-Daily-Mail-judge-rules-doomed-hacking-case.html\" target=\"_blank\" rel=\"noreferrer noopener nofollow\"> Daily Mail<\/a> -lehte\u00e4 vastaan, ratkesi Harryn tappioksi.<\/p>\n<p>\u201dHarryll\u00e4 ei ole en\u00e4\u00e4 mit\u00e4\u00e4n, mist\u00e4 tapella.\u201d<\/p>\n<p>Muuton my\u00f6t\u00e4 kuninkaallisen perheen sopu on l\u00e4hemp\u00e4n\u00e4 kuin kertaakaan kuuteen vuoteen. Haatanen uskoo, ett\u00e4 siit\u00e4 iloitsee eritoten yksi kruunup\u00e4ist\u00e4. <\/p>\n<p>    <a href=\"https:\/\/seura.fi\/wp-content\/uploads\/2026\/08\/mvphotos-0961787580-1_0001-1.jpg\" rel=\"nofollow noopener\" target=\"_blank\"><img loading=\"lazy\" decoding=\"async\" alt=\"Hovin j\u00e4tt\u00e4neen herttuaparin rooliin ei ole n\u00e4ill\u00e4 n\u00e4kymin tulossa muutoksia eli he eiv\u00e4t palaa kuninkaallisiin edustusteht\u00e4viin.\" class=\"wp-image-2166699 awpo-lqip awpo-lazy\" width=\"1616\" height=\"2000\" style=\"--aspect-ratio: 0.81\" src=\"https:\/\/www.europesays.com\/fi\/wp-content\/uploads\/2026\/09\/mvphotos-0961787580-1_0001-1.jpg\"\/><\/a><br \/>\n      Hovin j\u00e4tt\u00e4neen herttuaparin rooliin ei ole n\u00e4ill\u00e4 n\u00e4kymin tulossa muutoksia eli he eiv\u00e4t palaa kuninkaallisiin edustusteht\u00e4viin.      <\/p>\n<p>          \u00a9 INSTARimages        <\/p>\n<p>Kuningas toivoo sopua<\/p>\n<p>Kuningas Charles k\u00e4til\u00f6i Sussexien tapaamisen savuverhon takana kotonaan Highgrove Housessa. Daily Mailin mukaan pihamaalla oli 10. hein\u00e4kuuta k\u00e4ynniss\u00e4 muotitapahtuma, jonka varjolla Sussexit salakuljetettiin ovelle kenenk\u00e4\u00e4n huomaamatta. <\/p>\n<p>On arveltu, ett\u00e4 tapaamisen yksityinen luonne oli Charlesin toive. Sen enemp\u00e4\u00e4 kuningas kuin Sussexitkaan eiv\u00e4t antaneet tapaamisen k\u00e4\u00e4nteist\u00e4 tietoa. <\/p>\n<p>\u201dMuuttoaikeista voi p\u00e4\u00e4tell\u00e4, ett\u00e4 tapaaminen meni hyvin\u201d, Kaisa Haatanen kommentoi.<\/p>\n<p>Huhutaan, ett\u00e4 Sussexit viihtyiv\u00e4t hyvin my\u00f6s prinsessa <strong>Dianan<\/strong> puoleisen suvun kanssa. Etenkin Archien ja Lilibetin kerrotaan iloinneen sukulaisten seurasta. Lasten onnen todistaminen on saattanut pehment\u00e4\u00e4 etenkin Meghania.<\/p>\n<p>Sovun hierominen on Haatasen mukaan erityisen t\u00e4rke\u00e4\u00e4 kuningas Charlesille, jonka hallitsijakautta ovat koetelleet paljastukset h\u00e4nen <a href=\"https:\/\/seura.fi\/viihde\/kuninkaalliset\/andrew-menetti-lopultakin-tittelinsa\/\" rel=\"nofollow noopener\" target=\"_blank\">veljens\u00e4 <strong>Andrew\u2019n<\/strong> <\/a>l\u00e4heisest\u00e4 suhteesta seksuaalirikolliseen<a href=\"https:\/\/seura.fi\/asiat\/ajankohtaista\/jeffrey-epstein\/\" rel=\"nofollow noopener\" target=\"_blank\"> <strong>Jeffrey \u00adEpsteiniin<\/strong><\/a>. Nyt poliisi tutkii tittelins\u00e4 menett\u00e4nytt\u00e4 velje\u00e4 my\u00f6s virka-aseman v\u00e4\u00e4rink\u00e4yt\u00f6st\u00e4.<\/p>\n<p>\u201dKuningas on haastavassa tilanteessa, kun perheess\u00e4 on kaksi ep\u00e4toivottua henkil\u00f6\u00e4, joiden mokat ovat vakavuudessaan aivan eri tasolla.\u201d<\/p>\n<p>Harry riitelee perheens\u00e4 kanssa, koska haluaa puolustaa vaimoaan. Se on mit\u00e4t\u00f6n erhe sen rinnalla, ett\u00e4 Andrew\u2019lta tuntuu puuttuvan t\u00e4ysin k\u00e4sitys oikeasta ja v\u00e4\u00e4r\u00e4st\u00e4. <\/p>\n<p>Haatanen uskoo, ett\u00e4 sopuhaluja on jouduttanut my\u00f6s<a href=\"https:\/\/seura.fi\/asiat\/ajankohtaista\/kuningas-charles-sai-syopadiagnoosin\/\" rel=\"nofollow noopener\" target=\"_blank\"> Charlesin sy\u00f6p\u00e4diagnoos<\/a>i. Vaikka kuninkaan tila on vakaa ja h\u00e4n on kyennyt palaamaan pian edustusteht\u00e4viins\u00e4, terveyshuolet ovat laittaneet asioita mittasuhteisiin molemmin puolin.<\/p>\n<p>\u201dCharles, Harry ja aivan varmasti my\u00f6s prinssi <strong>William<\/strong> ovat ymm\u00e4rt\u00e4neet el\u00e4m\u00e4n rajallisuuden.\u201d<\/p>\n<p>Motiivit ja halu sopimiseen on, mutta Sussexien paluu voi aiheuttaa silti viel\u00e4 t\u00f6yssyj\u00e4. Mokailusta nimitt\u00e4in saatiin n\u00e4yte kaksi viikkoa \u00adherttuaparin Britannian-matkan j\u00e4lkeen. <\/p>\n<p>    <a href=\"https:\/\/seura.fi\/wp-content\/uploads\/2026\/08\/mvphotos-1125159098-1.jpg\" rel=\"nofollow noopener\" target=\"_blank\"><img loading=\"lazy\" decoding=\"async\" alt=\"Brittilehtien mukaan kuningas Charles sai tiet\u00e4\u00e4 nuorimman poikansa perheen muutosta vain muutama p\u00e4iv\u00e4 ennen muuta maailmaa mutta ilahtui uutisesta.\" class=\"wp-image-2166701 awpo-lqip awpo-lazy\" width=\"1873\" height=\"2000\" style=\"--aspect-ratio: 0.94\" src=\"https:\/\/www.europesays.com\/fi\/wp-content\/uploads\/2026\/09\/mvphotos-1125159098-1.jpg\"\/><\/a><br \/>\n      Brittilehtien mukaan kuningas Charles sai tiet\u00e4\u00e4 nuorimman poikansa perheen muutosta vain muutama p\u00e4iv\u00e4 ennen muuta maailmaa mutta ilahtui uutisesta.      <\/p>\n<p>          \u00a9 GoffPhotos.com \/ Goff Photos        <\/p>\n<p>Meghanin oppil\u00e4ksy<\/p>\n<p>Hein\u00e4kuun loppupuolella Meghan jakoi Insta\u00adgramissa valokuvan, joka aiheutti haloon.<\/p>\n<p>Etualalla k\u00e4velee pikku Lilibet puistossa tuulen py\u00f6ritt\u00e4ess\u00e4 h\u00e4nen punaista tukkaansa, ja kauempana kulkevat Harry ja Archie. Kaikki kolme kantavat j\u00e4re\u00e4n kokoisia kukkakimppuja.<\/p>\n<p>Meghan ei kertonut, miss\u00e4 kuva on otettu, mutta kuninkaallisiin vihkiytyneet osaavat p\u00e4\u00e4tell\u00e4. \u00ad<a href=\"https:\/\/althorp.com\/\" target=\"_blank\" rel=\"noreferrer noopener nofollow\">Althorp <\/a>on \u00adSpencerien sukutila ja Dianan \u00adhautapaikka sijaitsee kartanon puistossa omassa saaressaan.<\/p>\n<p>\u201dKuvan julkaiseminen oli heikkoa julkisuuden hallintaa. Se osoitti, ett\u00e4 t\u00f6pp\u00e4yksi\u00e4 tulee varmasti\u201d, Kaisa \u00adHaatanen arvioi.<\/p>\n<p>Temppu kirvoitti jopa inhoa tihkuvaa kritiikki\u00e4 sosiaalisen median kommentaattoreilta. Pahempi seuraus oli kuitenkin se, ett\u00e4 julkaisu ilmeisesti loukkasi Charlesia ja Williamia. Dianan muisto on paitsi kansallisomaisuutta my\u00f6s arka ja hyvin suojeltu aihe kuninkaallisen perheen sis\u00e4ll\u00e4.<\/p>\n<p>Vaikka valokuva oli moka, Haatanen ei usko, ett\u00e4 sopu kaatuu yhteen kuvaan. Suurin kysymysmerkki Sussexien paluussa on Harryn suhde Walesin prinssi Williamiin, ja veljesten v\u00e4lit ovat yh\u00e4 vereslihalla. <\/p>\n<p><a href=\"https:\/\/seura.fi\/viihde\/kuninkaalliset\/diana-tayttaisi-65-vuotta-nain-sydanten-prinsessa-ravisteli-hovia\/\" rel=\"nofollow noopener\" target=\"_blank\">Lue my\u00f6s: Diana olisi jo 65-vuotias \u2013 Muistatko kohut ja k\u00e4\u00e4nteet? N\u00e4in monin tavoin syd\u00e4nten prinsessa ravisteli hovia<\/a><\/p>\n<p>    <a href=\"https:\/\/seura.fi\/wp-content\/uploads\/2026\/08\/mvphotos-1078183242-1.jpg\" rel=\"nofollow noopener\" target=\"_blank\"><img loading=\"lazy\" decoding=\"async\" alt=\"Britanniasta l\u00e4hdetty\u00e4\u00e4n pari on tehnyt hyv\u00e4ntekev\u00e4isyysty\u00f6t\u00e4. Kuvassa Meghan tapaa Gazan tulipalouhrin Jordaniassa.\" class=\"wp-image-2166700 awpo-lqip awpo-lazy\" width=\"2000\" height=\"1333\" style=\"--aspect-ratio: 1.5\" src=\"https:\/\/www.europesays.com\/fi\/wp-content\/uploads\/2026\/09\/mvphotos-1078183242-1.jpg\"\/><\/a><br \/>\n      Britanniasta l\u00e4hdetty\u00e4\u00e4n pari on tehnyt hyv\u00e4ntekev\u00e4isyysty\u00f6t\u00e4. Kuvassa Meghan tapaa Gazan tulipalouhrin Jordaniassa.      <\/p>\n<p>          \u00a9 Aaron Chown \/ PA Images        <\/p>\n<p>Verinen veljesriita<\/p>\n<p>Kuninkaalliset ovat vuosisatoja valikoineet tarkasti, mit\u00e4 he n\u00e4ytt\u00e4v\u00e4t el\u00e4m\u00e4st\u00e4\u00e4n tavallisille kuolevaisille. Siksi Harryn paljastuskirja<a href=\"https:\/\/seura.fi\/viihde\/kirjat\/kirja-arvio-prinssi-harryn-paljastuskirja-varamies\/\" rel=\"nofollow noopener\" target=\"_blank\"> Varamies (The Spare, 2023<\/a>) aiheutti suurta katkeruutta kuninkaallisen perheen \u00adsis\u00e4ll\u00e4.<\/p>\n<p>\u201dHarryn kirja koettiin varmasti ep\u00e4reiluksi. Koska kyse on monarkiasta, kukaan brittihovin j\u00e4senist\u00e4 ei voinut vastata syyt\u00f6ksiin.\u201d<\/p>\n<p>Etenkin v\u00e4itteet prinssi Williamista yll\u00e4ttiv\u00e4t. Tiedettiin, ett\u00e4 Charles voi olla \u00e4kkipikainen, mutta veljesten v\u00e4linen k\u00e4sirysy h\u00e4mmensi. Harryn mukaan William \u00adheitti h\u00e4nt\u00e4 koiranruokakupilla.<\/p>\n<p>\u201dWilliam on antanut itsest\u00e4\u00e4n \u00e4lykk\u00e4\u00e4n ja l\u00e4mpim\u00e4n vaikutelman, mutta ilmeisesti h\u00e4n voi olla my\u00f6s \u00e4kkipikainen ja pitk\u00e4vihainen.\u201d<\/p>\n<p>Sussexit eiv\u00e4t tiett\u00e4v\u00e4sti tavanneet Britannian-vierailullaan Williamia ja <strong>Catherinea<\/strong>. Riitelyn avoin jatkaminen saisi heid\u00e4t n\u00e4ytt\u00e4m\u00e4\u00e4n lapsellisilta. Siksi William ja Catherine tuskin reagoivat kovin pieniin t\u00f6pp\u00e4yksiin. <\/p>\n<p>Haatanen arvelee, ett\u00e4 veljekset sopivat v\u00e4lins\u00e4 viel\u00e4 jonain p\u00e4iv\u00e4n\u00e4. Se voi vied\u00e4 aikaa, mutta sopua ei tarvitse kiirehti\u00e4.<\/p>\n<p>\u201dUskon, ett\u00e4 William toivoo, ett\u00e4 heid\u00e4n suhteensa paranee, mutta h\u00e4n ei taida olla viel\u00e4 valmis sopuun.\u201d <\/p>\n<p><a href=\"https:\/\/seura.fi\/kuninkaallista-elamaa\/tallainen-on-ollut-harryn-ja-meghanin-suhde\/?shared=726-0dfb1b68-999\" target=\"_blank\" rel=\"noreferrer noopener nofollow\">Lue my\u00f6s: T\u00e4llainen on ollut Harryn ja Meghanin suhde \u2013 salamarakastuminen, kuninkaallinen avioliitto ja uusi el\u00e4m\u00e4 Kaliforniassa<\/a><\/p>\n<p>    <a href=\"https:\/\/seura.fi\/wp-content\/uploads\/2026\/08\/mvphotos-1120142959-1.jpg\" rel=\"nofollow noopener\" target=\"_blank\"><img loading=\"lazy\" decoding=\"async\" alt=\"N\u00e4ht\u00e4v\u00e4ksi j\u00e4\u00e4, sulattaako muutto takaisin kotimaahan j\u00e4\u00e4n Harryn ja isoveli Williamin v\u00e4lill\u00e4. Kuvassa prinssi prinsessa Charlotten kanssa.\" class=\"wp-image-2166704 awpo-lqip awpo-lazy\" width=\"1296\" height=\"2000\" style=\"--aspect-ratio: 0.65\" src=\"https:\/\/www.europesays.com\/fi\/wp-content\/uploads\/2026\/09\/mvphotos-1120142959-1.jpg\"\/><\/a><br \/>\n      N\u00e4ht\u00e4v\u00e4ksi j\u00e4\u00e4, sulattaako muutto takaisin kotimaahan j\u00e4\u00e4n Harryn ja isoveli Williamin v\u00e4lill\u00e4. Kuvassa prinssi prinsessa Charlotten kanssa.      <\/p>\n<p>          \u00a9 Jane Barlow, PA Images \/ Alamy        <\/p>\n<p>Jouluna samaan p\u00f6yt\u00e4\u00e4n?<\/p>\n<p>Prinssi Archie ja prinsessa Lilibet aloittavat koulun Britanniassa syyskuun toisella viikolla. Sussexit \u00adk\u00e4ynnist\u00e4v\u00e4t uuden el\u00e4m\u00e4nvaiheen Britanniassa niin tavallisina kansalaisina kuin kuninkaalliset voivat \u2013 siis ilman kuninkaallisia velvollisuuksia.<\/p>\n<p>Parin rooli kuninkaallisessa perheess\u00e4 on ep\u00e4virallinen, joten edes prinssi Williamin ei pit\u00e4isi kokea heit\u00e4 uhkana.<\/p>\n<p>Paluu Harryn kotimaahan kielii riitojen sopimisen puolesta, mutta ty\u00f6t\u00e4 on yh\u00e4 teht\u00e4v\u00e4n\u00e4. Kuninkaallisen perheen v\u00e4lit vasta l\u00e4henev\u00e4t, ja ne voivat menn\u00e4 herk\u00e4sti uudestaan solmuun.<\/p>\n<p>\u201dAika monet t\u00e4m\u00e4n perheriidan k\u00e4\u00e4nteet ovat olleet sellaisia, jotka olisi v\u00e4ltetty pienell\u00e4 harkinnalla. Toivon kaikilta osapuolilta nyt malttia.\u201d<\/p>\n<p>Haatanen luottaa sovun hieromisessa ennen kaikkea Charlesiin. H\u00e4n uskoo, ett\u00e4 kuninkaalla on aito halu tavata lapsenlapsiaan ja solmia rauha poikansa kanssa. <\/p>\n<p>Hyv\u00e4 hetki arvioida kuninkaallisia suhteita koittaa jouluna. Perheen v\u00e4leist\u00e4 kertoo paljon, osallistuvatko Harry ja Meghan joulukirkkoon kuninkaan ja kuningattaren sek\u00e4 Walesin prinssiparin rinnalla. Joulukirkkoa seuraa yksityisempi perheillallinen.<\/p>\n<p>\u201dOn j\u00e4nnitt\u00e4v\u00e4\u00e4 n\u00e4hd\u00e4, mahtuvatko William ja Harry jouluna samaan valokuvaan.\u201d<\/p>\n<p>    <a href=\"https:\/\/seura.fi\/wp-content\/uploads\/2026\/08\/mvphotos-1125860227-1.jpg\" rel=\"nofollow noopener\" target=\"_blank\"><img loading=\"lazy\" decoding=\"async\" alt=\"Muuton syit\u00e4 on spekuloitu britti\u00admediassa. Joidenkin arveluiden mukaan Meghan saattaa palata n\u00e4yttelij\u00e4ksi, ja my\u00f6s Harryn halu olla l\u00e4hell\u00e4 sy\u00f6p\u00e4\u00e4n sairastunutta Charlesia on noussut esiin.\" class=\"wp-image-2166703 awpo-lqip awpo-lazy\" width=\"2000\" height=\"1333\" style=\"--aspect-ratio: 1.5\" src=\"https:\/\/www.europesays.com\/fi\/wp-content\/uploads\/2026\/09\/mvphotos-1125860227-1.jpg\"\/><\/a><br \/>\n      Muuton syit\u00e4 on spekuloitu britti\u00admediassa. Joidenkin arveluiden mukaan Meghan saattaa palata n\u00e4yttelij\u00e4ksi, ja my\u00f6s Harryn halu olla l\u00e4hell\u00e4 sy\u00f6p\u00e4\u00e4n sairastunutta Charlesia on noussut esiin.      <\/p>\n<p>          \u00a9 William WEST \/ AFP        <\/p>\n","protected":false},"excerpt":{"rendered":"Prinssi Harryn ja h\u00e4nen vaimonsa Meghanin erimielisyydet Ison-Britannian kuningasperheen kanssa olivat kest\u00e4neet jo vuosia, eik\u00e4 kuningas Charles ollut&hellip;\n","protected":false},"author":2,"featured_media":339083,"comment_status":"","ping_status":"","sticky":false,"template":"","format":"standard","meta":{"footnotes":"","_share_on_mastodon":"0"},"categories":[130],"tags":[1721,16958,137,33,31,30,41869,4897,652,1416,32,109],"class_list":["post-339082","post","type-post","status-publish","format-standard","has-post-thumbnail","category-viihde","tag-brittihovi","tag-englannin-kuninkaalliset","tag-entertainment","tag-fi","tag-finland","tag-finnish","tag-harry-ja-meghan","tag-iso-britannia","tag-kuninkaalliset","tag-prinssi-harry","tag-suomi","tag-viihde"],"share_on_mastodon":{"url":"https:\/\/pubeurope.com\/@fi\/117197856858768205","error":""},"_links":{"self":[{"href":"https:\/\/www.europesays.com\/fi\/wp-json\/wp\/v2\/posts\/339082","targetHints":{"allow":["GET"]}}],"collection":[{"href":"https:\/\/www.europesays.com\/fi\/wp-json\/wp\/v2\/posts"}],"about":[{"href":"https:\/\/www.europesays.com\/fi\/wp-json\/wp\/v2\/types\/post"}],"author":[{"embeddable":true,"href":"https:\/\/www.europesays.com\/fi\/wp-json\/wp\/v2\/users\/2"}],"replies":[{"embeddable":true,"href":"https:\/\/www.europesays.com\/fi\/wp-json\/wp\/v2\/comments?post=339082"}],"version-history":[{"count":0,"href":"https:\/\/www.europesays.com\/fi\/wp-json\/wp\/v2\/posts\/339082\/revisions"}],"wp:featuredmedia":[{"embeddable":true,"href":"https:\/\/www.europesays.com\/fi\/wp-json\/wp\/v2\/media\/339083"}],"wp:attachment":[{"href":"https:\/\/www.europesays.com\/fi\/wp-json\/wp\/v2\/media?parent=339082"}],"wp:term":[{"taxonomy":"category","embeddable":true,"href":"https:\/\/www.europesays.com\/fi\/wp-json\/wp\/v2\/categories?post=339082"},{"taxonomy":"post_tag","embeddable":true,"href":"https:\/\/www.europesays.com\/fi\/wp-json\/wp\/v2\/tags?post=339082"}],"curies":[{"name":"wp","href":"https:\/\/api.w.org\/{rel}","templated":true}]}}