{"id":339088,"date":"2026-09-01T21:19:13","date_gmt":"2026-09-01T21:19:13","guid":{"rendered":"https:\/\/www.europesays.com\/fi\/339088\/"},"modified":"2026-09-01T21:19:13","modified_gmt":"2026-09-01T21:19:13","slug":"meniko-olli-rehnin-kommentti-purralla-ja-orpolla-tunteisiin-selvaan-kysymykseen-taloudesta-ei-saatu-vastausta","status":"publish","type":"post","link":"https:\/\/www.europesays.com\/fi\/339088\/","title":{"rendered":"Menik\u00f6 Olli Rehnin kommentti Purralla ja Orpolla tunteisiin? Selv\u00e4\u00e4n kysymykseen taloudesta ei saatu vastausta"},"content":{"rendered":"<p class=\"article-body mb-(--paragraph-margin-b) px-nof-16\">Perinteiseen tapaan Suomen Pankin p\u00e4\u00e4johtaja <a class=\"font-bold underline-offset-[0.12em] [text-decoration:var(--person-link-text-decoration)] [text-decoration-color:var(--person-link-text-decoration-color)]!\" href=\"https:\/\/www.hs.fi\/haku\/?query=Olli%20Rehn\" rel=\"nofollow noopener\" target=\"_blank\">Olli Rehn <\/a>k\u00e4vi tiistaina budjettiriihen aluksi kertomassa pankin n\u00e4kemyksi\u00e4 taloustilanteesta.<\/p>\n<p class=\"article-body mb-(--paragraph-margin-b) px-nof-16\">Tilaisuudesta poistuessaan Rehn ei halunnut median edess\u00e4 ottaa kantaa siihen, pit\u00e4isik\u00f6 hallituksen tehd\u00e4 uusia s\u00e4\u00e4st\u00f6p\u00e4\u00e4t\u00f6ksi\u00e4 budjettiriihess\u00e4. H\u00e4n tyytyi muistuttamaan, ett\u00e4 sopeutusurakkaa viel\u00e4 riitt\u00e4\u00e4 seuraaviksi hallituskausiksi.<\/p>\n","protected":false},"excerpt":{"rendered":"Perinteiseen tapaan Suomen Pankin p\u00e4\u00e4johtaja Olli Rehn k\u00e4vi tiistaina budjettiriihen aluksi kertomassa pankin n\u00e4kemyksi\u00e4 taloustilanteesta. Tilaisuudesta poistuessaan Rehn&hellip;\n","protected":false},"author":2,"featured_media":339089,"comment_status":"","ping_status":"","sticky":false,"template":"","format":"standard","meta":{"footnotes":"","_share_on_mastodon":"0"},"categories":[12],"tags":[22,23,26,27,33,31,30,17,46,24,25,28,29,15,18,21,32,19,20,16],"class_list":["post-339088","post","type-post","status-publish","format-standard","has-post-thumbnail","category-suomi","tag-breaking-news","tag-breakingnews","tag-featured-news","tag-featurednews","tag-fi","tag-finland","tag-finnish","tag-headlines","tag-helsingin-sanomat","tag-latest-news","tag-latestnews","tag-main-news","tag-mainnews","tag-news","tag-otsikot","tag-paauutiset","tag-suomi","tag-top-stories","tag-topstories","tag-uutiset"],"share_on_mastodon":{"url":"https:\/\/pubeurope.com\/@fi\/117197875912098836","error":""},"_links":{"self":[{"href":"https:\/\/www.europesays.com\/fi\/wp-json\/wp\/v2\/posts\/339088","targetHints":{"allow":["GET"]}}],"collection":[{"href":"https:\/\/www.europesays.com\/fi\/wp-json\/wp\/v2\/posts"}],"about":[{"href":"https:\/\/www.europesays.com\/fi\/wp-json\/wp\/v2\/types\/post"}],"author":[{"embeddable":true,"href":"https:\/\/www.europesays.com\/fi\/wp-json\/wp\/v2\/users\/2"}],"replies":[{"embeddable":true,"href":"https:\/\/www.europesays.com\/fi\/wp-json\/wp\/v2\/comments?post=339088"}],"version-history":[{"count":0,"href":"https:\/\/www.europesays.com\/fi\/wp-json\/wp\/v2\/posts\/339088\/revisions"}],"wp:featuredmedia":[{"embeddable":true,"href":"https:\/\/www.europesays.com\/fi\/wp-json\/wp\/v2\/media\/339089"}],"wp:attachment":[{"href":"https:\/\/www.europesays.com\/fi\/wp-json\/wp\/v2\/media?parent=339088"}],"wp:term":[{"taxonomy":"category","embeddable":true,"href":"https:\/\/www.europesays.com\/fi\/wp-json\/wp\/v2\/categories?post=339088"},{"taxonomy":"post_tag","embeddable":true,"href":"https:\/\/www.europesays.com\/fi\/wp-json\/wp\/v2\/tags?post=339088"}],"curies":[{"name":"wp","href":"https:\/\/api.w.org\/{rel}","templated":true}]}}