{"id":339090,"date":"2026-09-01T21:20:15","date_gmt":"2026-09-01T21:20:15","guid":{"rendered":"https:\/\/www.europesays.com\/fi\/339090\/"},"modified":"2026-09-01T21:20:15","modified_gmt":"2026-09-01T21:20:15","slug":"yhdysvallat-iskee-iraniin-ilta-sanomat","status":"publish","type":"post","link":"https:\/\/www.europesays.com\/fi\/339090\/","title":{"rendered":"Yhdysvallat iskee Iraniin &#8211; Ilta-Sanomat"},"content":{"rendered":"<p>Ymp\u00e4ri maata on kuultu r\u00e4j\u00e4hdyksi\u00e4.<\/p>\n<p><img decoding=\"async\" src=\"https:\/\/www.europesays.com\/fi\/wp-content\/uploads\/2026\/09\/1788297615_448_468.jpg\" alt=\"Aluksia Hormuzinsalmella 31. elokuuta.\" class=\"_Img_1rerz_1\" style=\"aspect-ratio:1920\/1080\" loading=\"eager\"\/><\/p>\n<p class=\"font-(family-name:--picture-caption-font-family) text-(length:--picture-caption-font-size) leading-(--picture-caption-leading) font-(--picture-caption-font-weight) text-(color:--picture-caption-color)\">Aluksia Hormuzinsalmella 31. elokuuta. Kuva:\u00a0Stringer<\/p>\n<p>1.9. 20:41<\/p>\n<p class=\"article-body mb-(--paragraph-margin-b) px-nof-16\">Yhdysvallat on aloittanut uudet iskut Iraniin. Yhdysvaltojen sotatoimista L\u00e4hi-id\u00e4ss\u00e4 vastaava komentokeskus Centcom tiedottaa viestipalvelu X:ss\u00e4, ett\u00e4 maa iskee Iranin vallankumouskaartin kohteisiin.<\/p>\n<p class=\"article-body mb-(--paragraph-margin-b) px-nof-16\">Iskut aloitettiin keskip\u00e4iv\u00e4ll\u00e4 Yhdysvaltain it\u00e4rannikon aikaa eli seitsem\u00e4lt\u00e4 illalla Suomen aikaa.<\/p>\n<p class=\"article-body mb-(--paragraph-margin-b) px-nof-16\">Centcomin mukaan iskut ovat seurausta vallankumouskaartin viimeaikaisista hy\u00f6kk\u00e4ysyrityksist\u00e4 kaupallista merenkulkua vastaan Hormuzinsalmella sek\u00e4 iskuista alueelle sijoitettuja yhdysvaltalaisia sotilaita vastaan.<\/p>\n<p class=\"article-body mb-(--paragraph-margin-b) px-nof-16\">Iranin valtionmedian mukaan useilla paikkakunnilla on kuulunut r\u00e4j\u00e4hdyksi\u00e4.<\/p>\n<p class=\"article-body mb-(--paragraph-margin-b) px-nof-16\">Yhdysvallat ja Iran iskiv\u00e4t viikonloppuna toisiaan vastaan ensimm\u00e4ist\u00e4 kertaa yli kuukauteen.<\/p>\n<p class=\"article-body mb-(--paragraph-margin-b) px-nof-16\">Yhdysvallat aloitti iskut iskem\u00e4ll\u00e4 sunnuntaina Hormuzinsalmella sijaitsevaan Larakin saareen. Iran vastasi iskuihin laukaisemalla ballistisia ohjuksia Yhdysvaltain sotilaskohteisiin Jordaniassa.<\/p>\n<p class=\"article-body mb-(--paragraph-margin-b) px-nof-16\">Tiistaina uutistoimisto Reuters kertoi, ett\u00e4 my\u00f6s kahteen Hormuzinsalmella seilaavaan alukseen oli isketty.<\/p>\n<p class=\"article-body mb-(--paragraph-margin-b) px-nof-16\">Yhdysvaltain presidentti <a class=\"font-bold underline-offset-[0.12em] [text-decoration:var(--person-link-text-decoration)] [text-decoration-color:var(--person-link-text-decoration-color)]!\" href=\"https:\/\/www.is.fi\/haku\/?query=Donald%20Trump\" rel=\"nofollow noopener\" target=\"_blank\">Donald Trump<\/a> uhkasi maanantaina kostaa Iranin vastaiskut.<\/p>\n","protected":false},"excerpt":{"rendered":"Ymp\u00e4ri maata on kuultu r\u00e4j\u00e4hdyksi\u00e4. Aluksia Hormuzinsalmella 31. elokuuta. Kuva:\u00a0Stringer 1.9. 20:41 Yhdysvallat on aloittanut uudet iskut Iraniin.&hellip;\n","protected":false},"author":2,"featured_media":339091,"comment_status":"","ping_status":"","sticky":false,"template":"","format":"standard","meta":{"footnotes":"","_share_on_mastodon":"0"},"categories":[5],"tags":[22,23,26,27,33,31,30,17,34,24,25,28,29,15,18,21,32,19,20,16],"class_list":["post-339090","post","type-post","status-publish","format-standard","has-post-thumbnail","category-otsikot","tag-breaking-news","tag-breakingnews","tag-featured-news","tag-featurednews","tag-fi","tag-finland","tag-finnish","tag-headlines","tag-ilta-sanomat","tag-latest-news","tag-latestnews","tag-main-news","tag-mainnews","tag-news","tag-otsikot","tag-paauutiset","tag-suomi","tag-top-stories","tag-topstories","tag-uutiset"],"share_on_mastodon":{"url":"https:\/\/pubeurope.com\/@fi\/117197880140305221","error":""},"_links":{"self":[{"href":"https:\/\/www.europesays.com\/fi\/wp-json\/wp\/v2\/posts\/339090","targetHints":{"allow":["GET"]}}],"collection":[{"href":"https:\/\/www.europesays.com\/fi\/wp-json\/wp\/v2\/posts"}],"about":[{"href":"https:\/\/www.europesays.com\/fi\/wp-json\/wp\/v2\/types\/post"}],"author":[{"embeddable":true,"href":"https:\/\/www.europesays.com\/fi\/wp-json\/wp\/v2\/users\/2"}],"replies":[{"embeddable":true,"href":"https:\/\/www.europesays.com\/fi\/wp-json\/wp\/v2\/comments?post=339090"}],"version-history":[{"count":0,"href":"https:\/\/www.europesays.com\/fi\/wp-json\/wp\/v2\/posts\/339090\/revisions"}],"wp:featuredmedia":[{"embeddable":true,"href":"https:\/\/www.europesays.com\/fi\/wp-json\/wp\/v2\/media\/339091"}],"wp:attachment":[{"href":"https:\/\/www.europesays.com\/fi\/wp-json\/wp\/v2\/media?parent=339090"}],"wp:term":[{"taxonomy":"category","embeddable":true,"href":"https:\/\/www.europesays.com\/fi\/wp-json\/wp\/v2\/categories?post=339090"},{"taxonomy":"post_tag","embeddable":true,"href":"https:\/\/www.europesays.com\/fi\/wp-json\/wp\/v2\/tags?post=339090"}],"curies":[{"name":"wp","href":"https:\/\/api.w.org\/{rel}","templated":true}]}}