{"id":339096,"date":"2026-09-01T21:41:14","date_gmt":"2026-09-01T21:41:14","guid":{"rendered":"https:\/\/www.europesays.com\/fi\/339096\/"},"modified":"2026-09-01T21:41:14","modified_gmt":"2026-09-01T21:41:14","slug":"veronica-verhon-tyyli-muuttui-dramaattisesti-yksi-asia-kiinnittaa-huomion","status":"publish","type":"post","link":"https:\/\/www.europesays.com\/fi\/339096\/","title":{"rendered":"Veronica Verhon tyyli muuttui dramaattisesti \u2013 Yksi asia kiinnitt\u00e4\u00e4 huomion"},"content":{"rendered":"<p>Yli kymmenen vuoden aikana julkisuudessa olleen Veronica Verhon tyyli on ehtinyt muuttua moneen kertaan. Erityisesti hiukset ovat kokeneet monia vaiheita.<\/p>\n<p class=\"paragraph\"><strong>Veronica Verho<\/strong> on Tanssii t\u00e4htien kanssa -ohjelman uusi juontaja.<\/p>\n<p class=\"paragraph\">Verho on ehtinyt olla monessa mukana, joten julkisuudessa on saanut seurata h\u00e4nen tyylins\u00e4 muutoksia jo yli kymmenen vuoden ajan. Etenkin mediapersoonan hiukset ovat k\u00e4yneet l\u00e4pi monenlaisia vaiheita.<\/p>\n<p><img decoding=\"async\" class=\"image image-show image-preview\" src=\"https:\/\/www.europesays.com\/fi\/wp-content\/uploads\/2026\/09\/7c817a1f384af4d794c05a71cea2d621d7393e6fe3cbccc68a5cbf8d3454596a.jpg\" alt=\"\"\/><img decoding=\"async\" class=\"image image-show\" src=\"https:\/\/www.europesays.com\/fi\/wp-content\/uploads\/2026\/09\/1788298874_91_7c817a1f384af4d794c05a71cea2d621d7393e6fe3cbccc68a5cbf8d3454596a.jpg\" alt=\"\"\/><\/p>\n<p>Vuonna 2016 Maria Veronicalla oli tummat, l\u00e4hes mustat hiukset. TIINA SOMERPURO\/KL<\/p>\n<p class=\"paragraph\">Verho n\u00e4htiin muun muassa Selviytyj\u00e4t Suomi -ohjelmassa tummissa, l\u00e4hes mustissa hiuksissa vuonna 2019.<\/p>\n<p>Verho osallistui Selviytyj\u00e4t Suomi -kilpailuun vuonna 2019 tummilla hiuksilla. Jenni G\u00e4stgivar<\/p>\n<p>Tummat hiukset saivat v\u00e4isty\u00e4 ja Verho siirty\u00e4 vaaleampaan hiusv\u00e4riin vuonna 2019. ATTE KAJOVA<\/p>\n<p>Veronica Verho kilpaili Tanssii t\u00e4htien kanssa -ohjelmassa vuonna 2019. MATTI MATIKAINEN<\/p>\n<p class=\"paragraph\">Verhon tummat hiukset saivat vaaleamman v\u00e4rin vuonna 2019. Samana vuonna Verho osallistui Tanssii t\u00e4htien kanssa -ohjelmaan t\u00e4htioppilaana. Nyt juontajana tanssiparketille palaava Verho n\u00e4ytt\u00e4\u00e4 luottavan j\u00e4lleen hyvin samanlaiseen hiustyyliin.<\/p>\n<p>Veronica Verho osallistui Tanssii t\u00e4htien kanssa parinsa Jani Rasimuksen kanssa. MATTI MATIKAINEN<\/p>\n<p>Veronica Verholla oli vaalea polkkatukka vuonna 2020. Inka Soveri<\/p>\n<p>Vuoden 2022 radiogaalassa Verholla oli osittain vaaleat hiukset ja pitk\u00e4t ruskeat hiustenpidennykset. Antti Nikkanen<\/p>\n<p>Veronica Verho Kultainen Venla -gaalassa vuonna 2022. Atte Kajova<\/p>\n<p class=\"paragraph\">Verho luotti vaaleisiin hiuksiin pari vuotta, kunnes vuonna 2022 h\u00e4n siirtyi kuparinruskeaan s\u00e4vyyn.<\/p>\n<p>Verho esiintyi Posse-ohjelmassa punertavissa hiuksissa vuonna 2022. Jenni G\u00e4stgivar<\/p>\n<p>Vuonna 2023 Emma-gaalassa Veronica Verholla oli edelleen pitk\u00e4t punertavan ruskeat hiukset. Atte Kajova<\/p>\n<p>Juontajapari Veronica Verho ja Ernest Lawson Radiogaalassa vuonna 2025. Roosa Br\u00f6ijer<\/p>\n<p class=\"paragraph\">Verho viihtyi erilaisissa punertavanruskeans\u00e4vyisiss\u00e4 hiuksissa useamman vuoden. Vuonna 2025 hiukset saivat t\u00e4ysin uuden ilmeen, kun Verho v\u00e4rj\u00e4si hiuksensa takaisin vaaleiksi.<\/p>\n<p>Veronica Verho siirtyi takaisin vaaleaan polkkatukkaan vuonna 2025. Atte Kajova<\/p>\n<p>Veronica Verho juontaa Tanssii t\u00e4htien kanssa -ohjelmaa vaaleissa hiuksissa. Karoliina Vuorenm\u00e4ki<\/p>\n","protected":false},"excerpt":{"rendered":"Yli kymmenen vuoden aikana julkisuudessa olleen Veronica Verhon tyyli on ehtinyt muuttua moneen kertaan. Erityisesti hiukset ovat kokeneet&hellip;\n","protected":false},"author":2,"featured_media":339097,"comment_status":"","ping_status":"","sticky":false,"template":"","format":"standard","meta":{"footnotes":"","_share_on_mastodon":"0"},"categories":[130],"tags":[137,33,31,30,876,408,1390,32,2140,140,139,109],"class_list":["post-339096","post","type-post","status-publish","format-standard","has-post-thumbnail","category-viihde","tag-entertainment","tag-fi","tag-finland","tag-finnish","tag-fyysinen-kauneus","tag-julkkikset","tag-kuukausi","tag-suomi","tag-tosi-tv-ohjelmat","tag-tv-ja-elokuvat","tag-tv-ohjelmat","tag-viihde"],"share_on_mastodon":{"url":"https:\/\/pubeurope.com\/@fi\/117197962618728648","error":""},"_links":{"self":[{"href":"https:\/\/www.europesays.com\/fi\/wp-json\/wp\/v2\/posts\/339096","targetHints":{"allow":["GET"]}}],"collection":[{"href":"https:\/\/www.europesays.com\/fi\/wp-json\/wp\/v2\/posts"}],"about":[{"href":"https:\/\/www.europesays.com\/fi\/wp-json\/wp\/v2\/types\/post"}],"author":[{"embeddable":true,"href":"https:\/\/www.europesays.com\/fi\/wp-json\/wp\/v2\/users\/2"}],"replies":[{"embeddable":true,"href":"https:\/\/www.europesays.com\/fi\/wp-json\/wp\/v2\/comments?post=339096"}],"version-history":[{"count":0,"href":"https:\/\/www.europesays.com\/fi\/wp-json\/wp\/v2\/posts\/339096\/revisions"}],"wp:featuredmedia":[{"embeddable":true,"href":"https:\/\/www.europesays.com\/fi\/wp-json\/wp\/v2\/media\/339097"}],"wp:attachment":[{"href":"https:\/\/www.europesays.com\/fi\/wp-json\/wp\/v2\/media?parent=339096"}],"wp:term":[{"taxonomy":"category","embeddable":true,"href":"https:\/\/www.europesays.com\/fi\/wp-json\/wp\/v2\/categories?post=339096"},{"taxonomy":"post_tag","embeddable":true,"href":"https:\/\/www.europesays.com\/fi\/wp-json\/wp\/v2\/tags?post=339096"}],"curies":[{"name":"wp","href":"https:\/\/api.w.org\/{rel}","templated":true}]}}