{"id":339102,"date":"2026-09-01T21:46:10","date_gmt":"2026-09-01T21:46:10","guid":{"rendered":"https:\/\/www.europesays.com\/fi\/339102\/"},"modified":"2026-09-01T21:46:10","modified_gmt":"2026-09-01T21:46:10","slug":"kesa-jatkuu-viileneminen-alkaa-ensi-viikolla","status":"publish","type":"post","link":"https:\/\/www.europesays.com\/fi\/339102\/","title":{"rendered":"Kes\u00e4 jatkuu \u2013 viileneminen alkaa ensi viikolla"},"content":{"rendered":"<p>Ihana kes\u00e4 jatkuu \u2013 k\u00e4\u00e4nne kuitenkin luvassa.<\/p>\n<p class=\"font-(family-name:--picture-caption-font-family) text-(length:--picture-caption-font-size) leading-(--picture-caption-leading) font-(--picture-caption-font-weight) text-(color:--picture-caption-color)\">Paikoittaisten sadekuurojen mahdollisuutta ei voi sulkea pois.<\/p>\n<p>1.9. 21:43<\/p>\n<p class=\"article-body mb-(--paragraph-margin-b) px-nof-16\">Pian saamme nauttia Etel\u00e4-Suomessakin lehtien ylt\u00e4kyll\u00e4isest\u00e4 v\u00e4rikkyydest\u00e4, mutta aivan viel\u00e4 termisen syksyn merkit eiv\u00e4t s\u00e4\u00e4ss\u00e4 n\u00e4y.<\/p>\n<p class=\"article-body mb-(--paragraph-margin-b) px-nof-16\">P\u00e4ivien keskil\u00e4mp\u00f6tila pysyttelee nimitt\u00e4in sitke\u00e4sti kymmenen asteen yl\u00e4puolella, joten terminen kes\u00e4 jatkuu jonkin aikaa.<\/p>\n<p class=\"article-body mb-(--paragraph-margin-b) px-nof-16\">\u2013 K\u00e4\u00e4nne viile\u00e4mp\u00e4\u00e4n s\u00e4\u00e4h\u00e4n tapahtunee ensi viikolla, ennustaa Ilmatieteen laitoksen p\u00e4ivyst\u00e4v\u00e4 meteorologi <a class=\"font-bold underline-offset-[0.12em] [text-decoration:var(--person-link-text-decoration)] [text-decoration-color:var(--person-link-text-decoration-color)]!\" href=\"https:\/\/www.is.fi\/haku\/?query=Ville%20Siiskonen\" rel=\"nofollow noopener\" target=\"_blank\">Ville Siiskonen<\/a>.<\/p>\n<p class=\"article-body mb-(--paragraph-margin-b) px-nof-16\">Tiistain l\u00e4mp\u00f6tilat ovat olleet kuitenkin maan etel\u00e4- ja keskiosassa yh\u00e4 yli 20 astetta. Turun Artukaisessa mitattiin jopa 21,6 astetta. Pohjoisessa l\u00e4mmint\u00e4 on ollut 13\u201319 astetta.<\/p>\n<p><img decoding=\"async\" src=\"https:\/\/www.europesays.com\/fi\/wp-content\/uploads\/2026\/09\/1788299169_195_468.jpg\" alt=\"Yh\u00e4 voi lenkkeill\u00e4 ilman takkia.\" class=\"_Img_1rerz_1\" style=\"aspect-ratio:1920\/1280\" loading=\"eager\"\/><\/p>\n<p class=\"font-(family-name:--picture-caption-font-family) text-(length:--picture-caption-font-size) leading-(--picture-caption-leading) font-(--picture-caption-font-weight) text-(color:--picture-caption-color) picture-with-caption__caption picture-with-caption__caption--default-full\">Yh\u00e4 voi lenkkeill\u00e4 ilman takkia. Kuva:\u00a0Vilhelmiina Penttil\u00e4 \/ IS<\/p>\n<p class=\"article-body mb-(--paragraph-margin-b) px-nof-16\">Sadettakin on saatu. Keski- ja Pohjois-Suomessa liikkui tiistain iltap\u00e4iv\u00e4n aikana sadekuuroja koilliseen p\u00e4in. Illan aikana Viron tienoilla olevat sadekuurot saattavat saavuttaa my\u00f6s Suomen etel\u00e4rannikon.<\/p>\n<p class=\"article-body mb-(--paragraph-margin-b) px-nof-16\">\u2013 Maan pohjoisosassa on tullut runsaasti vett\u00e4 tiistaina, esimerkiksi Rovaniemen tienoille osui kunnon rankkasadetta. Siell\u00e4 on tullut 12 tunnin aikana yli 30 mm vett\u00e4. Sadekuurot jatkuvat pohjoisessa iltaan asti, Siiskonen sanoo.<\/p>\n<p class=\"article-body mb-(--paragraph-margin-b) px-nof-16\">Keskiviikko vaikuttaa olevan suurimmassa osassa maata poutainen.<\/p>\n<p class=\"article-body mb-(--paragraph-margin-b) px-nof-16\">\u2013 Vahvistuva korkeapaineen sel\u00e4nne n\u00e4ytt\u00e4\u00e4 liikkuvan maan etel\u00e4- ja keskiosan ylle. Korkeimmat l\u00e4mp\u00f6tilat ovat 19\u201321 asteen v\u00e4lill\u00e4. Yksitt\u00e4isi\u00e4 sadekuuroja saattaa silti tulla, Siiskonen toteaa.<\/p>\n<p><img decoding=\"async\" src=\"https:\/\/www.europesays.com\/fi\/wp-content\/uploads\/2026\/09\/1788299169_615_468.jpg\" alt=\"Kukkaloisto jatkuu edelleen.\" class=\"_Img_1rerz_1\" style=\"aspect-ratio:1920\/1267\" loading=\"eager\"\/><\/p>\n<p class=\"font-(family-name:--picture-caption-font-family) text-(length:--picture-caption-font-size) leading-(--picture-caption-leading) font-(--picture-caption-font-weight) text-(color:--picture-caption-color) picture-with-caption__caption picture-with-caption__caption--default-full\">Kukkaloisto jatkuu edelleen. Kuva:\u00a0Kimmo Taskinen \/ HS<\/p>\n<p class=\"article-body mb-(--paragraph-margin-b) px-nof-16\">Maan pohjoisosassa l\u00e4mmint\u00e4 on 12\u201318 astetta. Siiskosen mukaan torstaikin on melko l\u00e4mmin p\u00e4iv\u00e4.<\/p>\n<p class=\"article-body mb-(--paragraph-margin-b) px-nof-16\">\u2013 Hieman ep\u00e4vakaisempi se on kuin keskiviikko. Viikon loppupuoli on jonkin verran sitten viile\u00e4mpi. Maan etel\u00e4- ja keskiosassa l\u00e4mp\u00f6tilat pysyttelev\u00e4t silloinkin silti 15\u201317 asteen v\u00e4lill\u00e4.<\/p>\n<p class=\"article-body mb-(--paragraph-margin-b) px-nof-16\">Kuurosateita on edelleen odotettavissa painottuen Keski- ja Pohjois-Suomeen.<\/p>\n<p class=\"article-body mb-(--paragraph-margin-b) px-nof-16\">\u2013 Etel\u00e4ss\u00e4kin joitakin millej\u00e4 vett\u00e4 voi kerty\u00e4. Ep\u00e4vakaista on.<\/p>\n<p><img decoding=\"async\" src=\"https:\/\/www.europesays.com\/fi\/wp-content\/uploads\/2026\/09\/1788299170_488_468.jpg\" alt=\"Sateita ja viilenev\u00e4\u00e4 ilmaa on luvassa.\" class=\"_Img_1rerz_1\" style=\"aspect-ratio:1920\/1280\" loading=\"eager\"\/><\/p>\n<p class=\"font-(family-name:--picture-caption-font-family) text-(length:--picture-caption-font-size) leading-(--picture-caption-leading) font-(--picture-caption-font-weight) text-(color:--picture-caption-color) picture-with-caption__caption picture-with-caption__caption--default-full\">Sateita ja viilenev\u00e4\u00e4 ilmaa on luvassa. Kuva:\u00a0Sami Kero \/ HS<\/p>\n<p class=\"article-body mb-(--paragraph-margin-b) px-nof-16\">Ensi viikolla viile\u00e4mp\u00e4\u00e4 ilmamassaa saapuu Suomen ylle pohjoisesta.<\/p>\n<p class=\"article-body mb-(--paragraph-margin-b) px-nof-16\">\u2013 Kuinka pysyv\u00e4\u00e4 se sitten on, j\u00e4\u00e4 viel\u00e4 n\u00e4ht\u00e4v\u00e4ksi, Siiskonen pohtii.<\/p>\n","protected":false},"excerpt":{"rendered":"Ihana kes\u00e4 jatkuu \u2013 k\u00e4\u00e4nne kuitenkin luvassa. Paikoittaisten sadekuurojen mahdollisuutta ei voi sulkea pois. 1.9. 21:43 Pian saamme&hellip;\n","protected":false},"author":2,"featured_media":339103,"comment_status":"","ping_status":"","sticky":false,"template":"","format":"standard","meta":{"footnotes":"","_share_on_mastodon":"0"},"categories":[12],"tags":[22,23,26,27,33,31,30,17,34,24,25,28,29,15,18,21,32,19,20,16],"class_list":["post-339102","post","type-post","status-publish","format-standard","has-post-thumbnail","category-suomi","tag-breaking-news","tag-breakingnews","tag-featured-news","tag-featurednews","tag-fi","tag-finland","tag-finnish","tag-headlines","tag-ilta-sanomat","tag-latest-news","tag-latestnews","tag-main-news","tag-mainnews","tag-news","tag-otsikot","tag-paauutiset","tag-suomi","tag-top-stories","tag-topstories","tag-uutiset"],"share_on_mastodon":{"url":"https:\/\/pubeurope.com\/@fi\/117197982522899094","error":""},"_links":{"self":[{"href":"https:\/\/www.europesays.com\/fi\/wp-json\/wp\/v2\/posts\/339102","targetHints":{"allow":["GET"]}}],"collection":[{"href":"https:\/\/www.europesays.com\/fi\/wp-json\/wp\/v2\/posts"}],"about":[{"href":"https:\/\/www.europesays.com\/fi\/wp-json\/wp\/v2\/types\/post"}],"author":[{"embeddable":true,"href":"https:\/\/www.europesays.com\/fi\/wp-json\/wp\/v2\/users\/2"}],"replies":[{"embeddable":true,"href":"https:\/\/www.europesays.com\/fi\/wp-json\/wp\/v2\/comments?post=339102"}],"version-history":[{"count":0,"href":"https:\/\/www.europesays.com\/fi\/wp-json\/wp\/v2\/posts\/339102\/revisions"}],"wp:featuredmedia":[{"embeddable":true,"href":"https:\/\/www.europesays.com\/fi\/wp-json\/wp\/v2\/media\/339103"}],"wp:attachment":[{"href":"https:\/\/www.europesays.com\/fi\/wp-json\/wp\/v2\/media?parent=339102"}],"wp:term":[{"taxonomy":"category","embeddable":true,"href":"https:\/\/www.europesays.com\/fi\/wp-json\/wp\/v2\/categories?post=339102"},{"taxonomy":"post_tag","embeddable":true,"href":"https:\/\/www.europesays.com\/fi\/wp-json\/wp\/v2\/tags?post=339102"}],"curies":[{"name":"wp","href":"https:\/\/api.w.org\/{rel}","templated":true}]}}