{"id":339104,"date":"2026-09-01T21:47:09","date_gmt":"2026-09-01T21:47:09","guid":{"rendered":"https:\/\/www.europesays.com\/fi\/339104\/"},"modified":"2026-09-01T21:47:09","modified_gmt":"2026-09-01T21:47:09","slug":"putin-venaja-avoin-konkreettisiin-neuvotteluihin-ukrainasta-uutisia-lyhyesti","status":"publish","type":"post","link":"https:\/\/www.europesays.com\/fi\/339104\/","title":{"rendered":"Putin: Ven\u00e4j\u00e4 avoin konkreettisiin neuvotteluihin Ukrainasta | Uutisia lyhyesti"},"content":{"rendered":"<p class=\"aw__sc-1qwuw0s-0 aw__sc-1vg2sqm-0 epAWpq ecELkD yle__article__paragraph\">Putin syytti tiistaina Saksaa todisteiden lavastamisesta syytt\u00e4\u00e4kseen Ven\u00e4j\u00e4\u00e4 viime kuussa Leipzigin lentokent\u00e4lle tehdyst\u00e4 hy\u00f6kk\u00e4ysyrityksest\u00e4.<\/p>\n<p><img decoding=\"async\" alt=\"Kaksi miest\u00e4 istuu tuoleilla koristeellisen puupaneelin edess\u00e4, taustalla Iranin ja Ven\u00e4j\u00e4n liput.\" src=\"https:\/\/www.europesays.com\/fi\/wp-content\/uploads\/2026\/09\/1788273369.jpeg\" class=\"aw__sc-dklauk-0 LPzKX\"\/><\/p>\n<p>Avaa kuvien katselu<\/p>\n<p>Ven\u00e4j\u00e4n presidentti Vladimir Putin tapasi Iranin presidentti Masud Peze\u0161kianin tiistaina Kirgisian p\u00e4\u00e4kaupungissa Bishkekiss\u00e4. Kuva: Kristina Solovyova \/ AFP<\/p>\n<p class=\"aw__sc-1qwuw0s-0 aw__sc-ngllmo-0 epAWpq fzYpjk yle__article__paragraph\">Ven\u00e4j\u00e4n presidentti <strong class=\"aw__sc-ngllmo-2 gdRrun yle__article__strong\">Vladimir Putin<\/strong> sanoo olevansa avoin \u201dkonkreettisiin\u201d neuvotteluihin Ukrainan konfliktin ratkaisemiseksi, jos keskusteluihin saadaan uutta vauhtia.<\/p>\n<p class=\"aw__sc-1qwuw0s-0 aw__sc-ngllmo-0 epAWpq fzYpjk yle__article__paragraph\">Putin kommentoi asiaa Kirgisiassa tiistaina j\u00e4rjestetyn Shanghain yhteisty\u00f6j\u00e4rjest\u00f6n (SCO) huippukokouksen j\u00e4lkeen.<\/p>\n<p class=\"aw__sc-1qwuw0s-0 aw__sc-ngllmo-0 epAWpq fzYpjk yle__article__paragraph\">\u2013 Haluamme lopettaa sodan ja saavuttaa kest\u00e4v\u00e4n sek\u00e4 t\u00e4ydellisen rauhan koko Ukrainassa ja Euroopassa. Olemme valmiita osallistumaan t\u00e4h\u00e4n neuvotteluprosessiin kenen tahansa kanssa, joka on halukas tekem\u00e4\u00e4n niin, Putin sanoi.<\/p>\n<p class=\"aw__sc-1qwuw0s-0 aw__sc-ngllmo-0 epAWpq fzYpjk yle__article__paragraph\">H\u00e4nen mukaansa Ven\u00e4j\u00e4 pyrkii p\u00e4\u00e4tt\u00e4m\u00e4\u00e4n eik\u00e4 j\u00e4\u00e4dytt\u00e4m\u00e4\u00e4n konfliktia.<\/p>\n<p class=\"aw__sc-1qwuw0s-0 aw__sc-ngllmo-0 epAWpq fzYpjk yle__article__paragraph\">Putin kuitenkin ilmoitti, ettei terroristien kanssa ole mahdollista neuvotella. H\u00e4nen mukaansa Ukrainan presidentin <strong class=\"aw__sc-ngllmo-2 gdRrun yle__article__strong\">Volodymyr Zelenskyin<\/strong> <a class=\"aw__sc-ngllmo-1 bTDnwX yle__article__link\" href=\"https:\/\/yle.fi\/a\/74-20010573\/64-3-308814?utm_medium=social&amp;utm_source=copy-link-share\" role=\"link\" rel=\"nofollow noopener\" target=\"_blank\">varoittelu<\/a> Ven\u00e4j\u00e4n ilmatilan sulkemisesta drooneilla on \u201dvaltioterrorismia\u201d.<\/p>\n<p>Putin kiist\u00e4\u00e4 puheet liikekannallepanosta<\/p>\n<p class=\"aw__sc-1qwuw0s-0 aw__sc-ngllmo-0 epAWpq fzYpjk yle__article__paragraph\">Putin my\u00f6s toisti toimittajille luottavansa siihen, ett\u00e4 Ven\u00e4j\u00e4n joukot voittaisivat Ukrainassa. H\u00e4nen mukaansa Ven\u00e4j\u00e4n p\u00e4\u00e4vastus taisteluissa ovat droonit.<\/p>\n<p class=\"aw__sc-1qwuw0s-0 aw__sc-ngllmo-0 epAWpq fzYpjk yle__article__paragraph\">Ven\u00e4j\u00e4 on Putinin mukaan valmistautunut tekem\u00e4\u00e4n laajoja iskuja Ukrainan energiainfrastruktuuria kohtaan.<\/p>\n<p class=\"aw__sc-1qwuw0s-0 aw__sc-ngllmo-0 epAWpq fzYpjk yle__article__paragraph\">Putinin mukaan puheet Ven\u00e4j\u00e4n suunnittelemasta liikekannallepanosta eiv\u00e4t pid\u00e4 paikkaansa. Muun muassa Ukrainan presidentti <strong class=\"aw__sc-ngllmo-2 gdRrun yle__article__strong\">Volodymyr Zelenskyi<\/strong> <a class=\"aw__sc-ngllmo-1 bTDnwX yle__article__link\" href=\"https:\/\/yle.fi\/a\/74-20242851\" role=\"link\" rel=\"nofollow noopener\" target=\"_blank\">on toistuvasti sanonut<\/a> pit\u00e4v\u00e4ns\u00e4 liikekannallepanoa varmana<\/p>\n<p class=\"aw__sc-1qwuw0s-0 aw__sc-ngllmo-0 epAWpq fzYpjk yle__article__paragraph\">Lis\u00e4ksi Putin syytti tiistaina Saksaa todisteiden lavastamisesta syytt\u00e4\u00e4kseen Ven\u00e4j\u00e4\u00e4 viime kuussa Leipzigin lentokent\u00e4lle tehdyst\u00e4 hy\u00f6kk\u00e4ysyrityksest\u00e4. H\u00e4n ei tarkentanut, mihin h\u00e4n perusti syyt\u00f6ksens\u00e4.<\/p>\n<p class=\"aw__sc-1qwuw0s-0 aw__sc-ngllmo-0 epAWpq fzYpjk yle__article__paragraph\">L\u00e4hde: Reuters<\/p>\n","protected":false},"excerpt":{"rendered":"Putin syytti tiistaina Saksaa todisteiden lavastamisesta syytt\u00e4\u00e4kseen Ven\u00e4j\u00e4\u00e4 viime kuussa Leipzigin lentokent\u00e4lle tehdyst\u00e4 hy\u00f6kk\u00e4ysyrityksest\u00e4. Avaa kuvien katselu Ven\u00e4j\u00e4n&hellip;\n","protected":false},"author":2,"featured_media":339105,"comment_status":"","ping_status":"","sticky":false,"template":"","format":"standard","meta":{"footnotes":"","_share_on_mastodon":"0"},"categories":[5],"tags":[22,23,26,27,33,31,30,17,24,25,28,29,15,18,21,32,19,20,1303,56,16,547,987,2257],"class_list":["post-339104","post","type-post","status-publish","format-standard","has-post-thumbnail","category-otsikot","tag-breaking-news","tag-breakingnews","tag-featured-news","tag-featurednews","tag-fi","tag-finland","tag-finnish","tag-headlines","tag-latest-news","tag-latestnews","tag-main-news","tag-mainnews","tag-news","tag-otsikot","tag-paauutiset","tag-suomi","tag-top-stories","tag-topstories","tag-ukraina","tag-ulkomaat","tag-uutiset","tag-venaja","tag-venajan-hyokkays","tag-vladimir-putin"],"share_on_mastodon":{"url":"https:\/\/pubeurope.com\/@fi\/117197986300261083","error":""},"_links":{"self":[{"href":"https:\/\/www.europesays.com\/fi\/wp-json\/wp\/v2\/posts\/339104","targetHints":{"allow":["GET"]}}],"collection":[{"href":"https:\/\/www.europesays.com\/fi\/wp-json\/wp\/v2\/posts"}],"about":[{"href":"https:\/\/www.europesays.com\/fi\/wp-json\/wp\/v2\/types\/post"}],"author":[{"embeddable":true,"href":"https:\/\/www.europesays.com\/fi\/wp-json\/wp\/v2\/users\/2"}],"replies":[{"embeddable":true,"href":"https:\/\/www.europesays.com\/fi\/wp-json\/wp\/v2\/comments?post=339104"}],"version-history":[{"count":0,"href":"https:\/\/www.europesays.com\/fi\/wp-json\/wp\/v2\/posts\/339104\/revisions"}],"wp:featuredmedia":[{"embeddable":true,"href":"https:\/\/www.europesays.com\/fi\/wp-json\/wp\/v2\/media\/339105"}],"wp:attachment":[{"href":"https:\/\/www.europesays.com\/fi\/wp-json\/wp\/v2\/media?parent=339104"}],"wp:term":[{"taxonomy":"category","embeddable":true,"href":"https:\/\/www.europesays.com\/fi\/wp-json\/wp\/v2\/categories?post=339104"},{"taxonomy":"post_tag","embeddable":true,"href":"https:\/\/www.europesays.com\/fi\/wp-json\/wp\/v2\/tags?post=339104"}],"curies":[{"name":"wp","href":"https:\/\/api.w.org\/{rel}","templated":true}]}}