{"id":339116,"date":"2026-09-01T22:14:13","date_gmt":"2026-09-01T22:14:13","guid":{"rendered":"https:\/\/www.europesays.com\/fi\/339116\/"},"modified":"2026-09-01T22:14:13","modified_gmt":"2026-09-01T22:14:13","slug":"poliisi-sai-ilmoituksen-kannabiksen-hajusta-rappukaytavassa-tampereella-pihalla-seisseesta-taksista-loytyi-tuttu-nuori-mies","status":"publish","type":"post","link":"https:\/\/www.europesays.com\/fi\/339116\/","title":{"rendered":"Poliisi sai ilmoituksen kanna\u00adbiksen hajusta rappu\u00adk\u00e4yt\u00e4v\u00e4ss\u00e4 Tampereella \u2013 pihalla seisseest\u00e4 taksista l\u00f6ytyi tuttu nuori mies"},"content":{"rendered":"<p>Nuori mies j\u00e4i poliisille kiinni kahdesta muutaman kuukauden sis\u00e4\u00e4n. Kotietsinn\u00e4ss\u00e4 l\u00f6ytyi muokattu ase ja k\u00e4teist\u00e4 rahaa muovipusseihin sullottuna.<\/p>\n<p><img decoding=\"async\" src=\"https:\/\/www.europesays.com\/fi\/wp-content\/uploads\/2026\/09\/1788300853_236_468.jpg\" alt=\"K\u00e4r\u00e4j\u00e4oikeus tuomitsi miehen menett\u00e4m\u00e4\u00e4n valtiolle rikoshy\u00f6tyn\u00e4 saatu yli 12\u202f000 euroa.\" class=\"_Img_1rerz_1\" style=\"aspect-ratio:1920\/1080\" loading=\"eager\"\/><\/p>\n<p class=\"font-(family-name:--picture-caption-font-family) text-(length:--picture-caption-font-size) leading-(--picture-caption-leading) font-(--picture-caption-font-weight) text-(color:--picture-caption-color)\">K\u00e4r\u00e4j\u00e4oikeus tuomitsi miehen menett\u00e4m\u00e4\u00e4n valtiolle rikoshy\u00f6tyn\u00e4 saatu yli 12\u202f000 euroa. Kuva:\u00a0Oikeudenk\u00e4yntiaineisto<\/p>\n<p>1.9. 20:00<\/p>\n<p class=\"article-body mb-(--paragraph-margin-b) px-nof-16\">Aamulehti<\/p>\n<p class=\"article-body mb-(--paragraph-margin-b) px-nof-16\">Nuori mies teki huumekauppaa L\u00e4nsi-Tampereella ja sai tuomion t\u00f6rke\u00e4st\u00e4 huumaus\u00adaine\u00adrikoksesta ja muista rikoksista.<\/p>\n<p class=\"article-body mb-(--paragraph-margin-b) px-nof-16\">Tekojen aikaan vasta 18-vuotias mies myi Signal- ja Telegram-sovelluksissa muun muassa marihuanaa. Mies oli hankkinut kolmella eri kerralla yhteens\u00e4 1,5 kiloa marihuanaa, jota h\u00e4n myi pienemmiss\u00e4 eriss\u00e4 eteenp\u00e4in.<\/p>\n","protected":false},"excerpt":{"rendered":"Nuori mies j\u00e4i poliisille kiinni kahdesta muutaman kuukauden sis\u00e4\u00e4n. Kotietsinn\u00e4ss\u00e4 l\u00f6ytyi muokattu ase ja k\u00e4teist\u00e4 rahaa muovipusseihin sullottuna.&hellip;\n","protected":false},"author":2,"featured_media":339117,"comment_status":"","ping_status":"","sticky":false,"template":"","format":"standard","meta":{"footnotes":"","_share_on_mastodon":"0"},"categories":[12],"tags":[157,22,23,26,27,33,31,30,17,24,25,28,29,15,18,21,32,19,20,16],"class_list":["post-339116","post","type-post","status-publish","format-standard","has-post-thumbnail","category-suomi","tag-aamulehti","tag-breaking-news","tag-breakingnews","tag-featured-news","tag-featurednews","tag-fi","tag-finland","tag-finnish","tag-headlines","tag-latest-news","tag-latestnews","tag-main-news","tag-mainnews","tag-news","tag-otsikot","tag-paauutiset","tag-suomi","tag-top-stories","tag-topstories","tag-uutiset"],"share_on_mastodon":{"url":"","error":""},"_links":{"self":[{"href":"https:\/\/www.europesays.com\/fi\/wp-json\/wp\/v2\/posts\/339116","targetHints":{"allow":["GET"]}}],"collection":[{"href":"https:\/\/www.europesays.com\/fi\/wp-json\/wp\/v2\/posts"}],"about":[{"href":"https:\/\/www.europesays.com\/fi\/wp-json\/wp\/v2\/types\/post"}],"author":[{"embeddable":true,"href":"https:\/\/www.europesays.com\/fi\/wp-json\/wp\/v2\/users\/2"}],"replies":[{"embeddable":true,"href":"https:\/\/www.europesays.com\/fi\/wp-json\/wp\/v2\/comments?post=339116"}],"version-history":[{"count":0,"href":"https:\/\/www.europesays.com\/fi\/wp-json\/wp\/v2\/posts\/339116\/revisions"}],"wp:featuredmedia":[{"embeddable":true,"href":"https:\/\/www.europesays.com\/fi\/wp-json\/wp\/v2\/media\/339117"}],"wp:attachment":[{"href":"https:\/\/www.europesays.com\/fi\/wp-json\/wp\/v2\/media?parent=339116"}],"wp:term":[{"taxonomy":"category","embeddable":true,"href":"https:\/\/www.europesays.com\/fi\/wp-json\/wp\/v2\/categories?post=339116"},{"taxonomy":"post_tag","embeddable":true,"href":"https:\/\/www.europesays.com\/fi\/wp-json\/wp\/v2\/tags?post=339116"}],"curies":[{"name":"wp","href":"https:\/\/api.w.org\/{rel}","templated":true}]}}