{"id":339118,"date":"2026-09-01T22:15:12","date_gmt":"2026-09-01T22:15:12","guid":{"rendered":"https:\/\/www.europesays.com\/fi\/339118\/"},"modified":"2026-09-01T22:15:12","modified_gmt":"2026-09-01T22:15:12","slug":"putin-kiistaa-saksan-droonisyytokset-ilta-sanomat","status":"publish","type":"post","link":"https:\/\/www.europesays.com\/fi\/339118\/","title":{"rendered":"Putin kiist\u00e4\u00e4 Saksan droonisyyt\u00f6kset &#8211; Ilta-Sanomat"},"content":{"rendered":"<p>Ven\u00e4j\u00e4n presidentin reaktio oli odotettavissa.<\/p>\n<p><img decoding=\"async\" src=\"https:\/\/www.europesays.com\/fi\/wp-content\/uploads\/2026\/09\/1788300912_501_468.jpg\" alt=\"Putin osallistuu Shanghain yhteisty\u00f6j\u00e4rjest\u00f6n kokoukseen Kirgisiassa.\" class=\"_Img_1rerz_1\" style=\"aspect-ratio:1920\/1080\" loading=\"eager\"\/><\/p>\n<p class=\"font-(family-name:--picture-caption-font-family) text-(length:--picture-caption-font-size) leading-(--picture-caption-leading) font-(--picture-caption-font-weight) text-(color:--picture-caption-color)\">Putin osallistuu Shanghain yhteisty\u00f6j\u00e4rjest\u00f6n kokoukseen Kirgisiassa. Kuva:\u00a0Vyacheslav Prokofyev<\/p>\n<p>1.9. 23:42<\/p>\n<p class=\"article-body mb-(--paragraph-margin-b) px-nof-16\">Ven\u00e4j\u00e4n presidentti <a class=\"font-bold underline-offset-[0.12em] [text-decoration:var(--person-link-text-decoration)] [text-decoration-color:var(--person-link-text-decoration-color)]!\" href=\"https:\/\/www.is.fi\/haku\/?query=Vladimir%20Putin\" rel=\"nofollow noopener\" target=\"_blank\">Vladimir Putin<\/a> tyrm\u00e4\u00e4 Saksan syyt\u00f6kset, joiden mukaan Ven\u00e4j\u00e4 oli osallisena Leipzigin lentokent\u00e4ll\u00e4 yritetyss\u00e4 drooni-iskussa.<\/p>\n<p class=\"article-body mb-(--paragraph-margin-b) px-nof-16\">Putin kommentoi asiaa Kirgisian Bishkekiss\u00e4 j\u00e4rjestett\u00e4v\u00e4ss\u00e4 Shanghain yhteisty\u00f6j\u00e4rjest\u00f6n kokouksessa.<\/p>\n<p class=\"article-body mb-(--paragraph-margin-b) px-nof-16\">\u2013 Miss\u00e4 ovat todisteet? Putin kysyi Reutersin mukaan.<\/p>\n<p class=\"article-body mb-(--paragraph-margin-b) px-nof-16\">Putin vihjaili, ett\u00e4 tapaukseen liittyv\u00e4 todistusaineisto olisi ollut lavastettua. H\u00e4n ei perustellut v\u00e4itett\u00e4\u00e4n.<\/p>\n<p class=\"article-body mb-(--paragraph-margin-b) px-nof-16\">Presidentin mielest\u00e4 esitt\u00e4m\u00e4ll\u00e4 syyt\u00f6ksi\u00e4 Ven\u00e4j\u00e4\u00e4 vastaan Saksan hallitus yritt\u00e4\u00e4 ratkoa liittokansleri <a class=\"font-bold underline-offset-[0.12em] [text-decoration:var(--person-link-text-decoration)] [text-decoration-color:var(--person-link-text-decoration-color)]!\" href=\"https:\/\/www.is.fi\/haku\/?query=Friedrich%20Merzin\" rel=\"nofollow noopener\" target=\"_blank\">Friedrich Merzin<\/a> laskevien kannatuslukujen aiheuttamia sis\u00e4poliittisia ongelmia.<\/p>\n<p class=\"article-body mb-(--paragraph-margin-b) px-nof-16\">Saksa ilmoitti tiistaina, ett\u00e4 Ven\u00e4j\u00e4 oli osallinen elokuussa tapahtuneeseen drooni-iskun yritykseen, joka kohdistui ukrainalaiseen rahtilentokoneeseen Leipzigin ja Hallen lentokent\u00e4ll\u00e4.<\/p>\n<p class=\"article-body mb-(--paragraph-margin-b) px-nof-16\">Koneen l\u00e4helt\u00e4 l\u00f6ytyi elokuun 4. ja 5. p\u00e4iv\u00e4n v\u00e4lisen\u00e4 y\u00f6n\u00e4 r\u00e4j\u00e4hteill\u00e4 ja laukaisimella varustettu drooni.<\/p>\n<p class=\"article-body mb-(--paragraph-margin-b) px-nof-16\">Saksan mukaan tapahtumat ovat osa Ven\u00e4j\u00e4n hybridivaikuttamista ja Euroopan horjuttamiseen pyrkivien operaatioiden sarjaa.<\/p>\n<p class=\"article-body mb-(--paragraph-margin-b) px-nof-16\">Saksa ilmoitti, ett\u00e4 Ven\u00e4j\u00e4n Bonnin-konsulaatti sek\u00e4 Berliiniss\u00e4 sijaitseva ven\u00e4l\u00e4inen kulttuurikeskus suljetaan. Saksa kutsui my\u00f6s Ven\u00e4j\u00e4n suurl\u00e4hettil\u00e4\u00e4n puhutteluun.<\/p>\n<p class=\"article-body mb-(--paragraph-margin-b) px-nof-16\">Useat Euroopan maat ovat osoittaneet tukensa Saksalle.<\/p>\n","protected":false},"excerpt":{"rendered":"Ven\u00e4j\u00e4n presidentin reaktio oli odotettavissa. Putin osallistuu Shanghain yhteisty\u00f6j\u00e4rjest\u00f6n kokoukseen Kirgisiassa. Kuva:\u00a0Vyacheslav Prokofyev 1.9. 23:42 Ven\u00e4j\u00e4n presidentti Vladimir&hellip;\n","protected":false},"author":2,"featured_media":339119,"comment_status":"","ping_status":"","sticky":false,"template":"","format":"standard","meta":{"footnotes":"","_share_on_mastodon":"0"},"categories":[5],"tags":[22,23,26,27,33,31,30,17,34,24,25,28,29,15,18,21,32,19,20,16],"class_list":["post-339118","post","type-post","status-publish","format-standard","has-post-thumbnail","category-otsikot","tag-breaking-news","tag-breakingnews","tag-featured-news","tag-featurednews","tag-fi","tag-finland","tag-finnish","tag-headlines","tag-ilta-sanomat","tag-latest-news","tag-latestnews","tag-main-news","tag-mainnews","tag-news","tag-otsikot","tag-paauutiset","tag-suomi","tag-top-stories","tag-topstories","tag-uutiset"],"share_on_mastodon":{"url":"https:\/\/pubeurope.com\/@fi\/117198096654220297","error":""},"_links":{"self":[{"href":"https:\/\/www.europesays.com\/fi\/wp-json\/wp\/v2\/posts\/339118","targetHints":{"allow":["GET"]}}],"collection":[{"href":"https:\/\/www.europesays.com\/fi\/wp-json\/wp\/v2\/posts"}],"about":[{"href":"https:\/\/www.europesays.com\/fi\/wp-json\/wp\/v2\/types\/post"}],"author":[{"embeddable":true,"href":"https:\/\/www.europesays.com\/fi\/wp-json\/wp\/v2\/users\/2"}],"replies":[{"embeddable":true,"href":"https:\/\/www.europesays.com\/fi\/wp-json\/wp\/v2\/comments?post=339118"}],"version-history":[{"count":0,"href":"https:\/\/www.europesays.com\/fi\/wp-json\/wp\/v2\/posts\/339118\/revisions"}],"wp:featuredmedia":[{"embeddable":true,"href":"https:\/\/www.europesays.com\/fi\/wp-json\/wp\/v2\/media\/339119"}],"wp:attachment":[{"href":"https:\/\/www.europesays.com\/fi\/wp-json\/wp\/v2\/media?parent=339118"}],"wp:term":[{"taxonomy":"category","embeddable":true,"href":"https:\/\/www.europesays.com\/fi\/wp-json\/wp\/v2\/categories?post=339118"},{"taxonomy":"post_tag","embeddable":true,"href":"https:\/\/www.europesays.com\/fi\/wp-json\/wp\/v2\/tags?post=339118"}],"curies":[{"name":"wp","href":"https:\/\/api.w.org\/{rel}","templated":true}]}}