{"id":339128,"date":"2026-09-01T22:41:13","date_gmt":"2026-09-01T22:41:13","guid":{"rendered":"https:\/\/www.europesays.com\/fi\/339128\/"},"modified":"2026-09-01T22:41:13","modified_gmt":"2026-09-01T22:41:13","slug":"budjetti-valmis-katso-sen-saamat-ruusut-ja-risut","status":"publish","type":"post","link":"https:\/\/www.europesays.com\/fi\/339128\/","title":{"rendered":"Budjetti valmis \u2013 katso sen saamat ruusut ja risut"},"content":{"rendered":"<p>Hallitus sai kiitosta ja tukkap\u00f6lly\u00e4 viimeisest\u00e4 budjetistaan.<\/p>\n<p>1.9. 22:46<\/p>\n<p>Lue tiivistelm\u00e4<\/p>\n<p class=\"article-body mb-(--paragraph-margin-b) px-nof-16 sndp-summary-bullet-point-font\">P\u00e4\u00e4ministeri Petteri Orpon hallitus sai valmiiksi viimeisen budjettinsa, jonka loppusumma on 92,5 miljardia euroa ja uutta velkaa otetaan 12,4 miljardia.<\/p>\n<p class=\"article-body mb-(--paragraph-margin-b) px-nof-16 sndp-summary-bullet-point-font\">Vihreiden eduskuntaryhm\u00e4n puheenjohtaja Oras Tynkkynen ja vasemmistoliiton puheenjohtaja Minja Koskela kritisoivat budjettia veronalennuksista suurituloisille ja suuryrityksille.<\/p>\n<p class=\"article-body mb-(--paragraph-margin-b) px-nof-16 sndp-summary-bullet-point-font\">Kokoomuksen eduskuntaryhm\u00e4n varapuheenjohtaja Pia Kauma kiitteli tuloveronkevennyksi\u00e4, joiden my\u00f6t\u00e4 3 000 euroa kuussa ansaitsevalle j\u00e4\u00e4 640 euroa vuodessa enemm\u00e4n k\u00e4teen.<\/p>\n<p class=\"article-body mb-(--paragraph-margin-b) px-nof-16 sndp-summary-bullet-point-font\">Elinkeinoel\u00e4m\u00e4n keskusliitto EK tuki budjettia, mutta ammattiliitto SAK:n p\u00e4\u00e4ekonomisti Patrizio Lain\u00e0 vaati yhteis\u00f6veron palauttamista 20 prosenttiin.<\/p>\n<p class=\"article-body mb-(--paragraph-margin-b) px-nof-16\">P\u00e4\u00e4ministeri <a class=\"font-bold underline-offset-[0.12em] [text-decoration:var(--person-link-text-decoration)] [text-decoration-color:var(--person-link-text-decoration-color)]!\" href=\"https:\/\/www.is.fi\/haku\/?query=Petteri%20Orpon\" rel=\"nofollow noopener\" target=\"_blank\">Petteri Orpon<\/a> (kok) hallitus sai tiistaina yhden p\u00e4iv\u00e4n riihess\u00e4\u00e4n valmiiksi ensi vuoden budjetin.<\/p>\n<p class=\"article-body mb-(--paragraph-margin-b) px-nof-16\">IS kokosi poliitikkojen ja j\u00e4rjest\u00f6jen kannanotoista tiivistelm\u00e4n, mit\u00e4 mielt\u00e4 eri tahot ovat Orpon hallituksen viimeisest\u00e4 budjetista.<\/p>\n<p class=\"article-body mb-(--paragraph-margin-b) px-nof-16\">Vihreiden eduskuntaryhm\u00e4n puheenjohtaja <a class=\"font-bold underline-offset-[0.12em] [text-decoration:var(--person-link-text-decoration)] [text-decoration-color:var(--person-link-text-decoration-color)]!\" href=\"https:\/\/www.is.fi\/haku\/?query=Oras%20Tynkkynen\" rel=\"nofollow noopener\" target=\"_blank\">Oras Tynkkynen<\/a> oli tyytyv\u00e4inen siihen, ett\u00e4 budjetti j\u00e4\u00e4 Orpon hallituksen viimeiseksi.<\/p>\n<p class=\"article-body mb-(--paragraph-margin-b) px-nof-16\">\u2013 On jopa Orpon hallitukselta h\u00e4mm\u00e4stytt\u00e4v\u00e4 saavutus yhdist\u00e4\u00e4 k\u00f6yhien kurittaminen enn\u00e4tyskiivaaseen velkaantumiseen. Holtittomien veronalennusten kylv\u00e4minen suurituloisille ja suuryrityksille heikent\u00e4\u00e4 valtiontalouden tasapainoa, mink\u00e4 hallitus on valinnut j\u00e4lleen maksattaa Suomen k\u00f6yhill\u00e4 ja sairailla. Parasta budjettiriihess\u00e4 on se, ett\u00e4 se j\u00e4\u00e4 onneksi Orpon hallituksen viimeiseksi, Tynkkynen tiivisti.<\/p>\n<p class=\"article-body mb-(--paragraph-margin-b) px-nof-16\">Budjetin loppusumma on 92,5 miljardia euroa ja uutta velkaa otetaan 12,4 miljardia. Uusia s\u00e4\u00e4st\u00f6j\u00e4 ensi vuodelle on noin miljardi euroa.<\/p>\n<p><img decoding=\"async\" src=\"https:\/\/www.europesays.com\/fi\/wp-content\/uploads\/2026\/09\/1788302473_890_468.jpg\" alt=\"Budjettiriihen tiedotustilaisuudessa p\u00e4\u00e4ministeri Petteri Orpo esitteli yleiset ja suuret linjat ja valtionvarainministeri Riikka Purra k\u00e4vi t\u00e4m\u00e4n j\u00e4lkeen budjettia l\u00e4pi yksityiskohtaisemmin.\" class=\"_Img_1rerz_1\" style=\"aspect-ratio:1920\/1276\" loading=\"eager\"\/><\/p>\n<p class=\"font-(family-name:--picture-caption-font-family) text-(length:--picture-caption-font-size) leading-(--picture-caption-leading) font-(--picture-caption-font-weight) text-(color:--picture-caption-color) picture-with-caption__caption picture-with-caption__caption--default-full\">Budjettiriihen tiedotustilaisuudessa p\u00e4\u00e4ministeri Petteri Orpo esitteli yleiset ja suuret linjat ja valtionvarainministeri Riikka Purra k\u00e4vi t\u00e4m\u00e4n j\u00e4lkeen budjettia l\u00e4pi yksityiskohtaisemmin. Kuva:\u00a0Vesa Moilanen \/ IS<\/p>\n<p class=\"article-body mb-(--paragraph-margin-b) px-nof-16\">Vasemmistoliiton puheenjohtaja <a class=\"font-bold underline-offset-[0.12em] [text-decoration:var(--person-link-text-decoration)] [text-decoration-color:var(--person-link-text-decoration-color)]!\" href=\"https:\/\/www.is.fi\/haku\/?query=Minja%20Koskela\" rel=\"nofollow noopener\" target=\"_blank\">Minja Koskela<\/a> kritisoi muun muassa yhteis\u00f6veron alennusta ensi vuonna 20 prosentista 18 prosenttiin.<\/p>\n<p class=\"article-body mb-(--paragraph-margin-b) px-nof-16\">\u2013 Orpo ja Purra toistelevat, ett\u00e4 \u201crahaa ei ole\u201d, ja ett\u00e4 kymmenen miljardia pit\u00e4\u00e4 sopeuttaa, mutta toisaalla jakavat miljardiluokan summan lahjana suuryrityksille. Ovatko ministereiden puheet ja teot koskaan aikaisemmin olleet yht\u00e4 r\u00e4ike\u00e4sti ristiriidassa, Koskela kyselee.<\/p>\n<p class=\"article-body mb-(--paragraph-margin-b) px-nof-16\">SAK:n mielest\u00e4 hallitus j\u00e4tt\u00e4\u00e4 j\u00e4lkeens\u00e4 \u201dhistorian toiseksi pahimman ty\u00f6tt\u00f6myyskriisin\u201d. SAK:n p\u00e4\u00e4ekonomisti <a class=\"font-bold underline-offset-[0.12em] [text-decoration:var(--person-link-text-decoration)] [text-decoration-color:var(--person-link-text-decoration-color)]!\" href=\"https:\/\/www.is.fi\/haku\/?query=Patrizio%20Lain%C3%A0\" rel=\"nofollow noopener\" target=\"_blank\">Patrizio Lain\u00e0<\/a> sanoo, ett\u00e4 menosopeutus ei ole vakauttanut julkista taloutta.<\/p>\n<p class=\"article-body mb-(--paragraph-margin-b) px-nof-16\">\u2013 Nyt verotus on kaivettava ty\u00f6kalupakista heti seuraavan hallituskauden alussa. Yhteis\u00f6veron osalta ennakoitavuutta on parannettava ja palattava takaisin 20 prosenttiin. Listaamattomien yhti\u00f6iden osinkoverotus on my\u00f6s syyt\u00e4 tuoda listattujen yhti\u00f6iden tasolle, Lain\u00e0 toteaa.<\/p>\n<p class=\"article-body mb-(--paragraph-margin-b) px-nof-16\">STTK puolestaan harmittelee sit\u00e4, ett\u00e4 hallitus j\u00e4tti tekem\u00e4tt\u00e4 uusia ty\u00f6llisyystoimia.<\/p>\n<p class=\"article-body mb-(--paragraph-margin-b) px-nof-16\">\u2013 On vaikea ymm\u00e4rt\u00e4\u00e4, miksi t\u00e4ss\u00e4 ty\u00f6llisyystilanteessa aktiivisen ty\u00f6llisyyspolitiikan mahdollisuudet j\u00e4tettiin k\u00e4ytt\u00e4m\u00e4tt\u00e4. Esimerkiksi suojaosien hy\u00f6dyist\u00e4 on saatu juuri uutta tutkimustietoa, joten niiden palauttaminen olisi ollut luontevaa, STTK:n ekonomisti <a class=\"font-bold underline-offset-[0.12em] [text-decoration:var(--person-link-text-decoration)] [text-decoration-color:var(--person-link-text-decoration-color)]!\" href=\"https:\/\/www.is.fi\/haku\/?query=Tom-Henrik%20Sirvi%C3%B6\" rel=\"nofollow noopener\" target=\"_blank\">Tom-Henrik Sirvi\u00f6<\/a> sanoo.<\/p>\n<p class=\"article-body mb-(--paragraph-margin-b) px-nof-16\">Risujen vastineeksi listataan budjettiesityksen saamia ruusuja.<\/p>\n<p class=\"article-body mb-(--paragraph-margin-b) px-nof-16\">P\u00e4\u00e4ministeripuolue kokoomuksen eduskuntaryhm\u00e4n varapuheenjohtaja <a class=\"font-bold underline-offset-[0.12em] [text-decoration:var(--person-link-text-decoration)] [text-decoration-color:var(--person-link-text-decoration-color)]!\" href=\"https:\/\/www.is.fi\/haku\/?query=Pia%20Kauma\" rel=\"nofollow noopener\" target=\"_blank\">Pia Kauma<\/a> kiitteli veronalennuksia.<\/p>\n<p class=\"article-body mb-(--paragraph-margin-b) px-nof-16\">Hallitus kevent\u00e4\u00e4 tuloverotusta 230 miljoonaa euroa. Kaikille tulee indeksitarkistukset ja veroja kevennet\u00e4\u00e4n etenkin pieni- ja keskituloisilta, 20\u202f000\u201355\u202f000 euroa vuodessa ansaitsevilta.<\/p>\n<p class=\"article-body mb-(--paragraph-margin-b) px-nof-16\">Kokoomuksen laskelmien mukaan 3\u202f000 euroa kuukaudessa ansaitsevalle j\u00e4\u00e4 ensi vuonna noin 640 euroa vuodessa enemm\u00e4n k\u00e4teen kuin hallituksen aloittaessa.<\/p>\n<p class=\"article-body mb-(--paragraph-margin-b) px-nof-16\">\u2013 640 euroa vuodessa on tavallisen suomalaisen arjessa oikeaa rahaa. Se on yli 50 euroa enemm\u00e4n k\u00e4ytett\u00e4v\u00e4ksi joka kuukausi ruokaan, lasten harrastuksiin, asumiseen tai s\u00e4\u00e4st\u00f6\u00f6n. Kun hinnat ovat nousseet ja monessa perheess\u00e4 euroja on jouduttu laskemaan tarkasti, sill\u00e4 on merkityst\u00e4, Kauma toteaa.<\/p>\n<p class=\"article-body mb-(--paragraph-margin-b) px-nof-16\">My\u00f6s Elinkeinoel\u00e4m\u00e4n keskusliitto EK piti budjettiesityst\u00e4 hyv\u00e4n\u00e4.<\/p>\n<p class=\"article-body mb-(--paragraph-margin-b) px-nof-16\">\u2013 Vakaan toimintaymp\u00e4rist\u00f6n vaaliminen on yrityksille kaikki kaikessa. EK tukee voimakkaasti tavoitetta julkisen talouden tervehdytt\u00e4miseksi. Sen tekeminen kest\u00e4v\u00e4sti edellytt\u00e4\u00e4 keinovalikoimaa, joka ei vaaranna yritysvetoista kasvua, vaan p\u00e4invastoin kiihdytt\u00e4\u00e4 sit\u00e4, EK:n toimitusjohtaja <a class=\"font-bold underline-offset-[0.12em] [text-decoration:var(--person-link-text-decoration)] [text-decoration-color:var(--person-link-text-decoration-color)]!\" href=\"https:\/\/www.is.fi\/haku\/?query=Minna%20Helle\" rel=\"nofollow noopener\" target=\"_blank\">Minna Helle<\/a> sanoo.<\/p>\n<p class=\"article-body mb-(--paragraph-margin-b) px-nof-16\">EK kiitteli esimerkiksi pieni- ja keskituloisten verokevennyksi\u00e4 kotimaisen kysynn\u00e4n pirist\u00e4miseksi ja yhteis\u00f6veron alennus taas hy\u00f6dytt\u00e4\u00e4 yrityksi\u00e4.<\/p>\n<p class=\"article-body mb-(--paragraph-margin-b) px-nof-16\">Vaikutusvaltaisin EK:n liitoista, Teknologiateollisuus, ei ollut aivan yht\u00e4 tyytyv\u00e4inen hallituksen budjettiin kuin EK.<\/p>\n<p class=\"article-body mb-(--paragraph-margin-b) px-nof-16\">Liiton mielest\u00e4 Suomen talous on k\u00e4\u00e4ntym\u00e4ss\u00e4 hyv\u00e4\u00e4n suuntaan, mutta hallitus ei tehnyt uusia, kasvua tukevia p\u00e4\u00e4t\u00f6ksi\u00e4.<\/p>\n<p class=\"article-body mb-(--paragraph-margin-b) px-nof-16\">\u2013 Yritysten investointihalukkuutta on pyritty t\u00e4ll\u00e4 hallituskaudella vahvistamaan, ja se on juuri sit\u00e4 politiikkaa, jota Suomi tarvitsee. T\u00e4ll\u00e4 tiell\u00e4 tulee jatkaa. Paras tapa orastavan kasvun ja yritysten luottamuksen vahvistamiseksi on vied\u00e4 toimintaymp\u00e4rist\u00f6\u00e4 edelleen kannustavampaan suuntaan, Teknologiateollisuuden toimitusjohtaja <a class=\"font-bold underline-offset-[0.12em] [text-decoration:var(--person-link-text-decoration)] [text-decoration-color:var(--person-link-text-decoration-color)]!\" href=\"https:\/\/www.is.fi\/haku\/?query=Taina%20Susiluoto\" rel=\"nofollow noopener\" target=\"_blank\">Taina Susiluoto<\/a> n\u00e4kee.<\/p>\n<p class=\"article-body mb-(--paragraph-margin-b) px-nof-16\">Sen sijaan esimerkiksi Suomen Yritt\u00e4j\u00e4t, Keskuskauppakamari ja Kemianteollisuus nostivat kommenteissaan esiin l\u00e4hinn\u00e4 positiivisina n\u00e4kemi\u00e4\u00e4n asioita.<\/p>\n<p class=\"article-body mb-(--paragraph-margin-b) px-nof-16\">J\u00e4rjest\u00f6t kommentoivat budjettia aika lailla sen mukaan, miten budjetin p\u00e4\u00e4t\u00f6kset osuvat niiden toimialaan.<\/p>\n<p class=\"article-body mb-(--paragraph-margin-b) px-nof-16\">Esimerkiksi indeksijarru v\u00e4hent\u00e4\u00e4 kuntien valtionosuutta ensi vuonna 91 miljoonaa euroa, mik\u00e4 ei miellyt\u00e4 Kuntaliittoa.<\/p>\n<p class=\"article-body mb-(--paragraph-margin-b) px-nof-16\">\u2013 Korkea ty\u00f6tt\u00f6myys sy\u00f6 kuntien ja siten kuntalaisten voimavaroja, kehysriihess\u00e4 p\u00e4\u00e4tetty kuntien valtionosuuksien lis\u00e4leikkaus etenee, eik\u00e4 valtio tunnu ymm\u00e4rt\u00e4v\u00e4n kuntien kasvavia investointitarpeita, Kuntaliiton varatoimitusjohtaja <a class=\"font-bold underline-offset-[0.12em] [text-decoration:var(--person-link-text-decoration)] [text-decoration-color:var(--person-link-text-decoration-color)]!\" href=\"https:\/\/www.is.fi\/haku\/?query=Timo%20Reina\" rel=\"nofollow noopener\" target=\"_blank\">Timo Reina<\/a> kommentoi budjettia.<\/p>\n<p class=\"article-body mb-(--paragraph-margin-b) px-nof-16\">Hyvinvointiala Hali oli puolestaan pettynyt siihen, ett\u00e4 hallitus leikkaa t\u00e4ll\u00e4 vaalikaudella j\u00e4rjest\u00f6ilt\u00e4 190 miljoonaa euroa.<\/p>\n<p class=\"article-body mb-(--paragraph-margin-b) px-nof-16\">\u2013 Olemme hyvin pahoillamme, ett\u00e4 hallitus ei n\u00e4hnyt tarpeelliseksi kohtuullistaa valtavaa leikkauspottia, joka osuu yleishy\u00f6dyllisten sote-j\u00e4rjest\u00f6jen toimintaan. N\u00e4iden hallitsemattomien leikkausten yhteydess\u00e4 ei voida puhua s\u00e4\u00e4st\u00f6ist\u00e4, sill\u00e4 j\u00e4rjest\u00f6jen ty\u00f6n romahduksella on suora vaikutus muun muassa kohtaavaan ty\u00f6h\u00f6n, vapaaehtoistoimintaan sek\u00e4 hyvinvointialueiden palveluihin\u201d, Halin toimitusjohtaja <a class=\"font-bold underline-offset-[0.12em] [text-decoration:var(--person-link-text-decoration)] [text-decoration-color:var(--person-link-text-decoration-color)]!\" href=\"https:\/\/www.is.fi\/haku\/?query=Sanna%20Aunesluoma\" rel=\"nofollow noopener\" target=\"_blank\">Sanna Aunesluoma<\/a> toteaa.<\/p>\n","protected":false},"excerpt":{"rendered":"Hallitus sai kiitosta ja tukkap\u00f6lly\u00e4 viimeisest\u00e4 budjetistaan. 1.9. 22:46 Lue tiivistelm\u00e4 P\u00e4\u00e4ministeri Petteri Orpon hallitus sai valmiiksi viimeisen&hellip;\n","protected":false},"author":2,"featured_media":339129,"comment_status":"","ping_status":"","sticky":false,"template":"","format":"standard","meta":{"footnotes":"","_share_on_mastodon":"0"},"categories":[12],"tags":[22,23,26,27,33,31,30,17,34,24,25,28,29,15,18,21,32,19,20,16],"class_list":["post-339128","post","type-post","status-publish","format-standard","has-post-thumbnail","category-suomi","tag-breaking-news","tag-breakingnews","tag-featured-news","tag-featurednews","tag-fi","tag-finland","tag-finnish","tag-headlines","tag-ilta-sanomat","tag-latest-news","tag-latestnews","tag-main-news","tag-mainnews","tag-news","tag-otsikot","tag-paauutiset","tag-suomi","tag-top-stories","tag-topstories","tag-uutiset"],"share_on_mastodon":{"url":"https:\/\/pubeurope.com\/@fi\/117198198750340401","error":""},"_links":{"self":[{"href":"https:\/\/www.europesays.com\/fi\/wp-json\/wp\/v2\/posts\/339128","targetHints":{"allow":["GET"]}}],"collection":[{"href":"https:\/\/www.europesays.com\/fi\/wp-json\/wp\/v2\/posts"}],"about":[{"href":"https:\/\/www.europesays.com\/fi\/wp-json\/wp\/v2\/types\/post"}],"author":[{"embeddable":true,"href":"https:\/\/www.europesays.com\/fi\/wp-json\/wp\/v2\/users\/2"}],"replies":[{"embeddable":true,"href":"https:\/\/www.europesays.com\/fi\/wp-json\/wp\/v2\/comments?post=339128"}],"version-history":[{"count":0,"href":"https:\/\/www.europesays.com\/fi\/wp-json\/wp\/v2\/posts\/339128\/revisions"}],"wp:featuredmedia":[{"embeddable":true,"href":"https:\/\/www.europesays.com\/fi\/wp-json\/wp\/v2\/media\/339129"}],"wp:attachment":[{"href":"https:\/\/www.europesays.com\/fi\/wp-json\/wp\/v2\/media?parent=339128"}],"wp:term":[{"taxonomy":"category","embeddable":true,"href":"https:\/\/www.europesays.com\/fi\/wp-json\/wp\/v2\/categories?post=339128"},{"taxonomy":"post_tag","embeddable":true,"href":"https:\/\/www.europesays.com\/fi\/wp-json\/wp\/v2\/tags?post=339128"}],"curies":[{"name":"wp","href":"https:\/\/api.w.org\/{rel}","templated":true}]}}