{"id":339130,"date":"2026-09-01T22:42:14","date_gmt":"2026-09-01T22:42:14","guid":{"rendered":"https:\/\/www.europesays.com\/fi\/339130\/"},"modified":"2026-09-01T22:42:14","modified_gmt":"2026-09-01T22:42:14","slug":"yle-kaskisten-kaupunginjohtaja-markku-lumiolle-huomautus-kaupunginhallitukselta-syytettiin-epaasiallisesta-kaytoksesta-uutissuomalainen","status":"publish","type":"post","link":"https:\/\/www.europesays.com\/fi\/339130\/","title":{"rendered":"Yle: Kaskisten kaupunginjohtaja Markku Lumiolle huomautus kaupunginhallitukselta \u2013 syytettiin ep\u00e4asiallisesta k\u00e4yt\u00f6ksest\u00e4 | Uutissuomalainen"},"content":{"rendered":"<p>Kaskisten kaupunginhallitus on antanut kaupunginjohtaja <strong>Markku Lumiolle<\/strong> huomautuksen ep\u00e4asiallisesta k\u00e4yt\u00f6ksest\u00e4, uutisoi <a href=\"https:\/\/yle.fi\/a\/74-20243925?origin=rss\" rel=\"nofollow noopener\" target=\"_blank\">Yle<\/a>.<\/p>\n<p>Kolme naista on kertonut kokeneensa Lumion k\u00e4yt\u00f6ksen ep\u00e4asialliseksi. H\u00e4n on kiist\u00e4nyt syyt\u00f6kset.<\/p>\n<p>Kaupunginhallitus antoi huomautuksen p\u00e4\u00e4t\u00f6sesityksen mukaisesti.<\/p>\n<p>Kokouksessa <strong>Juhani Holm<\/strong> (sd.) teki vastaehdotuksen, jonka mukaan hallitus esitt\u00e4isi kaupunginvaltuustolle tilap\u00e4isen valiokunnan perustamista asiaa selvitt\u00e4m\u00e4\u00e4n. Esitys kaatui \u00e4\u00e4nestyksess\u00e4 \u00e4\u00e4nin 4\u20133.<\/p>\n<p><strong class=\"diks-storyline__impact\">Kaupunginhallituksen puheenjohtajan<\/strong> <strong>Jan-Anders Lundeniuksen<\/strong> (r.) mukaan jatkossa tilannetta seurataan. Ty\u00f6psykologi on kokemuksistaan kertoneiden naisten ja ty\u00f6yhteis\u00f6n k\u00e4ytett\u00e4viss\u00e4.<\/p>\n<p>Lumio sanoo Ylelle ottavansa kaupunginhallituksen p\u00e4\u00e4t\u00f6ksen tyytyv\u00e4isen\u00e4 ja n\u00f6yr\u00e4n\u00e4 vastaan.<\/p>\n<p>\u2013 Toivon, ett\u00e4 ty\u00f6rauha palaa ja omalta osaltani teen kaikkeni sen eteen.<\/p>\n<p>H\u00e4n sanoo toivovansa, ett\u00e4 ty\u00f6yhteis\u00f6 pystyy jatkamaan tilanteesta eteenp\u00e4in.<\/p>\n<p><strong class=\"diks-storyline__impact\">Lumio irtisanoutui <\/strong>vuonna 2022 Kauhavalta kaupunginjohtajan teht\u00e4v\u00e4st\u00e4 vastaavien ep\u00e4ilyjen takia. H\u00e4net valittiin samana vuonna Kaskisten kaupunginjohtajaksi.<\/p>\n<p>T\u00e4t\u00e4 ennen Lumio erosi Vaasan kaupunginjohtajan ty\u00f6st\u00e4 luottamuspulan vuoksi. H\u00e4n on vaikuttanut my\u00f6s Jyv\u00e4skyl\u00e4n politiikassa 90-luvulla. Lumio sai toukokuussa kaupunkineuvoksen arvonimen.<\/p>\n<p>\t\t\t\t\t<img class=\"diks-card__image\" src=\"https:\/\/www.europesays.com\/fi\/wp-content\/uploads\/2026\/09\/11644213_.jpg\"   loading=\"lazy\" decoding=\"sync\" alt=\"\"\/><\/p>\n","protected":false},"excerpt":{"rendered":"Kaskisten kaupunginhallitus on antanut kaupunginjohtaja Markku Lumiolle huomautuksen ep\u00e4asiallisesta k\u00e4yt\u00f6ksest\u00e4, uutisoi Yle. Kolme naista on kertonut kokeneensa Lumion&hellip;\n","protected":false},"author":2,"featured_media":339131,"comment_status":"","ping_status":"","sticky":false,"template":"","format":"standard","meta":{"footnotes":"","_share_on_mastodon":"0"},"categories":[5],"tags":[22,23,26,27,33,31,30,17,425,9865,1672,24,25,28,29,15,18,21,637,886,32,19,20,860,16,35883],"class_list":["post-339130","post","type-post","status-publish","format-standard","has-post-thumbnail","category-otsikot","tag-breaking-news","tag-breakingnews","tag-featured-news","tag-featurednews","tag-fi","tag-finland","tag-finnish","tag-headlines","tag-jyvaskyla","tag-kaskinen","tag-kauhava","tag-latest-news","tag-latestnews","tag-main-news","tag-mainnews","tag-news","tag-otsikot","tag-paauutiset","tag-politiikka","tag-puolueet","tag-suomi","tag-top-stories","tag-topstories","tag-tyoelama","tag-uutiset","tag-vaasan-kaupunki"],"share_on_mastodon":{"url":"https:\/\/pubeurope.com\/@fi\/117198202592320650","error":""},"_links":{"self":[{"href":"https:\/\/www.europesays.com\/fi\/wp-json\/wp\/v2\/posts\/339130","targetHints":{"allow":["GET"]}}],"collection":[{"href":"https:\/\/www.europesays.com\/fi\/wp-json\/wp\/v2\/posts"}],"about":[{"href":"https:\/\/www.europesays.com\/fi\/wp-json\/wp\/v2\/types\/post"}],"author":[{"embeddable":true,"href":"https:\/\/www.europesays.com\/fi\/wp-json\/wp\/v2\/users\/2"}],"replies":[{"embeddable":true,"href":"https:\/\/www.europesays.com\/fi\/wp-json\/wp\/v2\/comments?post=339130"}],"version-history":[{"count":0,"href":"https:\/\/www.europesays.com\/fi\/wp-json\/wp\/v2\/posts\/339130\/revisions"}],"wp:featuredmedia":[{"embeddable":true,"href":"https:\/\/www.europesays.com\/fi\/wp-json\/wp\/v2\/media\/339131"}],"wp:attachment":[{"href":"https:\/\/www.europesays.com\/fi\/wp-json\/wp\/v2\/media?parent=339130"}],"wp:term":[{"taxonomy":"category","embeddable":true,"href":"https:\/\/www.europesays.com\/fi\/wp-json\/wp\/v2\/categories?post=339130"},{"taxonomy":"post_tag","embeddable":true,"href":"https:\/\/www.europesays.com\/fi\/wp-json\/wp\/v2\/tags?post=339130"}],"curies":[{"name":"wp","href":"https:\/\/api.w.org\/{rel}","templated":true}]}}