{"id":339140,"date":"2026-09-01T23:07:12","date_gmt":"2026-09-01T23:07:12","guid":{"rendered":"https:\/\/www.europesays.com\/fi\/339140\/"},"modified":"2026-09-01T23:07:12","modified_gmt":"2026-09-01T23:07:12","slug":"iaea-syyria-rakensi-ydinreaktoria-al-assadin-alaisuudessa-uutisia-lyhyesti","status":"publish","type":"post","link":"https:\/\/www.europesays.com\/fi\/339140\/","title":{"rendered":"IAEA: Syyria rakensi ydinreaktoria al-Assadin alaisuudessa | Uutisia lyhyesti"},"content":{"rendered":"<p class=\"aw__sc-1qwuw0s-0 aw__sc-1vg2sqm-0 epAWpq ecELkD yle__article__paragraph\">Kansainv\u00e4linen atomienergiaj\u00e4rjest\u00f6 IAEA kertoi viime kuussa, ett\u00e4 j\u00e4rjest\u00f6n tarkkailijat olivat l\u00f6yt\u00e4neet Syyriasta useita tonneja ydinmateriaalia.<\/p>\n<p><img decoding=\"async\" alt=\"Kaksi miest\u00e4 seisoo mikrofonien edess\u00e4 puhujap\u00f6nt\u00f6n takana.\" src=\"https:\/\/www.europesays.com\/fi\/wp-content\/uploads\/2026\/09\/1788292837.jpeg\" class=\"aw__sc-dklauk-0 LPzKX\"\/><\/p>\n<p>Avaa kuvien katselu<\/p>\n<p>IAEA:n johtaja Rafael Grossi (vasemmalla) ja Syyrian ulkoministeri Asaad Al-Shaibani lehdist\u00f6tilaisuudessa p\u00e4\u00e4kaupunki Damaskoksessa 18. elokuuta. Kuva: Mohamed al Rifai \/ EPA<\/p>\n<p class=\"aw__sc-1qwuw0s-0 aw__sc-ngllmo-0 epAWpq fzYpjk yle__article__paragraph\">YK:n alaisen Kansainv\u00e4linen atomienergiaj\u00e4rjest\u00f6n IAEA:n tuoreen raportin mukaan Syyria rakensi ydinreaktoria Dair al-Zaurin kaupunkiin entisen presidentin <strong class=\"aw__sc-ngllmo-2 gdRrun yle__article__strong\">Ba\u0161ar al-Assadin<\/strong> kaudella.<\/p>\n<p class=\"aw__sc-1qwuw0s-0 aw__sc-ngllmo-0 epAWpq fzYpjk yle__article__paragraph\">Raportin mukaan IAEA:n tarkkailijat vierailivat elokuussa Syyriassa ja todensivat pitk\u00e4\u00e4n ep\u00e4illyn ydinlaitosalueen.<\/p>\n<p class=\"aw__sc-1qwuw0s-0 aw__sc-ngllmo-0 epAWpq fzYpjk yle__article__paragraph\">J\u00e4rjest\u00f6n mukaan Syyrian entisen hallinnon viranomaiset eiv\u00e4t olleet raportoineet sopimusten mukaisesti ydinmateriaalista, laitoksesta ja toiminnoista.<\/p>\n<p class=\"aw__sc-1qwuw0s-0 aw__sc-ngllmo-0 epAWpq fzYpjk yle__article__paragraph\">IAEA:n johtaja <strong class=\"aw__sc-ngllmo-2 gdRrun yle__article__strong\">Rafael Grossi<\/strong> kertoi viime kuussa, ett\u00e4 j\u00e4rjest\u00f6n tarkkailijat olivat l\u00f6yt\u00e4neet Syyriasta useita tonneja ydinmateriaalia. Tuoreessa raportissa Grossi kiitteli Syyriaa l\u00e4pin\u00e4kyvyydest\u00e4 ja yhteisty\u00f6st\u00e4.<\/p>\n<p>Pohjois-Korea auttoi rakentamisessa<\/p>\n<p class=\"aw__sc-1qwuw0s-0 aw__sc-ngllmo-0 epAWpq fzYpjk yle__article__paragraph\">Al-Assadin kaudella Syyrian ep\u00e4iltiin yll\u00e4pit\u00e4v\u00e4n laajaa salaista ydinohjelmaa, johon kuului muun muassa Pohjois-Korean rakentama ydinreaktori maan it\u00e4osassa sijaitsevaan Dair al-Zaurin maakuntaan.<\/p>\n<p class=\"aw__sc-1qwuw0s-0 aw__sc-ngllmo-0 epAWpq fzYpjk yle__article__paragraph\">Al-Assadin syrj\u00e4ytt\u00e4misen j\u00e4lkeen Syyrian uusi hallinto my\u00f6nsi IAEA:n tarkkailijoille p\u00e4\u00e4syn ep\u00e4iltyihin ydinkohteisiin.<\/p>\n<p class=\"aw__sc-1qwuw0s-0 aw__sc-ngllmo-0 epAWpq fzYpjk yle__article__paragraph\">Dair al-Zaurin ydinlaitos nousi julkiseen tietoon sen j\u00e4lkeen, kun Israel tuhosi laitoksen ilmaiskuissa vuonna 2007.<\/p>\n<p class=\"aw__sc-1qwuw0s-0 aw__sc-ngllmo-0 epAWpq fzYpjk yle__article__paragraph\">IAEA julisti jo vuonna 2011, ett\u00e4 Dair al-Zaurin laitos oli todenn\u00e4k\u00f6isesti ydinreaktori. J\u00e4rjest\u00f6n kertoi tuolloin, ett\u00e4 Pohjois-Korean uskottiin auttavan laitoksen rakentamisessa.<\/p>\n<p class=\"aw__sc-1qwuw0s-0 aw__sc-ngllmo-0 epAWpq fzYpjk yle__article__paragraph\">Syyrian uusi hallinto on osoittanut kiinnostustaan siviiliydinohjelman k\u00e4ynnist\u00e4miseen.<\/p>\n<p class=\"aw__sc-1qwuw0s-0 aw__sc-ngllmo-0 epAWpq fzYpjk yle__article__paragraph\">L\u00e4hteet: AFP, AP<\/p>\n","protected":false},"excerpt":{"rendered":"Kansainv\u00e4linen atomienergiaj\u00e4rjest\u00f6 IAEA kertoi viime kuussa, ett\u00e4 j\u00e4rjest\u00f6n tarkkailijat olivat l\u00f6yt\u00e4neet Syyriasta useita tonneja ydinmateriaalia. Avaa kuvien katselu&hellip;\n","protected":false},"author":2,"featured_media":339141,"comment_status":"","ping_status":"","sticky":false,"template":"","format":"standard","meta":{"footnotes":"","_share_on_mastodon":"0"},"categories":[14],"tags":[11510,22,23,2038,26,27,33,31,30,17,6880,24,25,28,29,15,18,21,32,4246,19,20,56,16,59,60,61,4007],"class_list":["post-339140","post","type-post","status-publish","format-standard","has-post-thumbnail","category-ulkomaat","tag-basar-al-assad","tag-breaking-news","tag-breakingnews","tag-energia","tag-featured-news","tag-featurednews","tag-fi","tag-finland","tag-finnish","tag-headlines","tag-iaea","tag-latest-news","tag-latestnews","tag-main-news","tag-mainnews","tag-news","tag-otsikot","tag-paauutiset","tag-suomi","tag-syyria","tag-top-stories","tag-topstories","tag-ulkomaat","tag-uutiset","tag-world","tag-world-news","tag-worldnews","tag-ydinenergia"],"share_on_mastodon":{"url":"https:\/\/pubeurope.com\/@fi\/117198300864025413","error":""},"_links":{"self":[{"href":"https:\/\/www.europesays.com\/fi\/wp-json\/wp\/v2\/posts\/339140","targetHints":{"allow":["GET"]}}],"collection":[{"href":"https:\/\/www.europesays.com\/fi\/wp-json\/wp\/v2\/posts"}],"about":[{"href":"https:\/\/www.europesays.com\/fi\/wp-json\/wp\/v2\/types\/post"}],"author":[{"embeddable":true,"href":"https:\/\/www.europesays.com\/fi\/wp-json\/wp\/v2\/users\/2"}],"replies":[{"embeddable":true,"href":"https:\/\/www.europesays.com\/fi\/wp-json\/wp\/v2\/comments?post=339140"}],"version-history":[{"count":0,"href":"https:\/\/www.europesays.com\/fi\/wp-json\/wp\/v2\/posts\/339140\/revisions"}],"wp:featuredmedia":[{"embeddable":true,"href":"https:\/\/www.europesays.com\/fi\/wp-json\/wp\/v2\/media\/339141"}],"wp:attachment":[{"href":"https:\/\/www.europesays.com\/fi\/wp-json\/wp\/v2\/media?parent=339140"}],"wp:term":[{"taxonomy":"category","embeddable":true,"href":"https:\/\/www.europesays.com\/fi\/wp-json\/wp\/v2\/categories?post=339140"},{"taxonomy":"post_tag","embeddable":true,"href":"https:\/\/www.europesays.com\/fi\/wp-json\/wp\/v2\/tags?post=339140"}],"curies":[{"name":"wp","href":"https:\/\/api.w.org\/{rel}","templated":true}]}}