{"id":339142,"date":"2026-09-01T23:08:13","date_gmt":"2026-09-01T23:08:13","guid":{"rendered":"https:\/\/www.europesays.com\/fi\/339142\/"},"modified":"2026-09-01T23:08:13","modified_gmt":"2026-09-01T23:08:13","slug":"pieni-joukko-suomalaisia-saa-pian-postissa-kutsun-tasta-on-kyse","status":"publish","type":"post","link":"https:\/\/www.europesays.com\/fi\/339142\/","title":{"rendered":"Pieni joukko suomalaisia saa pian postissa kutsun: T\u00e4st\u00e4 on kyse"},"content":{"rendered":"<p>Kutsun saaneilla kansalaisilla on mahdollisuus osallistua kansalaiskokoukseen, jossa ker\u00e4t\u00e4\u00e4n kannanottoja ty\u00f6per\u00e4iseen maahanmuuttoon.<\/p>\n<p><img decoding=\"async\" class=\"image image-show image-preview\" src=\"https:\/\/www.europesays.com\/fi\/wp-content\/uploads\/2026\/09\/017d2aac5487430cff618a50de4fff023fc79cc9afb3b47b905e4f3b7fc9e52f.jpg\" alt=\"\"\/><img decoding=\"async\" class=\"image image-show\" src=\"https:\/\/www.europesays.com\/fi\/wp-content\/uploads\/2026\/09\/1788304093_178_017d2aac5487430cff618a50de4fff023fc79cc9afb3b47b905e4f3b7fc9e52f.jpg\" alt=\"\"\/><\/p>\n<p>Turun yliopistolta voi tulla kirje juuri sinulle. Annastiina Airaksinen<\/p>\n<p class=\"paragraph\">Turun yliopisto tekee Suomen t\u00e4h\u00e4n asti suurimman, suosituksia tuottavan kansalaiskokouksen. Sit\u00e4 varten 20\u202f000 sattumanvaraisesti valittua t\u00e4ysi-ik\u00e4ist\u00e4 suomalaista saa postissa pian kutsun kansalaiskokoukseen ja sit\u00e4 koskevaan tutkimukseen.<\/p>\n<p class=\"paragraph\">Kokous ja tutkimus liittyv\u00e4t Suomen itsen\u00e4isyyden juhlarahasto Sitran ja ty\u00f6- ja elinkeinoministeri\u00f6n hankkeeseen, jossa kartoitetaan laajasti suomalaisten n\u00e4kemyksi\u00e4 ty\u00f6per\u00e4isest\u00e4 maahanmuutosta p\u00e4\u00e4tt\u00e4jien k\u00e4ytt\u00f6\u00f6n.<\/p>\n<p class=\"paragraph\">Kutsun saaneiden ilmoittautuneiden joukosta Turun yliopiston tutkijat valitsevat kansalaiskokoukseen sata osallistujaa kiinti\u00f6im\u00e4ll\u00e4 siten, ett\u00e4 kokoonpano edustaa monipuolisesti Suomessa asuvaa v\u00e4est\u00f6\u00e4 esimerkiksi i\u00e4n, sukupuolen, \u00e4idinkielen ja asuinpaikan mukaan.<\/p>\n<p class=\"paragraph\">Kansalaiskokous tapahtuu marras\u2013helmikuussa 2026\u20132027 kahtena viikonloppuna Helsingiss\u00e4 ja nelj\u00e4n\u00e4 arki-iltana verkossa. Osallistujat laativat yhdess\u00e4 keskustelemalla konkreettisia suosituksia sis\u00e4lt\u00e4v\u00e4n kannanoton.<\/p>\n<p class=\"paragraph\">\u2013 Keskustelussa noudatettavia puntaroivan demokratian periaatteita ovat muun muassa avoimuus, yhdenvertaisuus ja eri\u00e4vien n\u00e4kemysten kunnioittaminen. Lukuisat tutkimukset ovat osoittaneet, ett\u00e4 puntaroivassa keskustelussa ristiriitaisiakin aiheita voidaan k\u00e4sitell\u00e4 rakentavasti, Turun yliopiston erikoistutkija <strong>Maija J\u00e4ske<\/strong> kertoo tiedotteessa.<\/p>\n<p class=\"paragraph\">Kansalaiskokouksen suositukset luovutetaan p\u00e4\u00e4tt\u00e4jille, puolueille ja ty\u00f6- ja elinkeinoministeri\u00f6lle kev\u00e4\u00e4ll\u00e4 2027 eduskuntavaalien alla.<\/p>\n<p class=\"paragraph\">Turun yliopisto arvioi hankkeen vaikutuksia p\u00e4\u00e4t\u00f6ksentekoon ja selvitt\u00e4\u00e4, miten kansalaiset, p\u00e4\u00e4tt\u00e4j\u00e4t ja asiantuntijat suhtautuvat t\u00e4m\u00e4ntyyppiseen kansalaisosallistumiseen ja sen tuottamiin kannanottoihin.<\/p>\n<p class=\"paragraph\">\u200b<\/p>\n","protected":false},"excerpt":{"rendered":"Kutsun saaneilla kansalaisilla on mahdollisuus osallistua kansalaiskokoukseen, jossa ker\u00e4t\u00e4\u00e4n kannanottoja ty\u00f6per\u00e4iseen maahanmuuttoon. Turun yliopistolta voi tulla kirje juuri&hellip;\n","protected":false},"author":2,"featured_media":339143,"comment_status":"","ping_status":"","sticky":false,"template":"","format":"standard","meta":{"footnotes":"","_share_on_mastodon":"0"},"categories":[12],"tags":[35,22,23,26,27,33,31,30,17,603,607,615,96,24,25,28,29,15,18,21,637,32,19,20,16],"class_list":["post-339142","post","type-post","status-publish","format-standard","has-post-thumbnail","category-suomi","tag-24h","tag-breaking-news","tag-breakingnews","tag-featured-news","tag-featurednews","tag-fi","tag-finland","tag-finnish","tag-headlines","tag-korkeakoulu","tag-korkeakoulutus","tag-koulut","tag-koulutus","tag-latest-news","tag-latestnews","tag-main-news","tag-mainnews","tag-news","tag-otsikot","tag-paauutiset","tag-politiikka","tag-suomi","tag-top-stories","tag-topstories","tag-uutiset"],"share_on_mastodon":{"url":"https:\/\/pubeurope.com\/@fi\/117198304981539395","error":""},"_links":{"self":[{"href":"https:\/\/www.europesays.com\/fi\/wp-json\/wp\/v2\/posts\/339142","targetHints":{"allow":["GET"]}}],"collection":[{"href":"https:\/\/www.europesays.com\/fi\/wp-json\/wp\/v2\/posts"}],"about":[{"href":"https:\/\/www.europesays.com\/fi\/wp-json\/wp\/v2\/types\/post"}],"author":[{"embeddable":true,"href":"https:\/\/www.europesays.com\/fi\/wp-json\/wp\/v2\/users\/2"}],"replies":[{"embeddable":true,"href":"https:\/\/www.europesays.com\/fi\/wp-json\/wp\/v2\/comments?post=339142"}],"version-history":[{"count":0,"href":"https:\/\/www.europesays.com\/fi\/wp-json\/wp\/v2\/posts\/339142\/revisions"}],"wp:featuredmedia":[{"embeddable":true,"href":"https:\/\/www.europesays.com\/fi\/wp-json\/wp\/v2\/media\/339143"}],"wp:attachment":[{"href":"https:\/\/www.europesays.com\/fi\/wp-json\/wp\/v2\/media?parent=339142"}],"wp:term":[{"taxonomy":"category","embeddable":true,"href":"https:\/\/www.europesays.com\/fi\/wp-json\/wp\/v2\/categories?post=339142"},{"taxonomy":"post_tag","embeddable":true,"href":"https:\/\/www.europesays.com\/fi\/wp-json\/wp\/v2\/tags?post=339142"}],"curies":[{"name":"wp","href":"https:\/\/api.w.org\/{rel}","templated":true}]}}