{"id":339144,"date":"2026-09-01T23:09:10","date_gmt":"2026-09-01T23:09:10","guid":{"rendered":"https:\/\/www.europesays.com\/fi\/339144\/"},"modified":"2026-09-01T23:09:10","modified_gmt":"2026-09-01T23:09:10","slug":"epaily-kihlapari-tappoi-60-vuotiaan-miehen-joensuussa","status":"publish","type":"post","link":"https:\/\/www.europesays.com\/fi\/339144\/","title":{"rendered":"Ep\u00e4ily: Kihlapari tappoi 60-vuotiaan miehen Joensuussa"},"content":{"rendered":"<p>48-vuotiasta naista ja 38-vuotiasta miest\u00e4 ep\u00e4ill\u00e4\u00e4n taposta.<\/p>\n<p><img decoding=\"async\" class=\"image image-show image-preview\" src=\"https:\/\/www.europesays.com\/fi\/wp-content\/uploads\/2026\/09\/a1bd04eea17b9f96d33cd68b2c572ce2e5c4e19bf11413aba283cad5a7d1707f.jpg\" alt=\"\"\/><img decoding=\"async\" class=\"image image-show\" src=\"https:\/\/www.europesays.com\/fi\/wp-content\/uploads\/2026\/09\/1788304150_25_a1bd04eea17b9f96d33cd68b2c572ce2e5c4e19bf11413aba283cad5a7d1707f.jpg\" alt=\"\"\/><\/p>\n<p>Molemmat ep\u00e4illyt on vangittu. Eevi Karvinen<\/p>\n<p class=\"paragraph\">Kihlaparia ep\u00e4ill\u00e4\u00e4n 60-vuotiaan miehen taposta. Ep\u00e4ilty veriteko tapahtui Joensuun Rantakyl\u00e4ss\u00e4 19. elokuuta.<\/p>\n<p class=\"paragraph\">Poliisi sai kello 13 ilmoituksen yksityisasunnossa tehdyst\u00e4 v\u00e4kivallanteosta. Paikalle menneet viranomaiset yrittiv\u00e4t elvytt\u00e4\u00e4 60-vuotiasta uhria asunnossa, mutta mies kuoli matkalla sairaalaan.<\/p>\n<p class=\"paragraph\">Poliisi kertoi ottaneensa asunnosta kiinni 48-vuotiaan naisen ja 38-vuotiaan miehen. Tutkinnanjohtaja vaati aluksi vain miest\u00e4 vangittavaksi taposta ep\u00e4iltyn\u00e4. Poliisi ei suostunut kommentoimaan naisen roolia rikosep\u00e4ilyss\u00e4.<\/p>\n<p class=\"paragraph\">Kuitenkin vain kaksi p\u00e4iv\u00e4\u00e4 my\u00f6hemmin my\u00f6s naista vaadittiin vangittavaksi.<\/p>\n<p class=\"paragraph\">Uutinen tapahtumista levisi paikallisten keskuudessa nopeasti. 60-vuotiaan uhrin naapuri <strong>Tero<\/strong> kertoo, ett\u00e4 asuinalue Rantakyl\u00e4n kupeessa on paikoin rauhaton. My\u00f6s uhri itse aiheutti v\u00e4lill\u00e4 h\u00e4iri\u00f6t\u00e4 kovalla alkoholink\u00e4yt\u00f6ll\u00e4.<\/p>\n<p class=\"paragraph\">\u2013 Selvinp\u00e4in h\u00e4n oli hirve\u00e4n leppoisa ja jutteli mukavia, Tero tuumaa.<\/p>\n<p class=\"paragraph\">Etel\u00e4-Karjalan k\u00e4r\u00e4j\u00e4oikeus vangitsi molemmat todenn\u00e4k\u00f6isin syin taposta ep\u00e4iltyn\u00e4. Syytteet on nostettava viimeist\u00e4\u00e4n tammikuun lopulla.<\/p>\n<p class=\"paragraph\">Iltalehden tietojen mukaan vangitut ovat parisuhteessa. Naisen osoitetiedot viev\u00e4t Rantakyl\u00e4n alueella. Mies on salannut osoitetietonsa.<\/p>\n<p class=\"paragraph\">Pariskunta meni kihloihin muutama vuosi sitten. Molemmilla on sosiaalisessa mediassa paljon kuvia kissoista.<\/p>\n","protected":false},"excerpt":{"rendered":"48-vuotiasta naista ja 38-vuotiasta miest\u00e4 ep\u00e4ill\u00e4\u00e4n taposta. Molemmat ep\u00e4illyt on vangittu. Eevi Karvinen Kihlaparia ep\u00e4ill\u00e4\u00e4n 60-vuotiaan miehen taposta.&hellip;\n","protected":false},"author":2,"featured_media":339145,"comment_status":"","ping_status":"","sticky":false,"template":"","format":"standard","meta":{"footnotes":"","_share_on_mastodon":"0"},"categories":[5],"tags":[35,22,23,26,27,33,31,30,17,55,53,24,25,28,29,15,18,21,54,52,38,32,19,20,16],"class_list":["post-339144","post","type-post","status-publish","format-standard","has-post-thumbnail","category-otsikot","tag-24h","tag-breaking-news","tag-breakingnews","tag-featured-news","tag-featurednews","tag-fi","tag-finland","tag-finnish","tag-headlines","tag-lainvalvonta","tag-laki-oikeus-ja-rikos","tag-latest-news","tag-latestnews","tag-main-news","tag-mainnews","tag-news","tag-otsikot","tag-paauutiset","tag-pelastuspalvelut","tag-poliisi","tag-rikos","tag-suomi","tag-top-stories","tag-topstories","tag-uutiset"],"share_on_mastodon":{"url":"https:\/\/pubeurope.com\/@fi\/117198308767268612","error":""},"_links":{"self":[{"href":"https:\/\/www.europesays.com\/fi\/wp-json\/wp\/v2\/posts\/339144","targetHints":{"allow":["GET"]}}],"collection":[{"href":"https:\/\/www.europesays.com\/fi\/wp-json\/wp\/v2\/posts"}],"about":[{"href":"https:\/\/www.europesays.com\/fi\/wp-json\/wp\/v2\/types\/post"}],"author":[{"embeddable":true,"href":"https:\/\/www.europesays.com\/fi\/wp-json\/wp\/v2\/users\/2"}],"replies":[{"embeddable":true,"href":"https:\/\/www.europesays.com\/fi\/wp-json\/wp\/v2\/comments?post=339144"}],"version-history":[{"count":0,"href":"https:\/\/www.europesays.com\/fi\/wp-json\/wp\/v2\/posts\/339144\/revisions"}],"wp:featuredmedia":[{"embeddable":true,"href":"https:\/\/www.europesays.com\/fi\/wp-json\/wp\/v2\/media\/339145"}],"wp:attachment":[{"href":"https:\/\/www.europesays.com\/fi\/wp-json\/wp\/v2\/media?parent=339144"}],"wp:term":[{"taxonomy":"category","embeddable":true,"href":"https:\/\/www.europesays.com\/fi\/wp-json\/wp\/v2\/categories?post=339144"},{"taxonomy":"post_tag","embeddable":true,"href":"https:\/\/www.europesays.com\/fi\/wp-json\/wp\/v2\/tags?post=339144"}],"curies":[{"name":"wp","href":"https:\/\/api.w.org\/{rel}","templated":true}]}}