{"id":339148,"date":"2026-09-01T23:29:19","date_gmt":"2026-09-01T23:29:19","guid":{"rendered":"https:\/\/www.europesays.com\/fi\/339148\/"},"modified":"2026-09-01T23:29:19","modified_gmt":"2026-09-01T23:29:19","slug":"suomi-oli-sata-vuotta-sitten-epavakaa-maa-ja-presidentti-kaapattiin-tuore-elokuva-aiheesta-kuvattiin-ulkomailla-pohjois-karjala","status":"publish","type":"post","link":"https:\/\/www.europesays.com\/fi\/339148\/","title":{"rendered":"Suomi oli sata vuotta sitten ep\u00e4vakaa maa ja presidentti kaapattiin \u2013 tuore elokuva aiheesta kuvattiin ulkomailla | Pohjois-Karjala"},"content":{"rendered":"<p class=\"aw__sc-1qwuw0s-0 aw__sc-1vg2sqm-0 epAWpq ecELkD yle__article__paragraph\">Suomen ensimm\u00e4inen presidentti St\u00e5hlberg joutui vuonna 1930 v\u00e4kivaltaisen operaation kohteeksi. Tuore kotimainen elokuva aiheesta on komedia ja kuvattu ulkomailla.<\/p>\n<p><img decoding=\"async\" alt=\"Totiset nainen ja mies auton kyydiss\u00e4.\" src=\"https:\/\/www.europesays.com\/fi\/wp-content\/uploads\/2026\/09\/1787742072.jpeg\" class=\"aw__sc-dklauk-0 LPzKX\"\/><\/p>\n<p>Avaa kuvien katselu<\/p>\n<p>Poliittisista syist\u00e4 kaapattua Kaarlo Juho St\u00e5hlbergia ja h\u00e4nen Ester-vaimoaan n\u00e4yttelev\u00e4t elokuvassa Pertti Sveholm ja Riitta Havukainen. Kuva: Stanislav Honzik \/ Tack Films<\/p>\n<ul class=\"aw__sc-1yb43iq-0 gFXHv yle__article__list yle__article__list--ul\">\n<li class=\"aw__sc-1yb43iq-1 gVAzbt\">Elokuva kertoo presidentti St\u00e5hlbergin kaappauksesta vuonna 1930. Oikeistoradikaalit kyyditsiv\u00e4t h\u00e4net Helsingist\u00e4 Joensuuhun.<\/li>\n<li class=\"aw__sc-1yb43iq-1 gVAzbt\">Elokuva kuvattiin T\u0161ekiss\u00e4, ei Suomessa. Nelj\u00e4n maan yhteistuotanto sai helpommin ker\u00e4tty\u00e4 tarpeeksi suuren rahoituksen.<\/li>\n<li class=\"aw__sc-1yb43iq-1 gVAzbt\">Draamakomedian ensi-ilta on syyskuussa. P\u00e4\u00e4roolin n\u00e4yttelij\u00e4 Jussi Vatanen n\u00e4kee nykyajassa yhtym\u00e4kohtia 1930-luvun \u00e4\u00e4riliikkeisiin.<\/li>\n<\/ul>\n<p class=\"aw__sc-1qwuw0s-0 aw__sc-ngllmo-0 epAWpq fzYpjk yle__article__paragraph\">Suomessa elettiin poliittisen kiihkoilun aikaa vuonna 1930, kun joukko oikeistoradikaaleja nuoria miehi\u00e4 kaappasi el\u00e4k\u00f6ityneen presidentti <strong class=\"aw__sc-ngllmo-2 gdRrun yle__article__strong\">Kaarlo Juho St\u00e5hlbergin<\/strong> Helsingiss\u00e4. Lapuan liikkeen innostamat aktivistit kyyditsiv\u00e4t presidentin ja h\u00e4nen puolisonsa maan halki it\u00e4rajalle, Joensuuhun.<\/p>\n<p class=\"aw__sc-1qwuw0s-0 aw__sc-ngllmo-0 epAWpq fzYpjk yle__article__paragraph\">Rikollisesta <a class=\"aw__sc-ngllmo-1 bTDnwX yle__article__link\" href=\"https:\/\/kotus.fi\/sana\/muiluttaa\/\" role=\"link\" rel=\"nofollow noopener\" target=\"_blank\">muilutuksesta<\/a> on nyt valmistunut elokuva, jonka kotimaan ensi-ilta on syyskuussa. Elokuvan markkinointikiertue vieraili etuk\u00e4teen Joensuussa.<\/p>\n<p class=\"aw__sc-1qwuw0s-0 aw__sc-ngllmo-0 epAWpq fzYpjk yle__article__paragraph\">Finnkinon mainoksessa kerrotaan \u201duskomattomasta matkasta halki levottoman Suomen\u201d. Kotimaan maisemia ei kuitenkaan elokuvassa n\u00e4y.<\/p>\n<p><img decoding=\"async\" alt=\"Ilmakuva ruskeatiilisest\u00e4 Joensuun kaupunginteatterista, jossa torni, taustalla kaupunkia, puisto ja kauppahalli.\" src=\"https:\/\/www.europesays.com\/fi\/wp-content\/uploads\/2026\/09\/1787564425.jpeg\" class=\"aw__sc-dklauk-0 LPzKX\"\/><\/p>\n<p>Avaa kuvien katselu<\/p>\n<p><img decoding=\"async\" alt=\"Vaalea punakattoinen puurakennus, pihalla nurmikkoa, puita ja istutuksia.\" src=\"https:\/\/www.europesays.com\/fi\/wp-content\/uploads\/2026\/09\/1787564416.jpeg\" class=\"aw__sc-dklauk-0 LPzKX\"\/><\/p>\n<p>Avaa kuvien katselu<\/p>\n<p><img decoding=\"async\" alt=\"Ilmakuvassa vaalea rakennus, jossa musta katto ja katolla liehuu lippu. Taustalla joki ja kaupunkia.\" src=\"https:\/\/www.europesays.com\/fi\/wp-content\/uploads\/2026\/09\/1787564433.jpeg\" class=\"aw__sc-dklauk-0 LPzKX\"\/><\/p>\n<p>Avaa kuvien katselu<\/p>\n<p>Yhteistuotanto sai helpommin rahoitusta<\/p>\n<p class=\"aw__sc-1qwuw0s-0 aw__sc-ngllmo-0 epAWpq fzYpjk yle__article__paragraph\">Elokuvassa on k\u00e4ytetty aitoja tapahtumapaikkoja vain kohtauksessa, jossa presidentti pakotetaan autoon Helsingin Kulosaaressa. Kaikki muut kuvaukset on tehty T\u0161ekiss\u00e4.<\/p>\n<p class=\"aw__sc-1qwuw0s-0 aw__sc-ngllmo-0 epAWpq fzYpjk yle__article__paragraph\">Joensuussa ei ole kuvattu mit\u00e4\u00e4n eik\u00e4 matkan varrella It\u00e4-Suomessa.<\/p>\n<p class=\"aw__sc-1qwuw0s-0 aw__sc-ngllmo-0 epAWpq fzYpjk yle__article__paragraph\">Elokuva on yhteistuotanto, jossa on mukana nelj\u00e4 maata: Suomi, T\u0161ekki, Viro ja Hollanti. Ohjaaja <strong class=\"aw__sc-ngllmo-2 gdRrun yle__article__strong\">Samuli Valkama<\/strong> puolustaa ratkaisua vied\u00e4 kuvaukset T\u0161ekkiin. Syyn\u00e4 oli etup\u00e4\u00e4ss\u00e4 raha.<\/p>\n<p>Joensuussa vieraillut ohjaaja Samuli Valkama toivoo, ett\u00e4 historiallinen aihe ja komediallinen k\u00e4sittelytapa vet\u00e4\u00e4 elokuvalle Suomessa yli 100 000 katsojaa. Video: Heikki Haapalainen \/ Yle<\/p>\n<p class=\"aw__sc-1qwuw0s-0 aw__sc-ngllmo-0 epAWpq fzYpjk yle__article__paragraph\">\u2013 Toiminnallisen epookkielokuvan tekeminen maksaa aika paljon. Meid\u00e4n piti saada ker\u00e4tty\u00e4 riitt\u00e4v\u00e4n iso budjetti, ja se oli mahdollista yhteistuottajamaiden avulla, Valkama perustelee.<\/p>\n<p class=\"aw__sc-1qwuw0s-0 aw__sc-ngllmo-0 epAWpq fzYpjk yle__article__paragraph\">Ohjaajan mukaan kuvauspaikaksi harkittiin my\u00f6s Joensuuta, mink\u00e4 vuoksi ty\u00f6ryhm\u00e4 tutki arkistokuvia kaupungista.<\/p>\n<p class=\"aw__sc-1qwuw0s-0 aw__sc-ngllmo-0 epAWpq fzYpjk yle__article__paragraph\">\u2013 Meid\u00e4n t\u00e4ytyi l\u00f6yt\u00e4\u00e4 kuvauspaikkoja, jotka muistuttavat 30-lukua. Hirve\u00e4n paljon ei ole j\u00e4ljell\u00e4 puutalovaltaista Joensuuta, Valkama huomauttaa.<\/p>\n<p class=\"aw__sc-1qwuw0s-0 aw__sc-ngllmo-0 epAWpq fzYpjk yle__article__paragraph\">H\u00e4n mainitsee vanhoina rakennuksina keskustassa vain kaupungintalon ja sen vastap\u00e4\u00e4t\u00e4 entisen lyseon, joka toimii nykyisin taidemuseona.<\/p>\n<p class=\"aw__sc-1qwuw0s-0 aw__sc-ngllmo-0 epAWpq fzYpjk yle__article__paragraph\">Ohjaajan mielest\u00e4 T\u0161ekist\u00e4 l\u00f6ytyneet kuvauspaikat muistuttavat aika paljon Suomea.<\/p>\n<p><img decoding=\"async\" alt=\"Ilmakuvassa Joensuun tori harmaana kes\u00e4p\u00e4iv\u00e4n\u00e4.\" src=\"https:\/\/www.europesays.com\/fi\/wp-content\/uploads\/2026\/09\/1787572283.jpeg\" loading=\"lazy\" class=\"aw__sc-dklauk-0 LPzKX\"\/><\/p>\n<p>Avaa kuvien katselu<\/p>\n<p>Joensuun tori on muuttunut niin paljon 1930-luvusta, ett\u00e4 sen lavastaminen \u00f6isiin kuvauksiin olisi tekij\u00f6iden mukaan ollut hankalaa.  Kuva: Heikki Haapalainen \/ YleTapahtuman j\u00e4rjett\u00f6myys ratkaisi tyylilajin<\/p>\n<p class=\"aw__sc-1qwuw0s-0 aw__sc-ngllmo-0 epAWpq fzYpjk yle__article__paragraph\">Elokuvaa mainostetaan draamakomediana, joka on tositapahtumien inspiroima.<\/p>\n<p class=\"aw__sc-1qwuw0s-0 aw__sc-ngllmo-0 epAWpq fzYpjk yle__article__paragraph\">Ohjaajan mielest\u00e4 kyyditys oli tapahtumana itsess\u00e4\u00e4n l\u00e4hes farssimainen. Koomista oli my\u00f6s esimerkiksi nuorten kyyditt\u00e4jien huono valmistautuminen pitk\u00e4\u00e4n automatkaan, kun ilman ev\u00e4it\u00e4 iski n\u00e4lk\u00e4.<\/p>\n<p class=\"aw__sc-1qwuw0s-0 aw__sc-ngllmo-0 epAWpq fzYpjk yle__article__paragraph\">\u2013 Vauhdikas, hauska ja tiivis, kaikki isot asiat tapahtuvat vain puolessatoista vuorokaudessa, Valkama kuvailee.<\/p>\n<p><img decoding=\"async\" alt=\"Kuva elokuvan kohtauksesta, jossa kaksi miest\u00e4 nostaa maljoja.\" src=\"https:\/\/www.europesays.com\/fi\/wp-content\/uploads\/2026\/09\/1787741774.jpeg\" class=\"aw__sc-dklauk-0 LPzKX\"\/><\/p>\n<p>Avaa kuvien katselu<\/p>\n<p><img decoding=\"async\" alt=\"Mies ja nainen siisteiss\u00e4 vaatteissa seisoo rautatieaseman laiturilla veturin vieress\u00e4.\" src=\"https:\/\/www.europesays.com\/fi\/wp-content\/uploads\/2026\/09\/1787742064.jpeg\" class=\"aw__sc-dklauk-0 LPzKX\"\/><\/p>\n<p>Avaa kuvien katselu<\/p>\n<p><img decoding=\"async\" alt=\"Kolme miest\u00e4 juttelee iloisina ulkona auton vieress\u00e4.\" src=\"https:\/\/www.europesays.com\/fi\/wp-content\/uploads\/2026\/09\/1787741767.jpeg\" class=\"aw__sc-dklauk-0 LPzKX\"\/><\/p>\n<p>Avaa kuvien katselu<\/p>\n<p><img decoding=\"async\" alt=\"Lapsi myy sanomalehte\u00e4 tupakkaa polttavalle upseerille vanhan kivirakennuksen edess\u00e4.\" src=\"https:\/\/www.europesays.com\/fi\/wp-content\/uploads\/2026\/09\/1788244648.jpeg\" class=\"aw__sc-dklauk-0 LPzKX\"\/><\/p>\n<p>Avaa kuvien katselu<\/p>\n<p class=\"aw__sc-1qwuw0s-0 aw__sc-ngllmo-0 epAWpq fzYpjk yle__article__paragraph\">Suomen 30-luvun tapahtumat kiinnostavat my\u00f6s muualla Euroopassa, jossa \u00e4\u00e4riliikkeet ja fasismi nousivat kyseenalaistamaan demokratiaa samaan aikaan. Ohjaaja l\u00f6yt\u00e4\u00e4 yhteyksi\u00e4 nykyaikaan, jossa \u00e4\u00e4rip\u00e4\u00e4t ovat vahvistuneet viime vuosina.<\/p>\n<p>Jussi Vataselle unelmarooli<\/p>\n<p class=\"aw__sc-1qwuw0s-0 aw__sc-ngllmo-0 epAWpq fzYpjk yle__article__paragraph\">Elokuvan n\u00e4yttelij\u00e4kaarti on tuttua kotimaista kaartia: <strong class=\"aw__sc-ngllmo-2 gdRrun yle__article__strong\">Jussi Vatanen<\/strong> (j\u00e4\u00e4k\u00e4riupseeri Kuussaari), <strong class=\"aw__sc-ngllmo-2 gdRrun yle__article__strong\">Elias Salonen<\/strong> (nuori kaappari), <strong class=\"aw__sc-ngllmo-2 gdRrun yle__article__strong\">Aku Sipola<\/strong> (yleisesikunnan p\u00e4\u00e4llikk\u00f6 Wallenius), <strong class=\"aw__sc-ngllmo-2 gdRrun yle__article__strong\">Riitta Havukainen<\/strong> (presidentin puoliso) ja <strong class=\"aw__sc-ngllmo-2 gdRrun yle__article__strong\">Pertti Sveholm<\/strong> (St\u00e5hlberg).<\/p>\n<p class=\"aw__sc-1qwuw0s-0 aw__sc-ngllmo-0 epAWpq fzYpjk yle__article__paragraph\">\u2013 T\u00e4m\u00e4 oli minulle historian harrastajana ihan unelmarooli, Jussi Vatanen my\u00f6nt\u00e4\u00e4 innostuneena.<\/p>\n<p>N\u00e4yttelij\u00e4 Jussi Vatanen innostui saadessaan Suomen historiaan liittyv\u00e4n elokuvan p\u00e4\u00e4roolin. Video: Heikki Haapalainen \/ Yle<\/p>\n<p class=\"aw__sc-1qwuw0s-0 aw__sc-ngllmo-0 epAWpq fzYpjk yle__article__paragraph\">Kyydityst\u00e4 j\u00e4rjestelleen Eero Kuussaaren motiivit ovat elokuvassa enemm\u00e4n henkil\u00f6kohtaisia kuin poliittisia. N\u00e4yttelij\u00e4n mielest\u00e4 h\u00e4nest\u00e4 tulee n\u00e4in ymm\u00e4rrett\u00e4v\u00e4mpi t\u00e4m\u00e4n p\u00e4iv\u00e4n ihmisille.<\/p>\n<p class=\"aw__sc-1qwuw0s-0 aw__sc-ngllmo-0 epAWpq fzYpjk yle__article__paragraph\">\u2013 Ideologian suojassa motiivi voi nykypoliitikollakin olla omaa etua tavoitteleva, Vatanen vertaa.<\/p>\n<p class=\"aw__sc-1qwuw0s-0 aw__sc-ngllmo-0 epAWpq fzYpjk yle__article__paragraph\">Nyky-Suomen r\u00f6yhke\u00e4 ja k\u00e4rk\u00e4s keskustelukulttuuri sosiaalisessa mediassa muistuttaa Vatasen mielest\u00e4 1920\u20131930-lukujen \u00e4\u00e4riliikkeit\u00e4. Tuolloin \u00e4\u00e4rip\u00e4it\u00e4 \u00e4rsytti maltillinen ja laillisuutta korostava St\u00e5hlberg.<\/p>\n<p class=\"aw__sc-1qwuw0s-0 aw__sc-ngllmo-0 epAWpq fzYpjk yle__article__paragraph\">P\u00e4\u00e4roolin esitt\u00e4j\u00e4 pit\u00e4\u00e4 siit\u00e4, ett\u00e4 elokuvan tyylilaji on komedia, mik\u00e4 sallii k\u00e4ytt\u00e4\u00e4 mielikuvitusta.<\/p>\n<p class=\"aw__sc-1qwuw0s-0 aw__sc-ngllmo-0 epAWpq fzYpjk yle__article__paragraph\">\u2013 Ei tarvitse ajatella, ett\u00e4 kaikki meni eksaktisti just n\u00e4in, eik\u00e4 tarvitse katsoa elokuvaa dokumenttina, Jussi Vatanen ev\u00e4st\u00e4\u00e4.<\/p>\n","protected":false},"excerpt":{"rendered":"Suomen ensimm\u00e4inen presidentti St\u00e5hlberg joutui vuonna 1930 v\u00e4kivaltaisen operaation kohteeksi. Tuore kotimainen elokuva aiheesta on komedia ja kuvattu&hellip;\n","protected":false},"author":2,"featured_media":339149,"comment_status":"","ping_status":"","sticky":false,"template":"","format":"standard","meta":{"footnotes":"","_share_on_mastodon":"0"},"categories":[130],"tags":[11887,1494,11598,155,137,33,31,30,104,1133,3531,71,108,41871,12751,1137,912,40932,32,109],"class_list":["post-339148","post","type-post","status-publish","format-standard","has-post-thumbnail","category-viihde","tag-aariliikkeet","tag-aku-sipola","tag-elias-salonen","tag-elokuvat","tag-entertainment","tag-fi","tag-finland","tag-finnish","tag-helsinki","tag-joensuu","tag-jussi-vatanen","tag-kotimaa","tag-kulttuuri","tag-kyyditykset-poliittinen-vakivalta","tag-pertti-sveholm","tag-pohjois-karjala","tag-riitta-havukainen","tag-samuli-valkama","tag-suomi","tag-viihde"],"share_on_mastodon":{"url":"https:\/\/pubeurope.com\/@fi\/117198387452478383","error":""},"_links":{"self":[{"href":"https:\/\/www.europesays.com\/fi\/wp-json\/wp\/v2\/posts\/339148","targetHints":{"allow":["GET"]}}],"collection":[{"href":"https:\/\/www.europesays.com\/fi\/wp-json\/wp\/v2\/posts"}],"about":[{"href":"https:\/\/www.europesays.com\/fi\/wp-json\/wp\/v2\/types\/post"}],"author":[{"embeddable":true,"href":"https:\/\/www.europesays.com\/fi\/wp-json\/wp\/v2\/users\/2"}],"replies":[{"embeddable":true,"href":"https:\/\/www.europesays.com\/fi\/wp-json\/wp\/v2\/comments?post=339148"}],"version-history":[{"count":0,"href":"https:\/\/www.europesays.com\/fi\/wp-json\/wp\/v2\/posts\/339148\/revisions"}],"wp:featuredmedia":[{"embeddable":true,"href":"https:\/\/www.europesays.com\/fi\/wp-json\/wp\/v2\/media\/339149"}],"wp:attachment":[{"href":"https:\/\/www.europesays.com\/fi\/wp-json\/wp\/v2\/media?parent=339148"}],"wp:term":[{"taxonomy":"category","embeddable":true,"href":"https:\/\/www.europesays.com\/fi\/wp-json\/wp\/v2\/categories?post=339148"},{"taxonomy":"post_tag","embeddable":true,"href":"https:\/\/www.europesays.com\/fi\/wp-json\/wp\/v2\/tags?post=339148"}],"curies":[{"name":"wp","href":"https:\/\/api.w.org\/{rel}","templated":true}]}}