{"id":339154,"date":"2026-09-01T23:34:10","date_gmt":"2026-09-01T23:34:10","guid":{"rendered":"https:\/\/www.europesays.com\/fi\/339154\/"},"modified":"2026-09-01T23:34:10","modified_gmt":"2026-09-01T23:34:10","slug":"nain-petteri-orpo-kommentoi-budjettiriihen-tuloksia-mtvlle","status":"publish","type":"post","link":"https:\/\/www.europesays.com\/fi\/339154\/","title":{"rendered":"N\u00e4in Petteri Orpo kommentoi budjettiriihen tuloksia MTV:lle"},"content":{"rendered":"<p><strong class=\"typography-bold\">Hallituskauden alussa hallitus lupasi 100 000 uutta ty\u00f6paikkaa, mutta toistaiseksi suunta on ollut p\u00e4invastainen ty\u00f6tt\u00f6myyden kasvaessa. Petteri Orpo my\u00f6nt\u00e4\u00e4 MTV:lle, ett\u00e4 tilanne on ollut p\u00e4invastainen.<\/strong><\/p>\n<p>P\u00e4\u00e4ministeri <strong class=\"typography-bold\">Petteri Orpon<\/strong> (kok.) hallitus on saanut kautensa viimeisen budjettiriihen p\u00e4\u00e4t\u00f6kseen.<\/p>\n<p>Orpo esitteli tuloksia aiemmin tiistaina yhdess\u00e4 hallituspuolueiden puheenjohtajien, valtiovarainministeri\u00a0<strong class=\"typography-bold\">Riikka Purran<\/strong> (ps.), opetusministeri\u00a0<strong class=\"typography-bold\">Anders Adlercreutzin<\/strong> (r.) ja maa- ja mets\u00e4talousministeri\u00a0<strong class=\"typography-bold\">Sari Essayahin<\/strong> (kd.), kanssa tiedotustilaisuudessa.\u00a0<\/p>\n<p><strong class=\"typography-bold\">Lue lis\u00e4\u00e4: <\/strong><a class=\"cursor-pointer underline\" data-testid=\"internal-link\" role=\"link\" href=\"https:\/\/www.mtvuutiset.fi\/artikkeli\/suora-lahetys-kello-20-budjettiriihi-valmis-mtv-seuraa-hallituksen-tiedotustilaisuutta\/9386562\" rel=\"nofollow noopener\" target=\"_blank\"><strong class=\"typography-bold\">Orpo: Talous yh\u00e4 vakavasti ep\u00e4tasapainossa \u2013 Purralta karu esimerkki valtion velasta<\/strong><\/a><\/p>\n<p>Varsinkin hallituksen ty\u00f6llisyystoimet ovat olleet tapetilla. P\u00e4\u00e4ministeri Orpon mukaan suomalaiset voivat katsoa ty\u00f6llisyystilannetta t\u00e4ll\u00e4 hetkell\u00e4 luottavaisemmin.<\/p>\n<p>\u2013 Minusta on nyt lupa odottaa, ett\u00e4 my\u00f6s ty\u00f6llisyys l\u00e4htee kasvuun, koska se menee niin, ett\u00e4 ensin kun talous l\u00e4htee kasvuun niin noin puolesta vuodesta vuoden viiveell\u00e4 alkaa se n\u00e4kym\u00e4\u00e4n ty\u00f6llisyydess\u00e4, Orpo kommentoi MTV:lle Kymmenen uutisissa.<\/p>\n<p>Hallituskauden alussa luvattiin 100 000 uutta ty\u00f6paikkaa, mutta toistaiseksi suunta on ollut p\u00e4invastainen <a class=\"underline\" data-testid=\"external-link\" href=\"https:\/\/www.mtvuutiset.fi\/artikkeli\/tyottomien-naisten-maara-kasvoi-24-000-lla\/9382608\" rel=\"noopener nofollow\" target=\"_blank\">ty\u00f6tt\u00f6myyden kasvaessa<\/a>.\u00a0<\/p>\n<p>Orpo my\u00f6nt\u00e4\u00e4kin MTV:lle, ett\u00e4 tilanne on ollut p\u00e4invastainen.<\/p>\n<p>\u2013 Mutta me olemme tehneet juuri niit\u00e4 uudistuksia, joilla olemme omalta osaltamme saaneet t\u00e4m\u00e4n talouden kasvun liikkeelle ja se luo pohjan niille uusien ty\u00f6paikkojen syntymiselle.\u00a0<\/p>\n","protected":false},"excerpt":{"rendered":"Hallituskauden alussa hallitus lupasi 100 000 uutta ty\u00f6paikkaa, mutta toistaiseksi suunta on ollut p\u00e4invastainen ty\u00f6tt\u00f6myyden kasvaessa. Petteri Orpo&hellip;\n","protected":false},"author":2,"featured_media":339155,"comment_status":"","ping_status":"","sticky":false,"template":"","format":"standard","meta":{"footnotes":"","_share_on_mastodon":"0"},"categories":[12],"tags":[22,23,26,27,33,31,30,17,24,25,28,29,15,18,21,32,19,20,16],"class_list":["post-339154","post","type-post","status-publish","format-standard","has-post-thumbnail","category-suomi","tag-breaking-news","tag-breakingnews","tag-featured-news","tag-featurednews","tag-fi","tag-finland","tag-finnish","tag-headlines","tag-latest-news","tag-latestnews","tag-main-news","tag-mainnews","tag-news","tag-otsikot","tag-paauutiset","tag-suomi","tag-top-stories","tag-topstories","tag-uutiset"],"share_on_mastodon":{"url":"https:\/\/pubeurope.com\/@fi\/117198406781949882","error":""},"_links":{"self":[{"href":"https:\/\/www.europesays.com\/fi\/wp-json\/wp\/v2\/posts\/339154","targetHints":{"allow":["GET"]}}],"collection":[{"href":"https:\/\/www.europesays.com\/fi\/wp-json\/wp\/v2\/posts"}],"about":[{"href":"https:\/\/www.europesays.com\/fi\/wp-json\/wp\/v2\/types\/post"}],"author":[{"embeddable":true,"href":"https:\/\/www.europesays.com\/fi\/wp-json\/wp\/v2\/users\/2"}],"replies":[{"embeddable":true,"href":"https:\/\/www.europesays.com\/fi\/wp-json\/wp\/v2\/comments?post=339154"}],"version-history":[{"count":0,"href":"https:\/\/www.europesays.com\/fi\/wp-json\/wp\/v2\/posts\/339154\/revisions"}],"wp:featuredmedia":[{"embeddable":true,"href":"https:\/\/www.europesays.com\/fi\/wp-json\/wp\/v2\/media\/339155"}],"wp:attachment":[{"href":"https:\/\/www.europesays.com\/fi\/wp-json\/wp\/v2\/media?parent=339154"}],"wp:term":[{"taxonomy":"category","embeddable":true,"href":"https:\/\/www.europesays.com\/fi\/wp-json\/wp\/v2\/categories?post=339154"},{"taxonomy":"post_tag","embeddable":true,"href":"https:\/\/www.europesays.com\/fi\/wp-json\/wp\/v2\/tags?post=339154"}],"curies":[{"name":"wp","href":"https:\/\/api.w.org\/{rel}","templated":true}]}}