{"id":339157,"date":"2026-09-01T23:52:12","date_gmt":"2026-09-01T23:52:12","guid":{"rendered":"https:\/\/www.europesays.com\/fi\/339157\/"},"modified":"2026-09-01T23:52:12","modified_gmt":"2026-09-01T23:52:12","slug":"yhdysvaltalainen-vaihtoehtopopin-kansainvalinen-suurnimi-ensi-toukokuussa-areenakeikalle-suomeen-mesta-net","status":"publish","type":"post","link":"https:\/\/www.europesays.com\/fi\/339157\/","title":{"rendered":"Yhdysvaltalainen vaihtoehtopopin kansainv\u00e4linen suurnimi ensi toukokuussa areenakeikalle Suomeen \u2013 Mesta.net"},"content":{"rendered":"<p>\t<img loading=\"lazy\" decoding=\"async\" width=\"640\" height=\"420\" src=\"https:\/\/www.europesays.com\/fi\/wp-content\/uploads\/2026\/09\/SOMBR-suomeen-640x420.jpg\" class=\"attachment-post-thumbnail size-post-thumbnail wp-post-image\" alt=\"\"\/><\/p>\n<p><strong>SOMBR<\/strong> esiintyy ensimm\u00e4isell\u00e4 areenakeikallaan Suomessa\u00a0Helsingin Veikkaus Arenalla 11.5.2027 osana\u00a0You Are The Reason\u00a0-maailmankiertuettaan. <\/p>\n<p>Yhdysvaltalainen SOMBR on noussut nopeasti yhdeksi vaihtoehto-popin kansainv\u00e4lisist\u00e4 suurnimist\u00e4. Grammy-ehdokkuuden saanut 21-vuotias artisti on rikkonut useita listaenn\u00e4tyksi\u00e4 viime syksyn\u00e4 julkaistulla\u00a0\u201dI Barely Know Her\u201d\u00a0-esikoisalbumillaan ja myynyt areenoita loppuun ymp\u00e4ri maailmaa. Suomessa SOMBR hurmasi yleis\u00f6n ja kriitikot ensiesiintymisell\u00e4\u00e4n Flow-festivaalilla.<\/p>\n<p>Musiikissaan SOMBR yhdist\u00e4\u00e4 indierockia suurieleiseen poppiin ja tavoittaa nuoren rakkauden intensiteetin, haavoittuvuuden ja tunteiden syvyyden tavalla, joka resonoi kuulijoissa ymp\u00e4ri maailmaa. <\/p>\n<p>Keikan liput tulevat yleiseen myyntiin perjantaina 4.9.2026 klo 10. Ennakkomyynti My Live Nation -j\u00e4senille k\u00e4ynnistyy torstaina 3.9. klo 10.<\/p>\n","protected":false},"excerpt":{"rendered":"SOMBR esiintyy ensimm\u00e4isell\u00e4 areenakeikallaan Suomessa\u00a0Helsingin Veikkaus Arenalla 11.5.2027 osana\u00a0You Are The Reason\u00a0-maailmankiertuettaan. Yhdysvaltalainen SOMBR on noussut nopeasti yhdeksi&hellip;\n","protected":false},"author":2,"featured_media":339158,"comment_status":"","ping_status":"","sticky":false,"template":"","format":"standard","meta":{"footnotes":"","_share_on_mastodon":"0"},"categories":[132],"tags":[137,33,31,30,195,47,32,109],"class_list":["post-339157","post","type-post","status-publish","format-standard","has-post-thumbnail","category-musiikki","tag-entertainment","tag-fi","tag-finland","tag-finnish","tag-music","tag-musiikki","tag-suomi","tag-viihde"],"share_on_mastodon":{"url":"https:\/\/pubeurope.com\/@fi\/117198477926386306","error":""},"_links":{"self":[{"href":"https:\/\/www.europesays.com\/fi\/wp-json\/wp\/v2\/posts\/339157","targetHints":{"allow":["GET"]}}],"collection":[{"href":"https:\/\/www.europesays.com\/fi\/wp-json\/wp\/v2\/posts"}],"about":[{"href":"https:\/\/www.europesays.com\/fi\/wp-json\/wp\/v2\/types\/post"}],"author":[{"embeddable":true,"href":"https:\/\/www.europesays.com\/fi\/wp-json\/wp\/v2\/users\/2"}],"replies":[{"embeddable":true,"href":"https:\/\/www.europesays.com\/fi\/wp-json\/wp\/v2\/comments?post=339157"}],"version-history":[{"count":0,"href":"https:\/\/www.europesays.com\/fi\/wp-json\/wp\/v2\/posts\/339157\/revisions"}],"wp:featuredmedia":[{"embeddable":true,"href":"https:\/\/www.europesays.com\/fi\/wp-json\/wp\/v2\/media\/339158"}],"wp:attachment":[{"href":"https:\/\/www.europesays.com\/fi\/wp-json\/wp\/v2\/media?parent=339157"}],"wp:term":[{"taxonomy":"category","embeddable":true,"href":"https:\/\/www.europesays.com\/fi\/wp-json\/wp\/v2\/categories?post=339157"},{"taxonomy":"post_tag","embeddable":true,"href":"https:\/\/www.europesays.com\/fi\/wp-json\/wp\/v2\/tags?post=339157"}],"curies":[{"name":"wp","href":"https:\/\/api.w.org\/{rel}","templated":true}]}}