{"id":339163,"date":"2026-09-01T23:59:14","date_gmt":"2026-09-01T23:59:14","guid":{"rendered":"https:\/\/www.europesays.com\/fi\/339163\/"},"modified":"2026-09-01T23:59:14","modified_gmt":"2026-09-01T23:59:14","slug":"iran-vaittaa-iskeneensa-yhdysvaltain-tukikohtiin-ilmahalytykset-soivat-bahrainissa","status":"publish","type":"post","link":"https:\/\/www.europesays.com\/fi\/339163\/","title":{"rendered":"Iran v\u00e4itt\u00e4\u00e4 iskeneens\u00e4 Yhdysvaltain tukikohtiin, ilmah\u00e4lytykset soivat Bahrainissa"},"content":{"rendered":"<p class=\"article-body mb-(--paragraph-margin-b) px-nof-16\">Yhdysvallat ja Iran ovat j\u00e4lleen tehneet iskuja toisiaan vastaan. Varmaa tietoa vaurioista ei viel\u00e4 ole.<\/p>\n<p>Yhdysvallat iski Hormuzinsalmeen<\/p>\n<p class=\"article-body mb-(--paragraph-margin-b) px-nof-16\">Presidentti <a class=\"font-bold underline-offset-[0.12em] [text-decoration:var(--person-link-text-decoration)] [text-decoration-color:var(--person-link-text-decoration-color)]!\" href=\"https:\/\/www.hs.fi\/haku\/?query=Donald%20Trumpin\" rel=\"nofollow noopener\" target=\"_blank\">Donald Trumpin<\/a> mukaan Yhdysvaltojen tiistaina tekem\u00e4t uudet iskut kohdistuivat Hormuzinsalmen alueelle.<\/p>\n<p class=\"article-body mb-(--paragraph-margin-b) px-nof-16\">Yhdysvaltain sotatoimista L\u00e4hi-id\u00e4ss\u00e4 vastaava Centcom ilmoitti viestipalvelu X:ss\u00e4, ett\u00e4 iskut olivat vastaus Iranin hy\u00f6kk\u00e4ysyrityksiin, jotka ovat kohdistuneet kauppamerenkulkuun Hormuzinsalmessa ja Yhdysvaltain joukkoihin alueella.<\/p>\n<p class=\"article-body mb-(--paragraph-margin-b) px-nof-16\">Varhain maanantaina <a class=\"underline underline-offset-[0.12em] [text-decoration-thickness:var(--generic-link-underline-thickness)] [text-decoration-color:var(--generic-link-underline-color)] [text-decoration-skip-ink:var(--generic-link-underline-skip-ink)] break-words\" href=\"https:\/\/x.com\/CENTCOM\/status\/2094916573920199143\" rel=\"nofollow\">Centcom<\/a> ilmoitti iskeneens\u00e4 muun muassa Iranin vallankumouskaartin ilmapuolustukseen ja tutkaj\u00e4rjestelmiin.<\/p>\n<p class=\"article-body mb-(--paragraph-margin-b) px-nof-16\">Iranin valtiollinen televisio raportoi r\u00e4j\u00e4hdyksist\u00e4 maan etel\u00e4osissa ja Hormuzinsalmella, kertovat uutistoimistot AFP ja Reuters.<\/p>\n<p class=\"article-body mb-(--paragraph-margin-b) px-nof-16\">Iranilaismedioiden mukaan ainakin viisi ihmist\u00e4 olisi kuollut ja jopa 50 haavoittunut Sirikin kaupungissa j\u00e4rjestetyiss\u00e4 h\u00e4\u00e4juhlissa. Iranin mukaan yksi kuolleista oli 4-vuotias lapsi.<\/p>\n<p>Iran v\u00e4itt\u00e4\u00e4 tehneens\u00e4 tuhoisan iskun Jordaniaan<\/p>\n<p class=\"article-body mb-(--paragraph-margin-b) px-nof-16\">Trump uhkasi Yhdysvaltojen iskev\u00e4n uudelleen ja kovempaa, mik\u00e4li Iran vastaa iskuihin. Iran vastasikin Yhdysvaltain iskuihin my\u00f6hemmin illalla.<\/p>\n<p class=\"article-body mb-(--paragraph-margin-b) px-nof-16\">Iranin vallankumouskaarti v\u00e4itti laukaisseensa ballistisia ohjuksia Yhdysvaltain sotilastukikohtaan Jordanian Akabassa ja surmanneensa \u201dsuuren m\u00e4\u00e4r\u00e4n yhdysvaltalaissotilaita\u201d sek\u00e4 tuhonneensa muun muassa taisteluhelikoptereita, kertoo <a class=\"underline underline-offset-[0.12em] [text-decoration-thickness:var(--generic-link-underline-thickness)] [text-decoration-color:var(--generic-link-underline-color)] [text-decoration-skip-ink:var(--generic-link-underline-skip-ink)] break-words\" href=\"https:\/\/www.theguardian.com\/world\/live\/2026\/sep\/01\/us-iran-military-strikes-live-updates\" rel=\"nofollow noopener\" target=\"_blank\">The Guardian<\/a>.<\/p>\n<p class=\"article-body mb-(--paragraph-margin-b) px-nof-16\">Jordaniassa soivat my\u00f6h\u00e4\u00e4n tiistaina ilmah\u00e4lytykset. Maan asevoimien mukaan se torjui kymmenen ballistista ohjusta. Kolme ohjusta putosi Jordanian mukaan syrj\u00e4isille alueille kauas asutuskeskuksista.<\/p>\n<p class=\"article-body mb-(--paragraph-margin-b) px-nof-16\">Henkil\u00f6vahinkoja Iranin iskuista ei ole tiett\u00e4v\u00e4sti ainakaan viel\u00e4 syntynyt, kertoivat kaksi yhdysvaltalaisl\u00e4hdett\u00e4 Reutersille.<\/p>\n<p class=\"article-body mb-(--paragraph-margin-b) px-nof-16\">My\u00f6s Kuwait sanoi varhain keskiviikkona, ett\u00e4 maata vastaan hy\u00f6k\u00e4t\u00e4\u00e4n drooneilla ja ohjuksilla.<\/p>\n<p class=\"article-body mb-(--paragraph-margin-b) px-nof-16\">Iran ilmoitti Reutersin mukaan my\u00f6s tehneens\u00e4 drooni-iskun Yhdysvaltain sotilastukikohtaan Bahrainissa. AFP:n mukaan Bahrainissa soivat ilmah\u00e4lytykset varhain keskiviikkona.<\/p>\n<p>Yhdysvallat iski sunnuntaina ensimm\u00e4ist\u00e4 kertaa yli kuukauteen<\/p>\n<p class=\"article-body mb-(--paragraph-margin-b) px-nof-16\">Yhdysvallat iski my\u00f6s sunnuntaina Hormuzinsalmen alueelle. Kyseess\u00e4 oli ensimm\u00e4inen kerta yli kuukauteen, kun Yhdysvallat tekee iskuja Iranin maaper\u00e4lle.<\/p>\n<p class=\"article-body mb-(--paragraph-margin-b) px-nof-16\">Iskun tavoitteena oli Yhdysvaltain mukaan est\u00e4\u00e4 Irania kylv\u00e4m\u00e4st\u00e4 lis\u00e4\u00e4 merimiinoja Hormuzinsalmeen.<\/p>\n<p class=\"article-body mb-(--paragraph-margin-b) px-nof-16\">Hormuzinsalmi on maailmankaupan kannalta t\u00e4rke\u00e4 vesiv\u00e4yl\u00e4. Sen kautta kulkee tavallisesti noin viidennes maailman meriteitse kuljetettavasta \u00f6ljyst\u00e4. Yhdysvallat on Trumpin mukaan onnistunut raivaamaan salmen merimiinoista.<\/p>\n<p class=\"article-body mb-(--paragraph-margin-b) px-nof-16\">Iran kosti my\u00f6s sunnuntaiset iskut laukaisemalla ohjuksia Yhdysvaltain Jordaniassa sijaitsevia sotilaskohteita kohti.<\/p>\n","protected":false},"excerpt":{"rendered":"Yhdysvallat ja Iran ovat j\u00e4lleen tehneet iskuja toisiaan vastaan. Varmaa tietoa vaurioista ei viel\u00e4 ole. Yhdysvallat iski Hormuzinsalmeen&hellip;\n","protected":false},"author":2,"featured_media":339164,"comment_status":"","ping_status":"","sticky":false,"template":"","format":"standard","meta":{"footnotes":"","_share_on_mastodon":"0"},"categories":[76],"tags":[79,77,33,31,30,46,32,78],"class_list":["post-339163","post","type-post","status-publish","format-standard","has-post-thumbnail","category-talous","tag-business","tag-economy","tag-fi","tag-finland","tag-finnish","tag-helsingin-sanomat","tag-suomi","tag-talous"],"share_on_mastodon":{"url":"https:\/\/pubeurope.com\/@fi\/117198504861390329","error":""},"_links":{"self":[{"href":"https:\/\/www.europesays.com\/fi\/wp-json\/wp\/v2\/posts\/339163","targetHints":{"allow":["GET"]}}],"collection":[{"href":"https:\/\/www.europesays.com\/fi\/wp-json\/wp\/v2\/posts"}],"about":[{"href":"https:\/\/www.europesays.com\/fi\/wp-json\/wp\/v2\/types\/post"}],"author":[{"embeddable":true,"href":"https:\/\/www.europesays.com\/fi\/wp-json\/wp\/v2\/users\/2"}],"replies":[{"embeddable":true,"href":"https:\/\/www.europesays.com\/fi\/wp-json\/wp\/v2\/comments?post=339163"}],"version-history":[{"count":0,"href":"https:\/\/www.europesays.com\/fi\/wp-json\/wp\/v2\/posts\/339163\/revisions"}],"wp:featuredmedia":[{"embeddable":true,"href":"https:\/\/www.europesays.com\/fi\/wp-json\/wp\/v2\/media\/339164"}],"wp:attachment":[{"href":"https:\/\/www.europesays.com\/fi\/wp-json\/wp\/v2\/media?parent=339163"}],"wp:term":[{"taxonomy":"category","embeddable":true,"href":"https:\/\/www.europesays.com\/fi\/wp-json\/wp\/v2\/categories?post=339163"},{"taxonomy":"post_tag","embeddable":true,"href":"https:\/\/www.europesays.com\/fi\/wp-json\/wp\/v2\/tags?post=339163"}],"curies":[{"name":"wp","href":"https:\/\/api.w.org\/{rel}","templated":true}]}}