{"id":339167,"date":"2026-09-02T00:01:12","date_gmt":"2026-09-02T00:01:12","guid":{"rendered":"https:\/\/www.europesays.com\/fi\/339167\/"},"modified":"2026-09-02T00:01:12","modified_gmt":"2026-09-02T00:01:12","slug":"mtv-vaasan-epailty-kaksoismurhaaja-lahetti-toisen-uhrin-aidille-useita-videoita-surmayona","status":"publish","type":"post","link":"https:\/\/www.europesays.com\/fi\/339167\/","title":{"rendered":"MTV: Vaasan ep\u00e4ilty kaksoismurhaaja l\u00e4hetti toisen uhrin \u00e4idille useita videoita surmay\u00f6n\u00e4"},"content":{"rendered":"<p>MTV Uutisten mukaan ep\u00e4ilty oli l\u00e4hett\u00e4nyt uhrin \u00e4idille useita videoita surmay\u00f6n\u00e4.<\/p>\n<p class=\"font-(family-name:--picture-caption-font-family) text-(length:--picture-caption-font-size) leading-(--picture-caption-leading) font-(--picture-caption-font-weight) text-(color:--picture-caption-color)\">Poliisi ep\u00e4ilee 27-vuotiasta miest\u00e4 kaksoismurhasta Pohjanmaalla. Video:\u00a0IS<\/p>\n<p>1.9. 21:12<\/p>\n<p>Lue tiivistelm\u00e4<\/p>\n<p class=\"article-body mb-(--paragraph-margin-b) px-nof-16 sndp-summary-bullet-point-font\">MTV Uutisten mukaan Vaasan Palosaarella surmatun 28-vuotiaan naisen \u00e4iti kertoo, ett\u00e4 murhaep\u00e4ilty l\u00e4hetti h\u00e4nelle useita videoita surmay\u00f6n\u00e4.<\/p>\n<p class=\"article-body mb-(--paragraph-margin-b) px-nof-16 sndp-summary-bullet-point-font\">Videoilla kuuluu \u00e4idin mukaan tytt\u00e4ren \u00e4\u00e4ni, kun t\u00e4m\u00e4 huusi haluavansa pois miehen asunnosta.<\/p>\n<p class=\"article-body mb-(--paragraph-margin-b) px-nof-16 sndp-summary-bullet-point-font\">\u00c4iti kiist\u00e4\u00e4 poliisin tiedon seurustelusuhteesta ja kertoo MTV Uutisille, ett\u00e4 pari tunsi toisensa vasta kes\u00e4lt\u00e4.<\/p>\n<p class=\"article-body mb-(--paragraph-margin-b) px-nof-16 sndp-summary-bullet-point-font\">Pohjanmaan poliisi ep\u00e4ilee 27-vuotiasta vaasalaismiest\u00e4 kahdesta murhasta, kahdesta murhan yrityksest\u00e4, t\u00f6rke\u00e4st\u00e4 tuhoty\u00f6st\u00e4 ja t\u00f6rke\u00e4st\u00e4 liikenneturvallisuuden vaarantamisesta.<\/p>\n<p class=\"article-body mb-(--paragraph-margin-b) px-nof-16\">Vaasan ep\u00e4ilty kaksoismurhaaja l\u00e4hetti lauantaina aamuy\u00f6ll\u00e4 useita videoita surmaamansa naisen \u00e4idille. Asiasta kertoo <a class=\"underline underline-offset-[0.12em] [text-decoration-thickness:var(--generic-link-underline-thickness)] [text-decoration-color:var(--generic-link-underline-color)] [text-decoration-skip-ink:var(--generic-link-underline-skip-ink)] break-words\" href=\"https:\/\/www.mtvuutiset.fi\/artikkeli\/kerrostaloon-kuolleen-sonjan-28-aiti-sai-epaillylta-murhaajalta-videoita-surmayona-aivan-sairasta\/9386486\" rel=\"nofollow noopener\" target=\"_blank\">MTV Uutiset<\/a>.<\/p>\n<p class=\"article-body mb-(--paragraph-margin-b) px-nof-16\">\u00c4idin mukaan videoilla kuuluu tytt\u00e4ren \u00e4\u00e4ni miehen asunnon vessasta, kun tyt\u00e4r huusi, ett\u00e4 halusi pois asunnosta. Tyt\u00e4rt\u00e4 ei videoilla \u00e4idin mukaan n\u00e4kynyt.<\/p>\n<p class=\"article-body mb-(--paragraph-margin-b) px-nof-16\">Lue lis\u00e4\u00e4: <a class=\"underline underline-offset-[0.12em] [text-decoration-thickness:var(--generic-link-underline-thickness)] [text-decoration-color:var(--generic-link-underline-color)] [text-decoration-skip-ink:var(--generic-link-underline-skip-ink)] break-words\" href=\"https:\/\/www.is.fi\/kotimaa\/art-2000012244713.html\" rel=\"nofollow noopener\" target=\"_blank\">Vaasan ep\u00e4ilty kaksois\u00adsurmaaja, 27, osallistui reality-ohjelmaan<\/a><\/p>\n<p class=\"article-body mb-(--paragraph-margin-b) px-nof-16\">\u2013 Ihmettelin todella paljon, miksi mies l\u00e4hetti minulle t\u00e4llaisia videoita. Aivan sairasta. Ne olivat j\u00e4rkytt\u00e4v\u00e4\u00e4 katsottavaa etenkin sen j\u00e4lkeen, kun tied\u00e4n, mit\u00e4 tytt\u00e4relleni tapahtui tuona y\u00f6n\u00e4, \u00e4iti suree MTV Uutisille.<\/p>\n<p class=\"article-body mb-(--paragraph-margin-b) px-nof-16\">Poliisin mukaan 27-vuotias murhaep\u00e4ilty ja nainen olivat \u201djonkinlaisessa seurustelusuhteessa\u201d. \u00c4iti kiist\u00e4\u00e4 t\u00e4m\u00e4n MTV Uutisille. \u00c4idin mukaan h\u00e4nen tytt\u00e4rens\u00e4 oli tutustunut 27-vuotiaaseen mieheen vasta t\u00e4n\u00e4 kes\u00e4n\u00e4 juhannuksen aikaan.<\/p>\n<p class=\"article-body mb-(--paragraph-margin-b) px-nof-16\">\u00c4idin mukaan he olivat viett\u00e4neet yhdess\u00e4 aikaa ehk\u00e4 parin viikon verran, ja sitten v\u00e4lit olivat viilenneet kaveritasolle.<\/p>\n<p><img decoding=\"async\" src=\"https:\/\/www.europesays.com\/fi\/wp-content\/uploads\/2026\/09\/1788307272_284_468.jpg\" alt=\"Toinen ep\u00e4illyist\u00e4 henkirikoksista tapahtui Vaasan Palosaarella.\" class=\"_Img_1rerz_1\" style=\"aspect-ratio:1920\/1080\" loading=\"eager\"\/><\/p>\n<p class=\"font-(family-name:--picture-caption-font-family) text-(length:--picture-caption-font-size) leading-(--picture-caption-leading) font-(--picture-caption-font-weight) text-(color:--picture-caption-color) picture-with-caption__caption picture-with-caption__caption--default-full\">Toinen ep\u00e4illyist\u00e4 henkirikoksista tapahtui Vaasan Palosaarella. Kuva:\u00a0IS<\/p>\n<p class=\"article-body mb-(--paragraph-margin-b) px-nof-16\">\u00c4iti oli tavannut ep\u00e4illyn pari kertaa kes\u00e4n aikana. \u00c4idin mukaan ep\u00e4illyll\u00e4 oli \u201dihan hyv\u00e4t k\u00e4yt\u00f6stavat\u201d, mutta mies oli ollut \u201daran ja ujon oloinen\u201d ja t\u00e4ll\u00e4 ei ollut \u201dmink\u00e4\u00e4nlaisia sosiaalisia taitoja\u201d.<\/p>\n<p class=\"article-body mb-(--paragraph-margin-b) px-nof-16\">\u00c4iti kertoo MTV Uutisille, ett\u00e4 27-vuotias mies oli hakenut naisen Sein\u00e4joelta Vaasan Palosaarelle perjantai-iltana. \u00c4idille on t\u00e4ysi mysteeri, miksi mies halusi surmata naisen.<\/p>\n<p class=\"article-body mb-(--paragraph-margin-b) px-nof-16\">Pohjanmaan poliisi ep\u00e4ilee 27-vuotiasta vaasalaismiest\u00e4 kahdesta murhasta, kahdesta murhan yrityksest\u00e4, t\u00f6rke\u00e4st\u00e4 tuhoty\u00f6st\u00e4 ja t\u00f6rke\u00e4st\u00e4 liikenneturvallisuuden vaarantamisesta.<\/p>\n<p class=\"article-body mb-(--paragraph-margin-b) px-nof-16\">H\u00e4nen ep\u00e4ill\u00e4\u00e4n surmanneen ensin 28-vuotiaan naisen Vaasassa ja sytytt\u00e4neen t\u00e4m\u00e4n j\u00e4lkeen kerrostaloasunnon tuleen. Nainen l\u00f6ytyi kuolleena asunnosta. Poliisi ei t\u00e4ss\u00e4 vaiheessa kommentoi, oliko nainen surmattu jo ennen tulipalon sytytt\u00e4mist\u00e4.<\/p>\n<p><img decoding=\"async\" src=\"https:\/\/www.europesays.com\/fi\/wp-content\/uploads\/2026\/09\/1788307272_528_468.jpg\" alt=\"Tragedia tapahtui kerrostalon ylimm\u00e4ss\u00e4, kuudennessa kerroksessa.\" class=\"_Img_1rerz_1\" style=\"aspect-ratio:1920\/1280\" loading=\"eager\"\/><\/p>\n<p class=\"font-(family-name:--picture-caption-font-family) text-(length:--picture-caption-font-size) leading-(--picture-caption-leading) font-(--picture-caption-font-weight) text-(color:--picture-caption-color) picture-with-caption__caption picture-with-caption__caption--default-full\">Tragedia tapahtui kerrostalon ylimm\u00e4ss\u00e4, kuudennessa kerroksessa. Kuva:\u00a0Johannes Tervo<\/p>\n<p class=\"article-body mb-(--paragraph-margin-b) px-nof-16\">T\u00e4m\u00e4n j\u00e4lkeen miehen ep\u00e4ill\u00e4\u00e4n tahallaan ajaneen itselleen tuntemattoman sivullisen kuljettamaa autoa p\u00e4in Laihialla. Auton kuljettaja kuoli ja kaksi kyydiss\u00e4 ollutta loukkaantui. Ep\u00e4ilty itse selvisi kolarista lievin vammoin.<\/p>\n<p class=\"article-body mb-(--paragraph-margin-b) px-nof-16\">Ep\u00e4ilty mies oli osallistunut hiljattain netiss\u00e4 striimauspalvelussa esitett\u00e4v\u00e4\u00e4n reality-ohjelmaan. Ohjelmassa osanottajat asuvat saman katon alla ja kilpailevat rahapalkinnoista. Ohjelman muilla kausilla on n\u00e4hty julkisuuden henkil\u00f6it\u00e4.<\/p>\n<p class=\"article-body mb-(--paragraph-margin-b) px-nof-16\">Ep\u00e4ilty vaasalaismies vietti syntym\u00e4p\u00e4iv\u00e4\u00e4ns\u00e4 vain p\u00e4iv\u00e4\u00e4 ennen traagista tapahtumasarjaa. H\u00e4n oli julkaissut sosiaaliseen mediaan kuvan itsest\u00e4\u00e4n vauvana ja saanut onnitteluja julkaisunsa kommenttikentt\u00e4\u00e4n.<\/p>\n<p class=\"article-body mb-(--paragraph-margin-b) px-nof-16\">Someen h\u00e4n on jakanut my\u00f6s runsaasti kuvia tavallisesta el\u00e4m\u00e4st\u00e4 m\u00f6kkeilyineen ja harrastuksineen. Monet h\u00e4nen julkaisunsa k\u00e4sittelev\u00e4t terveytt\u00e4 ja kuntoilua.<\/p>\n<p class=\"article-body mb-(--paragraph-margin-b) px-nof-16\">Miehell\u00e4 ei ole mink\u00e4\u00e4nlaista aiempaa rikostaustaa.<\/p>\n","protected":false},"excerpt":{"rendered":"MTV Uutisten mukaan ep\u00e4ilty oli l\u00e4hett\u00e4nyt uhrin \u00e4idille useita videoita surmay\u00f6n\u00e4. Poliisi ep\u00e4ilee 27-vuotiasta miest\u00e4 kaksoismurhasta Pohjanmaalla. Video:\u00a0IS&hellip;\n","protected":false},"author":2,"featured_media":339168,"comment_status":"","ping_status":"","sticky":false,"template":"","format":"standard","meta":{"footnotes":"","_share_on_mastodon":"0"},"categories":[12],"tags":[22,23,26,27,33,31,30,17,34,24,25,28,29,15,18,21,32,19,20,16],"class_list":["post-339167","post","type-post","status-publish","format-standard","has-post-thumbnail","category-suomi","tag-breaking-news","tag-breakingnews","tag-featured-news","tag-featurednews","tag-fi","tag-finland","tag-finnish","tag-headlines","tag-ilta-sanomat","tag-latest-news","tag-latestnews","tag-main-news","tag-mainnews","tag-news","tag-otsikot","tag-paauutiset","tag-suomi","tag-top-stories","tag-topstories","tag-uutiset"],"share_on_mastodon":{"url":"https:\/\/pubeurope.com\/@fi\/117198513587915116","error":""},"_links":{"self":[{"href":"https:\/\/www.europesays.com\/fi\/wp-json\/wp\/v2\/posts\/339167","targetHints":{"allow":["GET"]}}],"collection":[{"href":"https:\/\/www.europesays.com\/fi\/wp-json\/wp\/v2\/posts"}],"about":[{"href":"https:\/\/www.europesays.com\/fi\/wp-json\/wp\/v2\/types\/post"}],"author":[{"embeddable":true,"href":"https:\/\/www.europesays.com\/fi\/wp-json\/wp\/v2\/users\/2"}],"replies":[{"embeddable":true,"href":"https:\/\/www.europesays.com\/fi\/wp-json\/wp\/v2\/comments?post=339167"}],"version-history":[{"count":0,"href":"https:\/\/www.europesays.com\/fi\/wp-json\/wp\/v2\/posts\/339167\/revisions"}],"wp:featuredmedia":[{"embeddable":true,"href":"https:\/\/www.europesays.com\/fi\/wp-json\/wp\/v2\/media\/339168"}],"wp:attachment":[{"href":"https:\/\/www.europesays.com\/fi\/wp-json\/wp\/v2\/media?parent=339167"}],"wp:term":[{"taxonomy":"category","embeddable":true,"href":"https:\/\/www.europesays.com\/fi\/wp-json\/wp\/v2\/categories?post=339167"},{"taxonomy":"post_tag","embeddable":true,"href":"https:\/\/www.europesays.com\/fi\/wp-json\/wp\/v2\/tags?post=339167"}],"curies":[{"name":"wp","href":"https:\/\/api.w.org\/{rel}","templated":true}]}}