{"id":339169,"date":"2026-09-02T00:02:12","date_gmt":"2026-09-02T00:02:12","guid":{"rendered":"https:\/\/www.europesays.com\/fi\/339169\/"},"modified":"2026-09-02T00:02:12","modified_gmt":"2026-09-02T00:02:12","slug":"kiekko-espoo-noyryytti-kalpaa-superkauden-avauksessa","status":"publish","type":"post","link":"https:\/\/www.europesays.com\/fi\/339169\/","title":{"rendered":"Kiekko-Espoo n\u00f6yryytti KalPaa superkauden avauksessa"},"content":{"rendered":"<p class=\"article-body mb-(--paragraph-margin-b) px-nof-16\">Kiekko-Espoo\u2013KalPa 5\u20131<\/p>\n<p class=\"article-body mb-(--paragraph-margin-b) px-nof-16\">SM-liigan superkausi 2026\u20132027 py\u00f6r\u00e4hti k\u00e4yntiin tiistaina.<\/p>\n<p class=\"article-body mb-(--paragraph-margin-b) px-nof-16\">Kiekko-Espoo avasi valtavien panosten sesongin 5\u20131-kotivoitolla KalPasta. Kuopiolaiset eiv\u00e4t p\u00e4\u00e4sseet otteluun kunnolla mukaan miss\u00e4\u00e4n vaiheessa.<\/p>\n<p class=\"article-body mb-(--paragraph-margin-b) px-nof-16\">Ensimm\u00e4inen er\u00e4 oli K-Espoon hallintaa mutta maaliton. Sitten kuopiolaiset putosivat kelkasta.<\/p>\n<p class=\"article-body mb-(--paragraph-margin-b) px-nof-16\">Kakkoser\u00e4n alussa maalinteon aloitti K-Espoon <a class=\"font-bold underline-offset-[0.12em] [text-decoration:var(--person-link-text-decoration)] [text-decoration-color:var(--person-link-text-decoration-color)]!\" href=\"https:\/\/www.hs.fi\/haku\/?query=Arttu%20Tuomaala\" rel=\"nofollow noopener\" target=\"_blank\">Arttu Tuomaala<\/a>. Peli repsahti, ja p\u00e4\u00e4t\u00f6ser\u00e4\u00e4n l\u00e4hdettiin jo 3\u20130-tilanteesta.<\/p>\n<p class=\"article-body mb-(--paragraph-margin-b) px-nof-16\">Kotijoukkueen maaleista Tuomaalan lis\u00e4ksi vastasivat <a class=\"font-bold underline-offset-[0.12em] [text-decoration:var(--person-link-text-decoration)] [text-decoration-color:var(--person-link-text-decoration-color)]!\" href=\"https:\/\/www.hs.fi\/haku\/?query=Mathias%20From\" rel=\"nofollow noopener\" target=\"_blank\">Mathias From<\/a>, <a class=\"font-bold underline-offset-[0.12em] [text-decoration:var(--person-link-text-decoration)] [text-decoration-color:var(--person-link-text-decoration-color)]!\" href=\"https:\/\/www.hs.fi\/haku\/?query=Linus%20%C3%96berg\" rel=\"nofollow noopener\" target=\"_blank\">Linus \u00d6berg <\/a>ja <a class=\"font-bold underline-offset-[0.12em] [text-decoration:var(--person-link-text-decoration)] [text-decoration-color:var(--person-link-text-decoration-color)]!\" href=\"https:\/\/www.hs.fi\/haku\/?query=Lukas%20Svejkovsky\" rel=\"nofollow noopener\" target=\"_blank\">Lukas Svejkovsky<\/a>, joka osui kahdesti. Voittomaali oli Fromin k\u00e4sialaa.<\/p>\n<p class=\"article-body mb-(--paragraph-margin-b) px-nof-16\">KalPan ainokaisen teki <a class=\"font-bold underline-offset-[0.12em] [text-decoration:var(--person-link-text-decoration)] [text-decoration-color:var(--person-link-text-decoration-color)]!\" href=\"https:\/\/www.hs.fi\/haku\/?query=Ville%20Ruotsalainen\" rel=\"nofollow noopener\" target=\"_blank\">Ville Ruotsalainen<\/a>.<\/p>\n<p class=\"article-body mb-(--paragraph-margin-b) px-nof-16\">Kiekko-Espoon kausi jatkuu lauantaina kotipelill\u00e4 Pelicansia vastaan.<\/p>\n","protected":false},"excerpt":{"rendered":"Kiekko-Espoo\u2013KalPa 5\u20131 SM-liigan superkausi 2026\u20132027 py\u00f6r\u00e4hti k\u00e4yntiin tiistaina. Kiekko-Espoo avasi valtavien panosten sesongin 5\u20131-kotivoitolla KalPasta. Kuopiolaiset eiv\u00e4t p\u00e4\u00e4sseet&hellip;\n","protected":false},"author":2,"featured_media":339170,"comment_status":"","ping_status":"","sticky":false,"template":"","format":"standard","meta":{"footnotes":"","_share_on_mastodon":"0"},"categories":[5],"tags":[22,23,26,27,33,31,30,17,46,24,25,28,29,15,18,21,32,19,20,16],"class_list":["post-339169","post","type-post","status-publish","format-standard","has-post-thumbnail","category-otsikot","tag-breaking-news","tag-breakingnews","tag-featured-news","tag-featurednews","tag-fi","tag-finland","tag-finnish","tag-headlines","tag-helsingin-sanomat","tag-latest-news","tag-latestnews","tag-main-news","tag-mainnews","tag-news","tag-otsikot","tag-paauutiset","tag-suomi","tag-top-stories","tag-topstories","tag-uutiset"],"share_on_mastodon":{"url":"https:\/\/pubeurope.com\/@fi\/117198516858125404","error":""},"_links":{"self":[{"href":"https:\/\/www.europesays.com\/fi\/wp-json\/wp\/v2\/posts\/339169","targetHints":{"allow":["GET"]}}],"collection":[{"href":"https:\/\/www.europesays.com\/fi\/wp-json\/wp\/v2\/posts"}],"about":[{"href":"https:\/\/www.europesays.com\/fi\/wp-json\/wp\/v2\/types\/post"}],"author":[{"embeddable":true,"href":"https:\/\/www.europesays.com\/fi\/wp-json\/wp\/v2\/users\/2"}],"replies":[{"embeddable":true,"href":"https:\/\/www.europesays.com\/fi\/wp-json\/wp\/v2\/comments?post=339169"}],"version-history":[{"count":0,"href":"https:\/\/www.europesays.com\/fi\/wp-json\/wp\/v2\/posts\/339169\/revisions"}],"wp:featuredmedia":[{"embeddable":true,"href":"https:\/\/www.europesays.com\/fi\/wp-json\/wp\/v2\/media\/339170"}],"wp:attachment":[{"href":"https:\/\/www.europesays.com\/fi\/wp-json\/wp\/v2\/media?parent=339169"}],"wp:term":[{"taxonomy":"category","embeddable":true,"href":"https:\/\/www.europesays.com\/fi\/wp-json\/wp\/v2\/categories?post=339169"},{"taxonomy":"post_tag","embeddable":true,"href":"https:\/\/www.europesays.com\/fi\/wp-json\/wp\/v2\/tags?post=339169"}],"curies":[{"name":"wp","href":"https:\/\/api.w.org\/{rel}","templated":true}]}}