{"id":339173,"date":"2026-09-02T00:22:17","date_gmt":"2026-09-02T00:22:17","guid":{"rendered":"https:\/\/www.europesays.com\/fi\/339173\/"},"modified":"2026-09-02T00:22:17","modified_gmt":"2026-09-02T00:22:17","slug":"tangoherkkua-savonlinnassa-perjantaina-trio-tanguango-savonlinna-kuoro-ja-mikkelin-kaupunginorkesteri-ja-tangon-taika-paikalliset","status":"publish","type":"post","link":"https:\/\/www.europesays.com\/fi\/339173\/","title":{"rendered":"Tangoherkkua Savonlinnassa perjantaina: Trio Tanguango, Savonlinna-kuoro ja Mikkelin kaupunginorkesteri ja tangon taika | Paikalliset"},"content":{"rendered":"<p>Perjantai-iltana t\u00e4yttyy Melartin-sali argentiinalaisesta ja suomalaisesta tangosta. Tekij\u00f6it\u00e4 on komea joukko: Savonlinna-kuoro, Mikkelin kaupunginorkesteri, ihana Trio Tanguango Savonlinnasta sek\u00e4 solistit <strong>P\u00e4ivi Pylv\u00e4n\u00e4inen<\/strong>, sopraano, ja <strong>Joonas Orrain<\/strong>, baritoni, tiedotteessa kerrotaan.<\/p>\n<p>Trio Tanguango eli <strong>Susanna Mieskonen-Makkonen<\/strong>, viulu,<strong> Kirsi Laamanen<\/strong>, harmonikka, ja <strong>Maija Teikari<\/strong>, piano, tunnetaan vahvoista ja mukaansa vievist\u00e4 tangotulkinnoistaan. Nyt samaan kohtalokkaaseen menoon l\u00e4htev\u00e4t mukaan kuoro, orkesteri ja solistit, joten voi odottaa roihuavaa tunteen paloa.<\/p>\n<p>Konsertin johtaa <strong>Matti Makkonen<\/strong>, joka on my\u00f6s sovittanut suuren osan tangoista.<\/p>\n<p>Kaksi rantaa, yksi tango -konsertti aloittaa my\u00f6s Olavin Jazzin syyskauden, joka pit\u00e4\u00e4 sis\u00e4ll\u00e4\u00e4n kymmenen tapahtumaa.<\/p>\n<p>Kyseess\u00e4 on my\u00f6s Savonlinnan kuorofestivaalin avajaiskonsertti.<\/p>\n<p>\t\t<a class=\"diks-gallery__link\" href=\"https:\/\/i.media.fi\/incoming\/14p7eg\/11061140.jpg\/alternates\/FREE_1440\/11061140.jpg\" data-thumbnail=\"\" data-sub-html=\"Mikkelin kaupunginorkesteri tulee Savonlinnaan soittamaan tangoa. Pihla Liukkonen\/Kontrastia\" aria-label=\"Katso isompi kuva\" rel=\"nofollow noopener\" target=\"_blank\"><br \/>\n\t\t\t\t<img class=\"diks-figure__image\" src=\"https:\/\/www.europesays.com\/fi\/wp-content\/uploads\/2026\/09\/11061140.jpg\" loading=\"lazy\" decoding=\"sync\" alt=\"\"\/><\/p>\n<p>\t\t\t<\/a><br \/>\n\t\t\t\t\tMikkelin kaupunginorkesteri tulee Savonlinnaan soittamaan tangoa. Pihla Liukkonen\/Kontrastia<\/p>\n<p>Kuorofestivaali on ripoteltu elo\u2013syyskuun ajalle. Se alkoi Savonlinna-kuoron avoimilla harjoituksilla viime viikonloppuna ja Kaksi rantaa, yksi tango -konsertin j\u00e4lkeen jatkuu sunnuntaina Enemm\u00e4n laulua Savonlinnaan -yhteislauluhetkell\u00e4 Joel Lehtosen puistossa.<\/p>\n<p>Yhteislaulutilaisuus on samalla Laulava kunta -hankkeen aloitusjuhla. Yleis\u00f6n mukana laulamassa ovat muun muassa Iloinen lapsikuoro ja Savonlinna-kuoro. Sateen sattuessa yhteislaulutilaisuus siirret\u00e4\u00e4n l\u00e4heiseen Melartin-saliin.<\/p>\n<p>Tangokonsertti Kaksi rantaa, yksi tango kuullaan jo torstaina 3.9. Mikaelissa Mikkeliss\u00e4. Siell\u00e4 konsertti aloittaa Mikkelin kaupunginorkesterin syyskauden.<\/p>\n<p class=\"diks-storyline__additional-information\">Pe 4.9. klo 18. Melartin-sali, Kaksi rantaa, yksi tango \u2013 Argentiinalaisen ja suomalaisen tangon konsertti.<\/p>\n<p class=\"diks-storyline__additional-information\">Su 6.9. klo 15 Joel Lehtosen puisto, yhteislaulutilaisuus Enemm\u00e4n laulua Savonlinnaan \u2013 Laulava kunta -hankkeen aloitus, vapaa p\u00e4\u00e4sy.<\/p>\n","protected":false},"excerpt":{"rendered":"Perjantai-iltana t\u00e4yttyy Melartin-sali argentiinalaisesta ja suomalaisesta tangosta. Tekij\u00f6it\u00e4 on komea joukko: Savonlinna-kuoro, Mikkelin kaupunginorkesteri, ihana Trio Tanguango Savonlinnasta&hellip;\n","protected":false},"author":2,"featured_media":339174,"comment_status":"","ping_status":"","sticky":false,"template":"","format":"standard","meta":{"footnotes":"","_share_on_mastodon":"0"},"categories":[130],"tags":[138,137,33,31,30,108,685,686,47,1000,32,484,109],"class_list":["post-339173","post","type-post","status-publish","format-standard","has-post-thumbnail","category-viihde","tag-audio","tag-entertainment","tag-fi","tag-finland","tag-finnish","tag-kulttuuri","tag-mikkeli","tag-mikkelin-seutukunta","tag-musiikki","tag-savonlinna","tag-suomi","tag-taiteellinen-ilmaisu-ja-mediat","tag-viihde"],"share_on_mastodon":{"url":"https:\/\/pubeurope.com\/@fi\/117198595760163883","error":""},"_links":{"self":[{"href":"https:\/\/www.europesays.com\/fi\/wp-json\/wp\/v2\/posts\/339173","targetHints":{"allow":["GET"]}}],"collection":[{"href":"https:\/\/www.europesays.com\/fi\/wp-json\/wp\/v2\/posts"}],"about":[{"href":"https:\/\/www.europesays.com\/fi\/wp-json\/wp\/v2\/types\/post"}],"author":[{"embeddable":true,"href":"https:\/\/www.europesays.com\/fi\/wp-json\/wp\/v2\/users\/2"}],"replies":[{"embeddable":true,"href":"https:\/\/www.europesays.com\/fi\/wp-json\/wp\/v2\/comments?post=339173"}],"version-history":[{"count":0,"href":"https:\/\/www.europesays.com\/fi\/wp-json\/wp\/v2\/posts\/339173\/revisions"}],"wp:featuredmedia":[{"embeddable":true,"href":"https:\/\/www.europesays.com\/fi\/wp-json\/wp\/v2\/media\/339174"}],"wp:attachment":[{"href":"https:\/\/www.europesays.com\/fi\/wp-json\/wp\/v2\/media?parent=339173"}],"wp:term":[{"taxonomy":"category","embeddable":true,"href":"https:\/\/www.europesays.com\/fi\/wp-json\/wp\/v2\/categories?post=339173"},{"taxonomy":"post_tag","embeddable":true,"href":"https:\/\/www.europesays.com\/fi\/wp-json\/wp\/v2\/tags?post=339173"}],"curies":[{"name":"wp","href":"https:\/\/api.w.org\/{rel}","templated":true}]}}