{"id":339179,"date":"2026-09-02T00:27:20","date_gmt":"2026-09-02T00:27:20","guid":{"rendered":"https:\/\/www.europesays.com\/fi\/339179\/"},"modified":"2026-09-02T00:27:20","modified_gmt":"2026-09-02T00:27:20","slug":"eurooppalaisen-raideleveyden-radan-suunnittelu-laajenee","status":"publish","type":"post","link":"https:\/\/www.europesays.com\/fi\/339179\/","title":{"rendered":"Eurooppalaisen raideleveyden radan suunnittelu laajenee"},"content":{"rendered":"<p><strong class=\"typography-bold\">Hallitus on tiedottanut budjettiriihineuvottelunsa tuloksista t\u00e4n\u00e4\u00e4n illalla.<\/strong><\/p>\n<p>Hallitus on p\u00e4\u00e4tt\u00e4nyt budjettiriihess\u00e4\u00e4n, ett\u00e4 eurooppalaisen raideleveyden ratahanke laajenee Rovaniemelle ja Ouluun. Asiasta kertoo liikenne- ja viestint\u00e4ministeri, perussuomalaisten <strong class=\"typography-bold\">Lulu Ranne<\/strong> STT:lle.<\/p>\n<p><strong class=\"typography-bold\">Lue my\u00f6s: <\/strong><a class=\"cursor-pointer underline\" data-testid=\"internal-link\" role=\"link\" href=\"https:\/\/www.mtvuutiset.fi\/artikkeli\/junayhteys-ruotsiin-avattiin-40-vuoden-jalkeen-mtv-mukana-ensimmaisella-matkalla\/9376058\" rel=\"nofollow noopener\" target=\"_blank\"><strong class=\"typography-bold\">Junayhteys Ruotsiin avattiin 40 vuoden j\u00e4lkeen \u2013 MTV mukana ensimm\u00e4isell\u00e4 matkalla<\/strong><\/a><\/p>\n<p>Ensimm\u00e4isess\u00e4 vaiheessa on suunniteltu yhteytt\u00e4 Haaparanta\u2013Tornio-rajanylityspaikalta Kemiin.<\/p>\n<p>Hallitus on tiedottanut budjettiriihineuvottelunsa tuloksista t\u00e4n\u00e4\u00e4n illalla.<\/p>\n<p><strong class=\"typography-bold\">Lue lis\u00e4\u00e4: <\/strong><a class=\"cursor-pointer underline\" data-testid=\"internal-link\" role=\"link\" href=\"https:\/\/www.mtvuutiset.fi\/artikkeli\/suora-lahetys-kello-20-budjettiriihi-valmis-mtv-seuraa-hallituksen-tiedotustilaisuutta\/9386562\" rel=\"nofollow noopener\" target=\"_blank\"><strong class=\"typography-bold\">Orpo: Talous yh\u00e4 vakavasti ep\u00e4tasapainossa \u2013 Purralta karu esimerkki valtion velasta<\/strong><\/a><a class=\"cursor-pointer underline\" data-testid=\"internal-link\" role=\"link\" href=\"https:\/\/www.mtvuutiset.fi\/artikkeli\/budjettiriihelle-satelee-kritiikkia-oppositiosta-ei-sisalla-mitaan-ratkaisua-tyottomyyskriisiin\/9386642\" rel=\"nofollow noopener\" target=\"_blank\"><strong class=\"typography-bold\">Budjettiriihelle satelee kritiikki\u00e4 oppositiosta: &#8221;Ei sis\u00e4ll\u00e4 mit\u00e4\u00e4n ratkaisua k\u00e4sist\u00e4 t\u00e4ysin karanneeseen ty\u00f6tt\u00f6myyskriisiin&#8221;<\/strong><\/a><\/p>\n<p>45:54<img alt=\"Budjettiriihi valmis \u2013 katso hallituksen tiedotustilaisuus\" data-testid=\"web-player-broker-image\" fetchpriority=\"low\" loading=\"lazy\" decoding=\"async\" data-nimg=\"fill\" class=\"transition duration-700 ease-in-out hover:scale-[1.05]\" style=\"position:absolute;height:100%;width:100%;left:0;top:0;right:0;bottom:0;color:transparent;background-size:cover;background-position:50% 50%;background-repeat:no-repeat;background-image:url(&quot;data:image\/svg+xml;base64,Cjxzdmcgd2lkdGg9IjcyMCIgaGVpZ2h0PSI0MDUiIHZlcnNpb249IjEuMSIgeG1sbnM9Imh0dHA6Ly93d3cudzMub3JnLzIwMDAvc3ZnIiB4bWxuczp4bGluaz0iaHR0cDovL3d3dy53My5vcmcvMTk5OS94bGluayI+CiAgPGRlZnM+CiAgICA8bGluZWFyR3JhZGllbnQgaWQ9ImciPgogICAgICA8c3RvcCBzdG9wLWNvbG9yPSIjMEIxODIzIiBvZmZzZXQ9IjIwJSIgLz4KICAgICAgPHN0b3Agc3RvcC1jb2xvcj0iIzFBMjczMiIgb2Zmc2V0PSI1MCUiIC8+CiAgICAgIDxzdG9wIHN0b3AtY29sb3I9IiMwQjE4MjMiIG9mZnNldD0iNzAlIiAvPgogICAgPC9saW5lYXJHcmFkaWVudD4KICA8L2RlZnM+CiAgPHJlY3Qgd2lkdGg9IjcyMCIgaGVpZ2h0PSI0MDUiIGZpbGw9IiMwQjE4MjMiIC8+CiAgPHJlY3QgaWQ9InIiIHdpZHRoPSI3MjAiIGhlaWdodD0iNDA1IiBmaWxsPSJ1cmwoI2cpIiAvPgogIDxhbmltYXRlIHhsaW5rOmhyZWY9IiNyIiBhdHRyaWJ1dGVOYW1lPSJ4IiBmcm9tPSItNzIwIiB0bz0iNzIwIiBkdXI9IjFzIiByZXBlYXRDb3VudD0iaW5kZWZpbml0ZSIgIC8+Cjwvc3ZnPg==&quot;)\"   src=\"https:\/\/www.europesays.com\/fi\/wp-content\/uploads\/2026\/09\/imageproxy.a2d.tv.jpeg\"\/><\/p>\n","protected":false},"excerpt":{"rendered":"Hallitus on tiedottanut budjettiriihineuvottelunsa tuloksista t\u00e4n\u00e4\u00e4n illalla. Hallitus on p\u00e4\u00e4tt\u00e4nyt budjettiriihess\u00e4\u00e4n, ett\u00e4 eurooppalaisen raideleveyden ratahanke laajenee Rovaniemelle ja&hellip;\n","protected":false},"author":2,"featured_media":339180,"comment_status":"","ping_status":"","sticky":false,"template":"","format":"standard","meta":{"footnotes":"","_share_on_mastodon":"0"},"categories":[12],"tags":[22,23,26,27,33,31,30,17,24,25,28,29,15,18,21,32,19,20,16],"class_list":["post-339179","post","type-post","status-publish","format-standard","has-post-thumbnail","category-suomi","tag-breaking-news","tag-breakingnews","tag-featured-news","tag-featurednews","tag-fi","tag-finland","tag-finnish","tag-headlines","tag-latest-news","tag-latestnews","tag-main-news","tag-mainnews","tag-news","tag-otsikot","tag-paauutiset","tag-suomi","tag-top-stories","tag-topstories","tag-uutiset"],"share_on_mastodon":{"url":"https:\/\/pubeurope.com\/@fi\/117198615298045922","error":""},"_links":{"self":[{"href":"https:\/\/www.europesays.com\/fi\/wp-json\/wp\/v2\/posts\/339179","targetHints":{"allow":["GET"]}}],"collection":[{"href":"https:\/\/www.europesays.com\/fi\/wp-json\/wp\/v2\/posts"}],"about":[{"href":"https:\/\/www.europesays.com\/fi\/wp-json\/wp\/v2\/types\/post"}],"author":[{"embeddable":true,"href":"https:\/\/www.europesays.com\/fi\/wp-json\/wp\/v2\/users\/2"}],"replies":[{"embeddable":true,"href":"https:\/\/www.europesays.com\/fi\/wp-json\/wp\/v2\/comments?post=339179"}],"version-history":[{"count":0,"href":"https:\/\/www.europesays.com\/fi\/wp-json\/wp\/v2\/posts\/339179\/revisions"}],"wp:featuredmedia":[{"embeddable":true,"href":"https:\/\/www.europesays.com\/fi\/wp-json\/wp\/v2\/media\/339180"}],"wp:attachment":[{"href":"https:\/\/www.europesays.com\/fi\/wp-json\/wp\/v2\/media?parent=339179"}],"wp:term":[{"taxonomy":"category","embeddable":true,"href":"https:\/\/www.europesays.com\/fi\/wp-json\/wp\/v2\/categories?post=339179"},{"taxonomy":"post_tag","embeddable":true,"href":"https:\/\/www.europesays.com\/fi\/wp-json\/wp\/v2\/tags?post=339179"}],"curies":[{"name":"wp","href":"https:\/\/api.w.org\/{rel}","templated":true}]}}