{"id":339187,"date":"2026-09-02T00:51:08","date_gmt":"2026-09-02T00:51:08","guid":{"rendered":"https:\/\/www.europesays.com\/fi\/339187\/"},"modified":"2026-09-02T00:51:08","modified_gmt":"2026-09-02T00:51:08","slug":"eun-ilmastokomissaari-sanoo-olevansa-valmis-katsomaan-pitaako-hiilinielujen-laskentatapaa-muuttaa","status":"publish","type":"post","link":"https:\/\/www.europesays.com\/fi\/339187\/","title":{"rendered":"EU:n ilmastokomissaari sanoo olevansa valmis katsomaan, pit\u00e4\u00e4k\u00f6 hiilinielujen laskentatapaa muuttaa"},"content":{"rendered":"<p class=\"article-body mb-(--paragraph-margin-b) px-nof-16\">Bryssel<\/p>\n<p class=\"article-body mb-(--paragraph-margin-b) px-nof-16\">EU:n ilmastokomissaari <a class=\"font-bold underline-offset-[0.12em] [text-decoration:var(--person-link-text-decoration)] [text-decoration-color:var(--person-link-text-decoration-color)]!\" href=\"https:\/\/www.hs.fi\/haku\/?query=Wopke%20Hoekstra\" rel=\"nofollow noopener\" target=\"_blank\">Wopke Hoekstra<\/a> lupaa joustavuutta, kun komissio ensi vuonna arvioi, kuinka j\u00e4senmaat ylt\u00e4v\u00e4t niille asetettuihin hiilinielutavoitteisiin. Se tarkoittaa, ett\u00e4 Suomi voisi \u2013 ainakin joltain osin \u2013 v\u00e4ltt\u00e4\u00e4 nielujen romahtamisesta koituvan miljardilaskun.<\/p>\n<p class=\"article-body mb-(--paragraph-margin-b) px-nof-16\">EU on asettanut tavoitteeksi, ett\u00e4 hiilidioksidia ilmakeh\u00e4st\u00e4 sitovia nieluja, kuten metsi\u00e4 kasvatetaan vuosikymmenen loppuun menness\u00e4. Toteutunut suunta on kuitenkin p\u00e4invastainen: nielut ovat supistuneet yli vuosikymmenen ajan, mik\u00e4 uhkaa jo vied\u00e4 pohjan EU:n p\u00e4\u00e4st\u00f6v\u00e4hennystavoitteilta.<\/p>\n<p class=\"article-body mb-(--paragraph-margin-b) px-nof-16\">Harvassa maassa tilanne on yht\u00e4 paha kuin Suomessa, miss\u00e4 metsien hiilinielujen romahtaminen on johtanut siihen, ett\u00e4 maank\u00e4ytt\u00f6sektori on muuttunut p\u00e4\u00e4st\u00f6jen sitojasta p\u00e4\u00e4st\u00f6jen l\u00e4hteeksi. Hiilinielujen supistumisen taustalla ovat muun muassa lis\u00e4\u00e4ntyneet hakkuut sek\u00e4 metsien kasvun hidastuminen.<\/p>\n<p class=\"article-body mb-(--paragraph-margin-b) px-nof-16\">Suomen voi olla vaikea ylt\u00e4\u00e4 hiilinielutavoitteisiin, komissio arvioi marraskuussa.<\/p>\n<p class=\"article-body mb-(--paragraph-margin-b) px-nof-16\">Suomessa on her\u00e4nnyt huoli siit\u00e4, millaisia taloudellisia seurauksia nielutavoitteesta lipsumisesta koituu.<\/p>\n<p class=\"article-body mb-(--paragraph-margin-b) px-nof-16\">EU-s\u00e4\u00e4nt\u00f6jen mukaan tavoitteestaan j\u00e4\u00e4v\u00e4 j\u00e4senmaa voi ostaa niin kutsuttuja nieluyksik\u00f6it\u00e4 mailta, joiden hiilinielut ovat vahvistuneet tavoitetta enemm\u00e4n. Suomessa on esitetty varoituksia mahdollisesta miljardilaskusta valtiolle.<\/p>\n<p class=\"article-body mb-(--paragraph-margin-b) px-nof-16\">P\u00e4\u00e4t\u00f6s asiasta saadaan ensi vuonna, kun Euroopan komissio julkistaa v\u00e4liarvion j\u00e4senmaiden hiilinieluista.<\/p>\n<p class=\"article-body mb-(--paragraph-margin-b) px-nof-16\">Ilmastokomissaari Hoekstra viestii kuitenkin, ett\u00e4 komissio aikoo ottaa arviossaan huomioon j\u00e4senmaiden huolet ja esimerkiksi nielujen laskentatapaan liittyv\u00e4n kritiikin, jota Suomessakin on esitetty.<\/p>\n<p class=\"article-body mb-(--paragraph-margin-b) px-nof-16\">Hoekstran mukaan ongelma ei ole yksin Suomen, vaan 10\u201315 vuotta sitten tehdyt ennusteet hiilinielujen kehittymisest\u00e4 eiv\u00e4t yleisesti ottaen ole toteutuneet. Komission marraskuisen arvion mukaan 11 j\u00e4senmaata uhkaa j\u00e4\u00e4d\u00e4 nielutavoitteestaan.<\/p>\n<p class=\"article-body mb-(--paragraph-margin-b) px-nof-16\">\u201dVoit joko syytt\u00e4\u00e4 yrityksi\u00e4 tai j\u00e4senmaita tai sitten olet ratkaisukeskeinen ja katsot, mit\u00e4 muita keinoja ongelman ratkaisemiseen on\u201d, Hoekstra sanoo.<\/p>\n<p class=\"article-body mb-(--paragraph-margin-b) px-nof-16\">Parhaillaan komissio uudistaa tapaa, jolla nielujen suuruutta lasketaan.<\/p>\n<p class=\"article-body mb-(--paragraph-margin-b) px-nof-16\">\u201dEn edustaa koulukuntaa, joka ajattelisi, ett\u00e4 jos et yll\u00e4 rimaan, laske rimaa. Mutta samaan aikaan meid\u00e4n on oltava valmiita katsomaan, miss\u00e4 m\u00e4\u00e4rin laskentamenetelmiin kohdistuva kritiikki on perusteltua. Ja jos se on perusteltua, meid\u00e4n pit\u00e4\u00e4 katsoa, onko olemassa parempaa menetelm\u00e4\u00e4\u201d, Hoekstra sanoo.<\/p>\n<p class=\"article-body mb-(--paragraph-margin-b) px-nof-16\">Suomessa on her\u00e4nnyt toive siit\u00e4, ett\u00e4 laskentamenetelm\u00e4n muutosten ansiosta <a class=\"underline underline-offset-[0.12em] [text-decoration-thickness:var(--generic-link-underline-thickness)] [text-decoration-color:var(--generic-link-underline-color)] [text-decoration-skip-ink:var(--generic-link-underline-skip-ink)] break-words\" href=\"https:\/\/www.hs.fi\/politiikka\/art-2000012098878.html\" rel=\"nofollow noopener\" target=\"_blank\">Suomi voisi v\u00e4ltt\u00e4\u00e4 nieluyksik\u00f6iden ostamisen<\/a>.<\/p>\n<p class=\"article-body mb-(--paragraph-margin-b) px-nof-16\">\u201dP\u00e4ivitettyjen laskelmien mukaan n\u00e4ytt\u00e4isi mahdolliselta, ett\u00e4 Suomi voisi saavuttaa \u2013 \u2013 velvoitteensa kaudella 2021\u20132025, riippuen metsien vertailutasoon hyv\u00e4ksytt\u00e4vist\u00e4 korjauksista\u201d, kes\u00e4kuussa julkaistussa ilmastovuosikertomuksessa todetaan.<\/p>\n<p class=\"article-body mb-(--paragraph-margin-b) px-nof-16\">Voisivatko muutokset laskentamenetelmiin olla niin merkitt\u00e4vi\u00e4, ett\u00e4 Suomi v\u00e4lttyisi kokonaan hiiliyksik\u00f6iden ostamiselta?<\/p>\n<p class=\"article-body mb-(--paragraph-margin-b) px-nof-16\">\u201dMeid\u00e4n t\u00e4ytyy arvioida sit\u00e4.\u201d<\/p>\n<p class=\"article-body mb-(--paragraph-margin-b) px-nof-16\">Menetelmien uudistaminen on osin viel\u00e4 kesken, eik\u00e4 vastauksia kaikkiin kysymyksiin ole viel\u00e4, Hoekstra sanoo. Komissio antaa arvionsa j\u00e4senmaiden hiilinieluista ensi vuonna.<\/p>\n<p><img decoding=\"async\" src=\"https:\/\/www.europesays.com\/fi\/wp-content\/uploads\/2026\/09\/1788310268_11_468.jpg\" alt=\"Hoekstra sanoo saaneensa paljon tukea Suomen hallitukselta, kun EU sopi 90 prosentin p\u00e4\u00e4st\u00f6v\u00e4hennystavoitteesta vuodelle 2040.\" class=\"_Img_1rerz_1\" style=\"aspect-ratio:1920\/1280\" loading=\"eager\"\/><\/p>\n<p class=\"font-(family-name:--picture-caption-font-family) text-(length:--picture-caption-font-size) leading-(--picture-caption-leading) font-(--picture-caption-font-weight) text-(color:--picture-caption-color) picture-with-caption__caption picture-with-caption__caption--default-full\">Hoekstra sanoo saaneensa paljon tukea Suomen hallitukselta, kun EU sopi 90 prosentin p\u00e4\u00e4st\u00f6v\u00e4hennystavoitteesta vuodelle 2040. Kuva:\u00a0Juha Roininen<\/p>\n<p class=\"article-body mb-(--paragraph-margin-b) px-nof-16\">Helsingin Sanomat haastatteli Hoekstraa t\u00e4m\u00e4n keskiviikkoisen Suomen-vierailun alla. L\u00e4pi haastattelun komissaari muotoilee vastauksensa varovasti. H\u00e4n kertoo oppineensa, ett\u00e4 Suomessa on miljoona mets\u00e4nomistajaa ja mets\u00e4t ovat \u201dj\u00e4rjen ja syd\u00e4men asia\u201d.<\/p>\n<p class=\"article-body mb-(--paragraph-margin-b) px-nof-16\">\u201dOlen eritt\u00e4in tietoinen siit\u00e4, kuinka hirvitt\u00e4v\u00e4n herkk\u00e4 t\u00e4m\u00e4 aihe on erityisesti Suomessa ja Ruotsissa.\u201d<\/p>\n<p class=\"article-body mb-(--paragraph-margin-b) px-nof-16\">H\u00e4n kehuu my\u00f6s Suomen linjaa ilmastopolitiikassa.<\/p>\n<p class=\"article-body mb-(--paragraph-margin-b) px-nof-16\">\u201dSuomi on tehnyt h\u00e4mm\u00e4stytt\u00e4v\u00e4\u00e4 ty\u00f6t\u00e4 p\u00e4\u00e4st\u00f6jen v\u00e4hent\u00e4misess\u00e4 sek\u00e4 ilmastopolitiikan kytkemisess\u00e4 kilpailukykyyn ja Ven\u00e4j\u00e4-riippuvuuden v\u00e4hent\u00e4miseen\u201d, h\u00e4n kiittelee.<\/p>\n<p class=\"article-body mb-(--paragraph-margin-b) px-nof-16\">Hoekstran mukaan Suomen menestysreseptin ytimess\u00e4 ovat merkitt\u00e4v\u00e4t investoinnit vahvoihin verkkoihin, ydinvoimaan ja uusiutuvaan.<\/p>\n<p class=\"article-body mb-(--paragraph-margin-b) px-nof-16\">\u201dT\u00e4m\u00e4 suomalainen resepti, joka eri muodoissaan n\u00e4kyy my\u00f6s Ruotsissa ja Tanskassa, on minusta resepti koko EU:lle.\u201d<\/p>\n<p class=\"article-body mb-(--paragraph-margin-b) px-nof-16\">Hoekstra jatkaa viel\u00e4 erin\u00e4isten suomalaisten tahojen kehumista, mutta palataanpa viel\u00e4 hetkeksi komissaarille ep\u00e4mieluisampaan nielukysymykseen.<\/p>\n<p class=\"article-body mb-(--paragraph-margin-b) px-nof-16\">\u201dSuomalaisen menestysreseptin\u201d tuloksia p\u00e4\u00e4st\u00f6v\u00e4hennysten osalta on tosiaan vaikeaa kiist\u00e4\u00e4: vuodesta 1990 suomalaisen teollisuuden p\u00e4\u00e4st\u00f6t ovat puolittuneet ja energiantuotannon p\u00e4\u00e4st\u00f6t laskeneet t\u00e4t\u00e4kin enemm\u00e4n. Sitke\u00e4t liikenteen p\u00e4\u00e4st\u00f6tkin ovat v\u00e4hentyneet l\u00e4hes viidenneksen.<\/p>\n<p class=\"article-body mb-(--paragraph-margin-b) px-nof-16\">Yht\u00e4l\u00f6n toisella puolella p\u00e4\u00e4st\u00f6j\u00e4 sitovat nielut ovat kuitenkin romahtaneet niin, ett\u00e4 Suomen kokonaisnettop\u00e4\u00e4st\u00f6t ovat edelleen 6 prosenttia suuremmat kuin vuonna 1990.<\/p>\n<p class=\"article-body mb-(--paragraph-margin-b) px-nof-16\">Suomi ei ole yksin, vaan ongelma on eurooppalainen. EU:n ilmastopaneeli on varoittanut, ett\u00e4 hiilinielujen romahtaminen uhkaa unionin ilmastotavoitteita.<\/p>\n<p class=\"article-body mb-(--paragraph-margin-b) px-nof-16\">Ratkaisuksi paneeli on esitt\u00e4nyt p\u00e4\u00e4st\u00f6kaupan ulottamista maank\u00e4ytt\u00f6sektorille. Paneelin mukaan lis\u00e4\u00e4ntynyt bioenergian k\u00e4ytt\u00f6 on yksi nielujen romahduksen aiheuttajista, ja p\u00e4\u00e4st\u00f6jen hinnoittelu v\u00e4hent\u00e4isi puun polttamista bioenergiaksi.<\/p>\n<p class=\"article-body mb-(--paragraph-margin-b) px-nof-16\">Hoekstra ei halua ottaa esitykseen mink\u00e4\u00e4nlaista kantaa.<\/p>\n<p class=\"article-body mb-(--paragraph-margin-b) px-nof-16\">\u201dTied\u00e4n, millaisen dynamiikan se loisi, jos sanoisin haastattelussa, ett\u00e4 se on yksi vaihtoehto\u201d.<\/p>\n<p class=\"article-body mb-(--paragraph-margin-b) px-nof-16\">Rivien v\u00e4list\u00e4 on luettavissa skeptisyytt\u00e4. Hoekstra korostaa, ett\u00e4 ratkaisuilla on aina oltava my\u00f6s liike-el\u00e4m\u00e4n ja yhteiskunnan tuki, ja niiden taakse on l\u00f6ydytt\u00e4v\u00e4 riitt\u00e4v\u00e4 poliittinen enemmist\u00f6.<\/p>\n<p class=\"article-body mb-(--paragraph-margin-b) px-nof-16\">Poliittiset tuulet Euroopassa ovatkin k\u00e4\u00e4ntyneet ilmastotoimia vastaan. Viime syksyn\u00e4 EU-maat sopivat pitkien ja vaikeiden neuvotteluiden j\u00e4lkeen vuodelle 2040 asetettavasta p\u00e4\u00e4st\u00f6v\u00e4hennys\u00adtavoitteesta. Maat sitoutuivat v\u00e4hent\u00e4m\u00e4\u00e4n EU:n p\u00e4\u00e4st\u00f6j\u00e4 90 prosenttia vuoden 1990 tasosta.<\/p>\n<p class=\"article-body mb-(--paragraph-margin-b) px-nof-16\">Parhaillaan komissio valmistelee Hoekstran johdolla esityksi\u00e4 siit\u00e4, miten tavoite jaetaan eri sektoreille. T\u00e4ss\u00e4 yhteydess\u00e4 komissio joutuu my\u00f6s pohtimaan, mik\u00e4 rooli hiilinieluilla on tulevassa ilmastos\u00e4\u00e4ntelyss\u00e4.<\/p>\n<p class=\"article-body mb-(--paragraph-margin-b) px-nof-16\"><a class=\"underline underline-offset-[0.12em] [text-decoration-thickness:var(--generic-link-underline-thickness)] [text-decoration-color:var(--generic-link-underline-color)] [text-decoration-skip-ink:var(--generic-link-underline-skip-ink)] break-words\" href=\"https:\/\/www.hs.fi\/politiikka\/art-2000011581598.html\" rel=\"nofollow noopener\" target=\"_blank\">EU-johtajat ovat jo ohjeistaneet komissiota<\/a>, ett\u00e4 nielutavoitteiden pit\u00e4\u00e4 jatkossa olla \u201drealistiset\u201d.<\/p>\n<p class=\"article-body mb-(--paragraph-margin-b) px-nof-16\">Mit\u00e4 EU:n pit\u00e4isi oppia siit\u00e4, ett\u00e4 ilmastopolitiikan pohjalla olevat nieluennusteet ovat menneet niin pahasti m\u00f6nk\u00e4\u00e4n? Hoekstran mukaan johtop\u00e4\u00e4t\u00f6ksi\u00e4 on kaksi.<\/p>\n<p class=\"article-body mb-(--paragraph-margin-b) px-nof-16\">Ensimm\u00e4inen on, ett\u00e4 EU:n t\u00e4ytyy olla valmis reagoimaan maailman muutokseen.<\/p>\n<p class=\"article-body mb-(--paragraph-margin-b) px-nof-16\">\u201dJos olet laivassa merell\u00e4, ja s\u00e4\u00e4 muuttuu rajusti, voit pysy\u00e4 alkuper\u00e4isess\u00e4 suunnitelmassa, mutta todenn\u00e4k\u00f6isesti on parempi vaihtaa kurssia. Tarvitsemme yhdistelm\u00e4n ennakoitavuutta ja reagointikyky\u00e4.\u201d<\/p>\n<p class=\"article-body mb-(--paragraph-margin-b) px-nof-16\">Toinen on se, ett\u00e4 ilmastopolitiikka ei ole riitt\u00e4v\u00e4sti ottanut huomioon maiden erilaisia olosuhteita.<\/p>\n<p class=\"article-body mb-(--paragraph-margin-b) px-nof-16\">\u201dKaikille maille t\u00e4ytyy olla minimistandardit, mutta samaan aikaan haluamme, ett\u00e4 maat voivat hy\u00f6dynt\u00e4\u00e4 vahvuuksiaan ja kenties investoida enemm\u00e4n sinne, miss\u00e4 n\u00e4kev\u00e4t mahdollisuuksia ja kompensoida sill\u00e4 hitautta toisilla aloilla.\u201d<\/p>\n","protected":false},"excerpt":{"rendered":"Bryssel EU:n ilmastokomissaari Wopke Hoekstra lupaa joustavuutta, kun komissio ensi vuonna arvioi, kuinka j\u00e4senmaat ylt\u00e4v\u00e4t niille asetettuihin hiilinielutavoitteisiin.&hellip;\n","protected":false},"author":2,"featured_media":339188,"comment_status":"","ping_status":"","sticky":false,"template":"","format":"standard","meta":{"footnotes":"","_share_on_mastodon":"0"},"categories":[76],"tags":[79,77,33,31,30,46,32,78],"class_list":["post-339187","post","type-post","status-publish","format-standard","has-post-thumbnail","category-talous","tag-business","tag-economy","tag-fi","tag-finland","tag-finnish","tag-helsingin-sanomat","tag-suomi","tag-talous"],"share_on_mastodon":{"url":"https:\/\/pubeurope.com\/@fi\/117198709805410795","error":""},"_links":{"self":[{"href":"https:\/\/www.europesays.com\/fi\/wp-json\/wp\/v2\/posts\/339187","targetHints":{"allow":["GET"]}}],"collection":[{"href":"https:\/\/www.europesays.com\/fi\/wp-json\/wp\/v2\/posts"}],"about":[{"href":"https:\/\/www.europesays.com\/fi\/wp-json\/wp\/v2\/types\/post"}],"author":[{"embeddable":true,"href":"https:\/\/www.europesays.com\/fi\/wp-json\/wp\/v2\/users\/2"}],"replies":[{"embeddable":true,"href":"https:\/\/www.europesays.com\/fi\/wp-json\/wp\/v2\/comments?post=339187"}],"version-history":[{"count":0,"href":"https:\/\/www.europesays.com\/fi\/wp-json\/wp\/v2\/posts\/339187\/revisions"}],"wp:featuredmedia":[{"embeddable":true,"href":"https:\/\/www.europesays.com\/fi\/wp-json\/wp\/v2\/media\/339188"}],"wp:attachment":[{"href":"https:\/\/www.europesays.com\/fi\/wp-json\/wp\/v2\/media?parent=339187"}],"wp:term":[{"taxonomy":"category","embeddable":true,"href":"https:\/\/www.europesays.com\/fi\/wp-json\/wp\/v2\/categories?post=339187"},{"taxonomy":"post_tag","embeddable":true,"href":"https:\/\/www.europesays.com\/fi\/wp-json\/wp\/v2\/tags?post=339187"}],"curies":[{"name":"wp","href":"https:\/\/api.w.org\/{rel}","templated":true}]}}