{"id":339191,"date":"2026-09-02T00:53:13","date_gmt":"2026-09-02T00:53:13","guid":{"rendered":"https:\/\/www.europesays.com\/fi\/339191\/"},"modified":"2026-09-02T00:53:13","modified_gmt":"2026-09-02T00:53:13","slug":"sahkoautojen-korjausaloite-etenee-eduskuntaan-mtv-uutiset","status":"publish","type":"post","link":"https:\/\/www.europesays.com\/fi\/339191\/","title":{"rendered":"S\u00e4hk\u00f6autojen korjausaloite etenee eduskuntaan | MTV Uutiset"},"content":{"rendered":"<p><strong class=\"typography-bold\">MTV Uutiset kertoi aiemmin, ett\u00e4 nykyisen ohjeistuksen pel\u00e4t\u00e4\u00e4n lopettavan akkujen korjaamisen Suomessa.<\/strong><\/p>\n<p>S\u00e4hk\u00f6- ja hybridiautojen turvalliseen korjaamiseen ja akkumoduulien uudelleenk\u00e4ytt\u00f6\u00f6n liittyv\u00e4 <a class=\"underline\" data-testid=\"external-link\" href=\"https:\/\/www.kansalaisaloite.fi\/fi\/aloite\/17856\" rel=\"noopener nofollow\" target=\"_blank\">kansalaisaloite<\/a> ker\u00e4si tarvittavat 50 000 allekirjoitusta vain muutamassa p\u00e4iv\u00e4ss\u00e4.<\/p>\n<p>28. elokuuta vireille laitettu aloite oli ker\u00e4nnyt alkuillasta 1. syyskuuta menness\u00e4 reilu 52 000 allekirjoitusta.<\/p>\n<p>Aloite kritisoi nykyisi\u00e4 akkukorjauksen ohjeistuksia.<\/p>\n<p>\u2013 Hein\u00e4kuussa 2026 julkaistu viranomaisohje on tehnyt riippumattomasta akkukorjauksesta k\u00e4yt\u00e4nn\u00f6ss\u00e4 mahdotonta, vaikka EU-s\u00e4\u00e4ntely nimenomaisesti tunnustaa riippumattoman korjaamisen, aloitetta perustellaan.<\/p>\n<p>\u2013 Ehdotamme, ett\u00e4 eduskunta edellytt\u00e4\u00e4 valtioneuvoston ryhtyv\u00e4n lainvalmisteluun, jolla s\u00e4hk\u00f6- ja hybridiautojen ajovoima-akkujen ja korkeaj\u00e4nnitej\u00e4rjestelmien korjaaminen sek\u00e4 akkumoduulien uudelleenk\u00e4ytt\u00f6 ja uudelleenk\u00e4yt\u00f6n valmistelu tehd\u00e4\u00e4n mahdolliseksi my\u00f6s riippumattomille korjaamoille.<\/p>\n<p>Lupa- ja valvontavirasto julkaisi hein\u00e4kuussa yhteisty\u00f6ss\u00e4 Tukesin ja Traficomin kanssa ohjeistuksen liittyen s\u00e4hk\u00f6- ja hybridiautojen akkujen korjaustoimintaan.<\/p>\n<p><a class=\"underline\" data-testid=\"external-link\" href=\"https:\/\/www.mtvuutiset.fi\/artikkeli\/uusi-ohje-uhkaa-lopettaa-sahkoautojen-akkujen-korjaamisen\/9386006\" rel=\"noopener nofollow\" target=\"_blank\">MTV Uutiset kertoi aiemmin<\/a>, ett\u00e4 uuden ohjeistuksen pel\u00e4t\u00e4\u00e4n lopettavan akkujen korjaamisen Suomessa.<\/p>\n<p>Ohjeistuksessa akut, joita aiemmin on pystytty korjaamaan tai joista on pystytty ottamaan varaosia korjaukseen, tulkitaan niin sanotuiksi &#8221;j\u00e4teakuiksi&#8221;.\u00a0<\/p>\n<p>Katso my\u00f6s aiempi uutisjuttu aiheesta: Lopettaako uusi ohjeistus s\u00e4hk\u00f6autojen akkujen korjauksen?<\/p>\n","protected":false},"excerpt":{"rendered":"MTV Uutiset kertoi aiemmin, ett\u00e4 nykyisen ohjeistuksen pel\u00e4t\u00e4\u00e4n lopettavan akkujen korjaamisen Suomessa. S\u00e4hk\u00f6- ja hybridiautojen turvalliseen korjaamiseen ja&hellip;\n","protected":false},"author":2,"featured_media":339192,"comment_status":"","ping_status":"","sticky":false,"template":"","format":"standard","meta":{"footnotes":"","_share_on_mastodon":"0"},"categories":[12],"tags":[22,23,26,27,33,31,30,17,24,25,28,29,15,18,21,32,19,20,16],"class_list":["post-339191","post","type-post","status-publish","format-standard","has-post-thumbnail","category-suomi","tag-breaking-news","tag-breakingnews","tag-featured-news","tag-featurednews","tag-fi","tag-finland","tag-finnish","tag-headlines","tag-latest-news","tag-latestnews","tag-main-news","tag-mainnews","tag-news","tag-otsikot","tag-paauutiset","tag-suomi","tag-top-stories","tag-topstories","tag-uutiset"],"share_on_mastodon":{"url":"https:\/\/pubeurope.com\/@fi\/117198717228371125","error":""},"_links":{"self":[{"href":"https:\/\/www.europesays.com\/fi\/wp-json\/wp\/v2\/posts\/339191","targetHints":{"allow":["GET"]}}],"collection":[{"href":"https:\/\/www.europesays.com\/fi\/wp-json\/wp\/v2\/posts"}],"about":[{"href":"https:\/\/www.europesays.com\/fi\/wp-json\/wp\/v2\/types\/post"}],"author":[{"embeddable":true,"href":"https:\/\/www.europesays.com\/fi\/wp-json\/wp\/v2\/users\/2"}],"replies":[{"embeddable":true,"href":"https:\/\/www.europesays.com\/fi\/wp-json\/wp\/v2\/comments?post=339191"}],"version-history":[{"count":0,"href":"https:\/\/www.europesays.com\/fi\/wp-json\/wp\/v2\/posts\/339191\/revisions"}],"wp:featuredmedia":[{"embeddable":true,"href":"https:\/\/www.europesays.com\/fi\/wp-json\/wp\/v2\/media\/339192"}],"wp:attachment":[{"href":"https:\/\/www.europesays.com\/fi\/wp-json\/wp\/v2\/media?parent=339191"}],"wp:term":[{"taxonomy":"category","embeddable":true,"href":"https:\/\/www.europesays.com\/fi\/wp-json\/wp\/v2\/categories?post=339191"},{"taxonomy":"post_tag","embeddable":true,"href":"https:\/\/www.europesays.com\/fi\/wp-json\/wp\/v2\/tags?post=339191"}],"curies":[{"name":"wp","href":"https:\/\/api.w.org\/{rel}","templated":true}]}}