{"id":339193,"date":"2026-09-02T00:54:09","date_gmt":"2026-09-02T00:54:09","guid":{"rendered":"https:\/\/www.europesays.com\/fi\/339193\/"},"modified":"2026-09-02T00:54:09","modified_gmt":"2026-09-02T00:54:09","slug":"varusmiehia-altistui-melulle-harjoituksessa-uutissuomalainen","status":"publish","type":"post","link":"https:\/\/www.europesays.com\/fi\/339193\/","title":{"rendered":"Varusmiehi\u00e4 altistui melulle harjoituksessa | Uutissuomalainen"},"content":{"rendered":"<p>Karelian Stronghold 26 -paikallispuolustusharjoitukseen osallistuvia varusmiehi\u00e4 altistui melulle tiistaina, tiedottaa Karjalan prikaati.<\/p>\n<p>Paukkupatruunan melu tuli rynn\u00e4kk\u00f6kiv\u00e4\u00e4rin vahingonlaukauksesta.<\/p>\n<p>Harjoituksen terveydenhoitohenkil\u00f6st\u00f6 tarkisti kaikki paikalla olleet varusmiehet ja he ovat palanneet harjoitukseen.<\/p>\n<p>Varusmiehet ovat my\u00f6s voineet olla yhteydess\u00e4 l\u00e4heisiins\u00e4.<\/p>\n","protected":false},"excerpt":{"rendered":"Karelian Stronghold 26 -paikallispuolustusharjoitukseen osallistuvia varusmiehi\u00e4 altistui melulle tiistaina, tiedottaa Karjalan prikaati. Paukkupatruunan melu tuli rynn\u00e4kk\u00f6kiv\u00e4\u00e4rin vahingonlaukauksesta. Harjoituksen&hellip;\n","protected":false},"author":2,"featured_media":339194,"comment_status":"","ping_status":"","sticky":false,"template":"","format":"standard","meta":{"footnotes":"","_share_on_mastodon":"0"},"categories":[5],"tags":[802,804,22,23,26,27,33,31,30,17,24,25,803,28,29,15,18,21,878,2535,6241,32,19,20,2534,16],"class_list":["post-339193","post","type-post","status-publish","format-standard","has-post-thumbnail","category-otsikot","tag-armeijat-ja-aseelliset-joukot","tag-aseelliset-konfliktit","tag-breaking-news","tag-breakingnews","tag-featured-news","tag-featurednews","tag-fi","tag-finland","tag-finnish","tag-headlines","tag-latest-news","tag-latestnews","tag-levottomuudet-ja-sodat","tag-main-news","tag-mainnews","tag-news","tag-otsikot","tag-paauutiset","tag-puolustus-ja-rajavalvonta-maanpuolustus","tag-puolustuspolitiikka","tag-sotilaat","tag-suomi","tag-top-stories","tag-topstories","tag-turvallisuuspolitiikka","tag-uutiset"],"share_on_mastodon":{"url":"https:\/\/pubeurope.com\/@fi\/117198721311518118","error":""},"_links":{"self":[{"href":"https:\/\/www.europesays.com\/fi\/wp-json\/wp\/v2\/posts\/339193","targetHints":{"allow":["GET"]}}],"collection":[{"href":"https:\/\/www.europesays.com\/fi\/wp-json\/wp\/v2\/posts"}],"about":[{"href":"https:\/\/www.europesays.com\/fi\/wp-json\/wp\/v2\/types\/post"}],"author":[{"embeddable":true,"href":"https:\/\/www.europesays.com\/fi\/wp-json\/wp\/v2\/users\/2"}],"replies":[{"embeddable":true,"href":"https:\/\/www.europesays.com\/fi\/wp-json\/wp\/v2\/comments?post=339193"}],"version-history":[{"count":0,"href":"https:\/\/www.europesays.com\/fi\/wp-json\/wp\/v2\/posts\/339193\/revisions"}],"wp:featuredmedia":[{"embeddable":true,"href":"https:\/\/www.europesays.com\/fi\/wp-json\/wp\/v2\/media\/339194"}],"wp:attachment":[{"href":"https:\/\/www.europesays.com\/fi\/wp-json\/wp\/v2\/media?parent=339193"}],"wp:term":[{"taxonomy":"category","embeddable":true,"href":"https:\/\/www.europesays.com\/fi\/wp-json\/wp\/v2\/categories?post=339193"},{"taxonomy":"post_tag","embeddable":true,"href":"https:\/\/www.europesays.com\/fi\/wp-json\/wp\/v2\/tags?post=339193"}],"curies":[{"name":"wp","href":"https:\/\/api.w.org\/{rel}","templated":true}]}}