{"id":339207,"date":"2026-09-02T01:39:13","date_gmt":"2026-09-02T01:39:13","guid":{"rendered":"https:\/\/www.europesays.com\/fi\/339207\/"},"modified":"2026-09-02T01:39:13","modified_gmt":"2026-09-02T01:39:13","slug":"mm-kisakavija-pyssytti-liigan-pisteporssin-karkeen-todellinen-yllattaja-koputtelee-kantapaille-urheilu","status":"publish","type":"post","link":"https:\/\/www.europesays.com\/fi\/339207\/","title":{"rendered":"MM-kisak\u00e4vij\u00e4 pyssytti Liigan pistep\u00f6rssin k\u00e4rkeen \u2013 todellinen yll\u00e4tt\u00e4j\u00e4 koputtelee kantap\u00e4ille | Urheilu"},"content":{"rendered":"<p>Maalihanat saatiin toden teolla auki muuallakin kuin Vaasan Sportin ja Helsingin Jokerien v\u00e4lisess\u00e4 ottelussa j\u00e4\u00e4kiekon Liigan avauskierroksella. HPK:n <strong>Sami P\u00e4iv\u00e4rinta<\/strong> nousi kierroksen ykk\u00f6st\u00e4hdeksi m\u00e4tetty\u00e4\u00e4n 3+1 Mikkelin Jukureita vastaan.<\/p>\n<p>P\u00e4iv\u00e4rinta v\u00e4l\u00e4ytteli jo viime kaudella. H\u00e4n naulasi kaikkiaan 41 tehopistett\u00e4 ja sai menolipun maajoukkueleiritykseen MM-kisojen alla.<\/p>\n<p>Kisapassi j\u00e4i leimaamatta, mutta P\u00e4iv\u00e4rinta <a href=\"https:\/\/www.jatkoaika.com\/Uutiset\/Sami-P%C3%A4iv%C3%A4rinta-sittenkin-MM-kisoihin-%E2%80%93-Nousee-loukkaantuneen-Eemil-Erholtzin-tilalle\/269808\" rel=\"nofollow noopener\" target=\"_blank\">palautettiin kisajoukkueeseen<\/a> <strong>Eemil Erholtzin<\/strong> loukkaannuttua. P\u00e4iv\u00e4rinnalle ei lopulta kertynyt yht\u00e4\u00e4n peli\u00e4 MM-kultajoukkueessa.<\/p>\n<p>Liiga koosti viestipalvelu X:n p\u00e4ivitykseens\u00e4 P\u00e4iv\u00e4rinnan maalit:<\/p>\n<p>Pistep\u00f6rssin toista sijaa hallussaan pit\u00e4v\u00e4t 1+2 mieheen tehneet Jokerien <strong>Emil Kuusla<\/strong> ja SaiPan <strong>Santeri Airola<\/strong>. Kuusla siirtyi nimenomaan SaiPasta Jokereihin t\u00e4ksi kaudeksi.<\/p>\n<p>Kuusla, 21, marinoitui Liiga-tasolle SaiPassa, mutta pistenikkariksi h\u00e4nt\u00e4 ei voi viel\u00e4 kutsua. Tulokaskauden pistekertym\u00e4 oli 27 tehopistett\u00e4.<\/p>\n<p>Puolustaja Airola otti vastuuta SaiPassa viime kaudella ja nakutti enn\u00e4tyspisteens\u00e4 11+23=34.<\/p>\n<p>Viime kaudella Tapparassa hurjastelleet <strong>Benjamin Rautiainen<\/strong> ja <strong>Joachim Blichfeld<\/strong> eiv\u00e4t hurjastelleet avauskierroksella. Kumpikin sai yhden tehopisteen SaiPaa vastaan.<\/p>\n","protected":false},"excerpt":{"rendered":"Maalihanat saatiin toden teolla auki muuallakin kuin Vaasan Sportin ja Helsingin Jokerien v\u00e4lisess\u00e4 ottelussa j\u00e4\u00e4kiekon Liigan avauskierroksella. HPK:n&hellip;\n","protected":false},"author":2,"featured_media":339208,"comment_status":"","ping_status":"","sticky":false,"template":"","format":"standard","meta":{"footnotes":"","_share_on_mastodon":"0"},"categories":[158],"tags":[1144,33,31,30,104,1143,41,685,159,32,1145,160,2974],"class_list":["post-339207","post","type-post","status-publish","format-standard","has-post-thumbnail","category-urheilu","tag-ammattilaisjaakiekko","tag-fi","tag-finland","tag-finnish","tag-helsinki","tag-jaakiekko","tag-liikunta-ja-urheilu","tag-mikkeli","tag-sports","tag-suomi","tag-talviurheilu","tag-urheilu","tag-vaasan-sport"],"share_on_mastodon":{"url":"https:\/\/pubeurope.com\/@fi\/117198898260923343","error":""},"_links":{"self":[{"href":"https:\/\/www.europesays.com\/fi\/wp-json\/wp\/v2\/posts\/339207","targetHints":{"allow":["GET"]}}],"collection":[{"href":"https:\/\/www.europesays.com\/fi\/wp-json\/wp\/v2\/posts"}],"about":[{"href":"https:\/\/www.europesays.com\/fi\/wp-json\/wp\/v2\/types\/post"}],"author":[{"embeddable":true,"href":"https:\/\/www.europesays.com\/fi\/wp-json\/wp\/v2\/users\/2"}],"replies":[{"embeddable":true,"href":"https:\/\/www.europesays.com\/fi\/wp-json\/wp\/v2\/comments?post=339207"}],"version-history":[{"count":0,"href":"https:\/\/www.europesays.com\/fi\/wp-json\/wp\/v2\/posts\/339207\/revisions"}],"wp:featuredmedia":[{"embeddable":true,"href":"https:\/\/www.europesays.com\/fi\/wp-json\/wp\/v2\/media\/339208"}],"wp:attachment":[{"href":"https:\/\/www.europesays.com\/fi\/wp-json\/wp\/v2\/media?parent=339207"}],"wp:term":[{"taxonomy":"category","embeddable":true,"href":"https:\/\/www.europesays.com\/fi\/wp-json\/wp\/v2\/categories?post=339207"},{"taxonomy":"post_tag","embeddable":true,"href":"https:\/\/www.europesays.com\/fi\/wp-json\/wp\/v2\/tags?post=339207"}],"curies":[{"name":"wp","href":"https:\/\/api.w.org\/{rel}","templated":true}]}}