{"id":339215,"date":"2026-09-02T01:45:14","date_gmt":"2026-09-02T01:45:14","guid":{"rendered":"https:\/\/www.europesays.com\/fi\/339215\/"},"modified":"2026-09-02T01:45:14","modified_gmt":"2026-09-02T01:45:14","slug":"al-suorat-lennot-tampereelta-malagaan-loppuvat","status":"publish","type":"post","link":"https:\/\/www.europesays.com\/fi\/339215\/","title":{"rendered":"AL: Suorat lennot Tampereelta Malagaan loppuvat"},"content":{"rendered":"<p>Viel\u00e4 kolme vuotta sitten Tampereelta p\u00e4\u00e4si lent\u00e4m\u00e4\u00e4n useaan ulkomaankohteeseen.<\/p>\n<p><img decoding=\"async\" src=\"https:\/\/www.europesays.com\/fi\/wp-content\/uploads\/2026\/09\/1788313514_709_468.jpg\" alt=\"Airbaltic on ollut pitk\u00e4\u00e4n talousvaikeuksissa.\" class=\"_Img_1rerz_1\" style=\"aspect-ratio:1920\/1080\" loading=\"eager\"\/><\/p>\n<p class=\"font-(family-name:--picture-caption-font-family) text-(length:--picture-caption-font-size) leading-(--picture-caption-leading) font-(--picture-caption-font-weight) text-(color:--picture-caption-color)\">Airbaltic on ollut pitk\u00e4\u00e4n talousvaikeuksissa. Kuva:\u00a0Ints Kalnins<\/p>\n<p>1.9. 19:44<\/p>\n<p class=\"article-body mb-(--paragraph-margin-b) px-nof-16\">Lentoyhti\u00f6 Airbaltic lopettaa suorat lennot Tampere-Pirkkalan lentokent\u00e4lt\u00e4 Espanjan Malagaan, kertoo <a class=\"underline underline-offset-[0.12em] [text-decoration-thickness:var(--generic-link-underline-thickness)] [text-decoration-color:var(--generic-link-underline-color)] [text-decoration-skip-ink:var(--generic-link-underline-skip-ink)] break-words italic\" href=\"https:\/\/www.aamulehti.fi\/talous\/art-2000012245838.html\" rel=\"nofollow noopener\" target=\"_blank\">Aamulehti<\/a>.<\/p>\n<p class=\"article-body mb-(--paragraph-margin-b) px-nof-16\">Business Tampereen lentoliikenteen erityisasiantuntija <a class=\"font-bold underline-offset-[0.12em] [text-decoration:var(--person-link-text-decoration)] [text-decoration-color:var(--person-link-text-decoration-color)]!\" href=\"https:\/\/www.is.fi\/haku\/?query=Marja%20Aalto\" rel=\"nofollow noopener\" target=\"_blank\">Marja Aalto<\/a> kertoo AL:lle, ett\u00e4 taustalla on talousvaikeuksien kanssa painivan Airbalticin s\u00e4\u00e4st\u00f6ohjelma sek\u00e4 korkeat polttoainekustannukset.<\/p>\n<p class=\"article-body mb-(--paragraph-margin-b) px-nof-16\">\u2013 T\u00e4m\u00e4 on hirmu ik\u00e4v\u00e4 uutinen, Aalto toteaa AL:lle.<\/p>\n<p class=\"article-body mb-(--paragraph-margin-b) px-nof-16\">Aallon mukaan Tampere\u2013Malaga-reitti on ollut suosittu ja lennot ovat olleet k\u00e4yt\u00e4nn\u00f6ss\u00e4 t\u00e4ynn\u00e4. Riikaan lennet\u00e4\u00e4n tulevaisuudessa kahdesti p\u00e4iv\u00e4ss\u00e4, Aalto kertoo AL:lle.<\/p>\n<p class=\"article-body mb-(--paragraph-margin-b) px-nof-16\">Airbalticin p\u00e4\u00e4t\u00f6s tarkoittaa k\u00e4yt\u00e4nn\u00f6ss\u00e4, ett\u00e4 suorat lennot loppuvat kokonaan. <a class=\"underline underline-offset-[0.12em] [text-decoration-thickness:var(--generic-link-underline-thickness)] [text-decoration-color:var(--generic-link-underline-color)] [text-decoration-skip-ink:var(--generic-link-underline-skip-ink)] break-words\" href=\"https:\/\/www.finavia.fi\/fi\/uutishuone\/2026\/reittilistaus-minne-finavian-lentoasemilta-voi-lentaa-kesalla-ja-syksylla-2026?utm_source=chatgpt.com\" rel=\"nofollow noopener\" target=\"_blank\">Finavian <\/a>mukaan t\u00e4ll\u00e4 hetkell\u00e4 Tampereelta lennet\u00e4\u00e4n ulkomaisista kohteista ainoastaan Malagaan sek\u00e4 Riikaan.<\/p>\n<p class=\"article-body mb-(--paragraph-margin-b) px-nof-16\">Viel\u00e4 <a class=\"underline underline-offset-[0.12em] [text-decoration-thickness:var(--generic-link-underline-thickness)] [text-decoration-color:var(--generic-link-underline-color)] [text-decoration-skip-ink:var(--generic-link-underline-skip-ink)] break-words\" href=\"https:\/\/www.is.fi\/taloussanomat\/art-2000010037204.html\" rel=\"nofollow noopener\" target=\"_blank\">vuonna 2023<\/a> Airbaltic lensi Tampereelta Malagan ja Riikan lis\u00e4ksi Teneriffalle, Gran Canarialle, Tallinnaan, K\u00f6\u00f6penhaminaan, Amsterdamiin ja Rodokselle.<\/p>\n<p class=\"article-body mb-(--paragraph-margin-b) px-nof-16\">Latvian kansallinen lentoyhti\u00f6 Airbaltic on ollut talousongelmissa pitk\u00e4\u00e4n. Lentoyhti\u00f6 on tehnyt tappiota nelj\u00e4n\u00e4 viimeisest\u00e4 viidest\u00e4 vuodesta, lukuun ottamatta vuotta 2023, kertoo Latvian <a class=\"underline underline-offset-[0.12em] [text-decoration-thickness:var(--generic-link-underline-thickness)] [text-decoration-color:var(--generic-link-underline-color)] [text-decoration-skip-ink:var(--generic-link-underline-skip-ink)] break-words\" href=\"https:\/\/www.lrt.lt\/en\/news-in-english\/19\/3019261\/not-doomed-but-very-risky-airbaltic-s-financial-troubles-deepen-as-s-p-cuts-credit-rating?srsltid=AfmBOorHSGk6Fb5GM2ZNdMxL_vshuNUNW8eSH2EsjovIDEz0qScqr-8D\" rel=\"nofollow noopener\" target=\"_blank\">yleisradioyhti\u00f6 LRT<\/a>.<\/p>\n<p class=\"article-body mb-(--paragraph-margin-b) px-nof-16\">Elokuussa yhti\u00f6 <a class=\"underline underline-offset-[0.12em] [text-decoration-thickness:var(--generic-link-underline-thickness)] [text-decoration-color:var(--generic-link-underline-color)] [text-decoration-skip-ink:var(--generic-link-underline-skip-ink)] break-words\" href=\"https:\/\/company.airbaltic.com\/en\/newsroom?press=2026\/airbaltic-outlines-its-business-plan-to-strengthen-long-term-sustainability\" rel=\"nofollow noopener\" target=\"_blank\">kertoi <\/a>v\u00e4hent\u00e4v\u00e4ns\u00e4 lentolaivastoaan 54 lentokoneesta 36 lentokoneeseen vuoden loppuun menness\u00e4.<\/p>\n","protected":false},"excerpt":{"rendered":"Viel\u00e4 kolme vuotta sitten Tampereelta p\u00e4\u00e4si lent\u00e4m\u00e4\u00e4n useaan ulkomaankohteeseen. Airbaltic on ollut pitk\u00e4\u00e4n talousvaikeuksissa. Kuva:\u00a0Ints Kalnins 1.9. 19:44&hellip;\n","protected":false},"author":2,"featured_media":339216,"comment_status":"","ping_status":"","sticky":false,"template":"","format":"standard","meta":{"footnotes":"","_share_on_mastodon":"0"},"categories":[12],"tags":[22,23,26,27,33,31,30,17,34,24,25,28,29,15,18,21,32,19,20,16],"class_list":["post-339215","post","type-post","status-publish","format-standard","has-post-thumbnail","category-suomi","tag-breaking-news","tag-breakingnews","tag-featured-news","tag-featurednews","tag-fi","tag-finland","tag-finnish","tag-headlines","tag-ilta-sanomat","tag-latest-news","tag-latestnews","tag-main-news","tag-mainnews","tag-news","tag-otsikot","tag-paauutiset","tag-suomi","tag-top-stories","tag-topstories","tag-uutiset"],"share_on_mastodon":{"url":"https:\/\/pubeurope.com\/@fi\/117198922406526675","error":""},"_links":{"self":[{"href":"https:\/\/www.europesays.com\/fi\/wp-json\/wp\/v2\/posts\/339215","targetHints":{"allow":["GET"]}}],"collection":[{"href":"https:\/\/www.europesays.com\/fi\/wp-json\/wp\/v2\/posts"}],"about":[{"href":"https:\/\/www.europesays.com\/fi\/wp-json\/wp\/v2\/types\/post"}],"author":[{"embeddable":true,"href":"https:\/\/www.europesays.com\/fi\/wp-json\/wp\/v2\/users\/2"}],"replies":[{"embeddable":true,"href":"https:\/\/www.europesays.com\/fi\/wp-json\/wp\/v2\/comments?post=339215"}],"version-history":[{"count":0,"href":"https:\/\/www.europesays.com\/fi\/wp-json\/wp\/v2\/posts\/339215\/revisions"}],"wp:featuredmedia":[{"embeddable":true,"href":"https:\/\/www.europesays.com\/fi\/wp-json\/wp\/v2\/media\/339216"}],"wp:attachment":[{"href":"https:\/\/www.europesays.com\/fi\/wp-json\/wp\/v2\/media?parent=339215"}],"wp:term":[{"taxonomy":"category","embeddable":true,"href":"https:\/\/www.europesays.com\/fi\/wp-json\/wp\/v2\/categories?post=339215"},{"taxonomy":"post_tag","embeddable":true,"href":"https:\/\/www.europesays.com\/fi\/wp-json\/wp\/v2\/tags?post=339215"}],"curies":[{"name":"wp","href":"https:\/\/api.w.org\/{rel}","templated":true}]}}