{"id":339217,"date":"2026-09-02T01:46:22","date_gmt":"2026-09-02T01:46:22","guid":{"rendered":"https:\/\/www.europesays.com\/fi\/339217\/"},"modified":"2026-09-02T01:46:22","modified_gmt":"2026-09-02T01:46:22","slug":"raportti-vaikea-avaus-kaudelle-espoossa","status":"publish","type":"post","link":"https:\/\/www.europesays.com\/fi\/339217\/","title":{"rendered":"Raportti: Vaikea avaus kaudelle Espoossa"},"content":{"rendered":"<p><strong>Liigan runkosarja, 1.9.2026: Kiekko-Espoo \u2013 KalPa 5\u20131 (0\u20130, 3\u20130, 2\u20131) | Tilastot <a data-cke-saved-href=\"https:\/\/m.liiga.fi\/fi\/peli\/2027\/2701275\/seuranta?koti=k-espoo&amp;vieras=kalpa&amp;paiva=01092026\" href=\"https:\/\/m.liiga.fi\/fi\/peli\/2027\/2701275\/seuranta?koti=k-espoo&amp;vieras=kalpa&amp;paiva=01092026\" rel=\"nofollow noopener\" target=\"_blank\">t\u00e4\u00e4lt\u00e4<\/a>.<\/strong><\/p>\n<p>KalPan Liiga-kausi alkoi vaikeasti, kun Kiekko-Espoo oli tyly is\u00e4nt\u00e4 Tapiolan tiistai-illassa. Pisteet j\u00e4iv\u00e4t p\u00e4\u00e4kaupunkiseudulle maalein 5\u20131.<\/p>\n<p>Espoon areenaan saapunut runsaslukuinen yleis\u00f6 sai kiekon putoamisesta saakka todistaa nopeatempoista, fyysist\u00e4 ja mielenkiintoista taitokiekkoa. Ensimm\u00e4iseen maalipaikkaan p\u00e4\u00e4si kiinni kotijoukkue, mutta <strong>Stefanos Lekkas <\/strong>piti pintansa ver\u00e4j\u00e4ll\u00e4\u00e4n. My\u00f6s KalPa oli mainiosti pelin syrj\u00e4ss\u00e4 kiinni, ja se p\u00e4\u00e4sikin ensimm\u00e4isen\u00e4 ylivoimalle <strong>Connor Corcoranin <\/strong>est\u00e4misj\u00e4\u00e4hyn my\u00f6t\u00e4.<\/p>\n<p>Kauden ensimm\u00e4inen ylivoima oli vahvaa esityst\u00e4, mutta maalivahti <strong>Petteri Rimpinen <\/strong>ei antautunut. Pian t\u00e4m\u00e4n j\u00e4lkeen <strong>Tuukka Korkiakoski <\/strong>ja <strong>Iikka Kangasniemi <\/strong>taitelivat toisensa j\u00e4\u00e4hyboksiin synkronoidusti. Peli oli siis paitsi tapahtumarikas, mutta my\u00f6s l\u00e4mmintunnelmainen \u2013 eik\u00e4 ainoastaan alkusyksyn s\u00e4\u00e4st\u00e4 johtuen. Fyysisyytt\u00e4 ei puuttunut.<\/p>\n<p>Ensimm\u00e4iselle er\u00e4tauolle l\u00e4hdettiin espoolaisis\u00e4ntien hienoisen hallinnan johdosta. KalPa johti kiekonhallintatilastoa, mutta Kiekko-Espoo sai Lekkasin maalia kohti per\u00e4ti kuusi laukausta. Rimpinen selvisi kahdella kopilla.<\/p>\n<p>Toiseen er\u00e4\u00e4n kotijoukkue sai hurmion p\u00e4\u00e4lle, ja KalPan hy\u00f6kk\u00e4ystilanteiden luominen oli ty\u00f6n ja tuskan takana. Lekkas joutui paineen alle hyvin nopeasti repaleisen puolustuspelin vuoksi, ja se kostautui pian. Punalamppu syttyi ajassa 24:09, kun keskelt\u00e4 l\u00e4pi purjehtinut <strong>Arttu Tuomaala <\/strong>p\u00e4\u00e4si laukomaan peliv\u00e4lineen ohi vahdin.<\/p>\n<p>Ensimm\u00e4inen konkreettinen takaisku oli kuopiolaisille vaikea paikka, sill\u00e4 se tukkeutti joukkueen hy\u00f6kk\u00e4yspelaamista entisest\u00e4\u00e4n. Kruunupaidat hallitsivat kiekkoa suveraanisti, ja KalPalla oli tilanteensa vain paikoittain. Rimpinen joutui koppaamaan kiekon vain kahteen otteeseen, mutta Lekkasin torjuntasarakkeessa mentiin jo kohti toista kymmenyst\u00e4. Veskari olikin joukkueen kantava voima toisessa er\u00e4ss\u00e4.<\/p>\n<p>Toisen er\u00e4n viime minuuteilla, tarkalleen ottaen ajassa 38:38, oli Kiekko-Espoon aika rokottaa vieraitaan toistamiseen. <strong>Mathias Fromin <\/strong>kihautus vaati tuomaristolta videotarkistuksen, mutta osuma hyv\u00e4ksyttiin nopeasti. Ennen er\u00e4taukoa n\u00e4htiin viel\u00e4 yksi osuma, josta vastasi<strong> Lukas Svejkovsky<\/strong>. <strong>Kasper Kotkansalon <\/strong>loistavasta sy\u00f6t\u00f6st\u00e4 syntynyt maali syntyi vain yhdeks\u00e4n sekuntia ennen er\u00e4n loppua.<\/p>\n<p>Kolmas er\u00e4 alkoi ysk\u00e4hdellen, kun <strong>Konsta Kapasen <\/strong>j\u00e4\u00e4hy poikittaisesta mailasta antoi is\u00e4nnille ylivoiman jo toisella peliminuutilla. Kiekko-Espoon ylivoima kaatui kuitenkin my\u00f6skin j\u00e4\u00e4hyilyyn <strong>Kristian N\u00e4kyv\u00e4n <\/strong>l\u00e4hdetty\u00e4 kuluttamaan puupenkki\u00e4 kiinnipit\u00e4misest\u00e4. Tasavajaalla tahkoamista ei pitk\u00e4\u00e4n kest\u00e4nyt, kun <strong>Joonas Lyytinen <\/strong>rikkoi puolustusalueella rangaistuslaukauksen arvoisesti. <strong>Linus \u00d6berg <\/strong>ei ep\u00e4r\u00f6inyt k\u00e4ytt\u00e4\u00e4 tilaisuutta hy\u00f6dykseen, ja is\u00e4nn\u00e4t painelivat jo nelj\u00e4n maalin karkumatkalle.<\/p>\n<p>KalPa sai parikin hyv\u00e4\u00e4 aihiota hy\u00f6kk\u00e4ysp\u00e4\u00e4ss\u00e4, ja <strong>Ville Ruotsalainen <\/strong>p\u00e4\u00e4si avaamaan joukkueen maalitilin t\u00e4m\u00e4n sesongin osalta ajassa 45:10. H\u00e4nen kavennusmaaliinsa sy\u00f6tt\u00f6pisteen mieheen ker\u00e4siv\u00e4t <strong>Cade Borchardt <\/strong>sek\u00e4 <strong>Jaakko Rissanen<\/strong>. Pian tarjolla oli paikka lis\u00e4kavennukselle espoolaisten otettua kaksikin joukkuerangaistusta. N\u00e4m\u00e4 tilaisuudet eiv\u00e4t kuitenkaan tulleet koskaan hy\u00f6dynnetyiksi.<\/p>\n<p>Kotijoukkue osoittautui liian kovaksi palaksi kauden avausottelussa, eik\u00e4 KalPa p\u00e4\u00e4ssyt haastamaan espoolaisia sen enemp\u00e4\u00e4. Loppulukemat 5\u20131 l\u00f6i ylivoimalla Svejkovsky, kun pelikello n\u00e4ytti aikaa 56:59.<\/p>\n<p>Runkosarjan avausviikko jatkuu perjantaina 4.9., kun Olvi Areenalle saapuu vieraaksi rakas naapuriseura Jukurit. Itse ottelu alkaa klo 18.30, mutta ovet avataan jo klo 17.00 \u2013 kauden ensimm\u00e4inen kotiottelu on perhepeli!<\/p>\n<p>Ottelutapahtumassa on perheen pienimpi\u00e4 viihdytt\u00e4m\u00e4ss\u00e4 pomppulinna, onnenpy\u00f6r\u00e4 sek\u00e4 paljon muuta. Lis\u00e4ksi lasten istumapaikkaliput ovat alkaen vain<strong> 7 \u20ac <\/strong>(norm. 15 \u20ac)!<\/p>\n","protected":false},"excerpt":{"rendered":"Liigan runkosarja, 1.9.2026: Kiekko-Espoo \u2013 KalPa 5\u20131 (0\u20130, 3\u20130, 2\u20131) | Tilastot t\u00e4\u00e4lt\u00e4. KalPan Liiga-kausi alkoi vaikeasti, kun&hellip;\n","protected":false},"author":2,"featured_media":339218,"comment_status":"","ping_status":"","sticky":false,"template":"","format":"standard","meta":{"footnotes":"","_share_on_mastodon":"0"},"categories":[5],"tags":[22,23,26,27,33,31,30,17,24,25,28,29,15,18,21,32,19,20,16],"class_list":["post-339217","post","type-post","status-publish","format-standard","has-post-thumbnail","category-otsikot","tag-breaking-news","tag-breakingnews","tag-featured-news","tag-featurednews","tag-fi","tag-finland","tag-finnish","tag-headlines","tag-latest-news","tag-latestnews","tag-main-news","tag-mainnews","tag-news","tag-otsikot","tag-paauutiset","tag-suomi","tag-top-stories","tag-topstories","tag-uutiset"],"share_on_mastodon":{"url":"https:\/\/pubeurope.com\/@fi\/117198925694251591","error":""},"_links":{"self":[{"href":"https:\/\/www.europesays.com\/fi\/wp-json\/wp\/v2\/posts\/339217","targetHints":{"allow":["GET"]}}],"collection":[{"href":"https:\/\/www.europesays.com\/fi\/wp-json\/wp\/v2\/posts"}],"about":[{"href":"https:\/\/www.europesays.com\/fi\/wp-json\/wp\/v2\/types\/post"}],"author":[{"embeddable":true,"href":"https:\/\/www.europesays.com\/fi\/wp-json\/wp\/v2\/users\/2"}],"replies":[{"embeddable":true,"href":"https:\/\/www.europesays.com\/fi\/wp-json\/wp\/v2\/comments?post=339217"}],"version-history":[{"count":0,"href":"https:\/\/www.europesays.com\/fi\/wp-json\/wp\/v2\/posts\/339217\/revisions"}],"wp:featuredmedia":[{"embeddable":true,"href":"https:\/\/www.europesays.com\/fi\/wp-json\/wp\/v2\/media\/339218"}],"wp:attachment":[{"href":"https:\/\/www.europesays.com\/fi\/wp-json\/wp\/v2\/media?parent=339217"}],"wp:term":[{"taxonomy":"category","embeddable":true,"href":"https:\/\/www.europesays.com\/fi\/wp-json\/wp\/v2\/categories?post=339217"},{"taxonomy":"post_tag","embeddable":true,"href":"https:\/\/www.europesays.com\/fi\/wp-json\/wp\/v2\/tags?post=339217"}],"curies":[{"name":"wp","href":"https:\/\/api.w.org\/{rel}","templated":true}]}}